{"id":15320,"date":"2025-10-20T23:35:44","date_gmt":"2025-10-20T21:35:44","guid":{"rendered":"https:\/\/pasaenmendoza.com\/?p=15320"},"modified":"2025-10-20T23:36:04","modified_gmt":"2025-10-20T21:36:04","slug":"omar-asad-sera-el-nuevo-entrenador-de-godoy-cruz-en-reemplazo-de-ribonetto","status":"publish","type":"post","link":"https:\/\/pasaenmendoza.com\/?p=15320","title":{"rendered":"Omar Asad ser\u00e1 el nuevo entrenador de Godoy Cruz en reemplazo de Ribonetto"},"content":{"rendered":"\n<p>Este lunes se cerr\u00f3 una p\u00e1gina en<strong>\u00a0Godoy Cruz\u00a0<\/strong>tras la salida de\u00a0<strong>Water Ribonetto<\/strong>, a quien la comisi\u00f3n directiva tombina le habr\u00eda comunicado la decisi\u00f3n de que no siguiera al frente del plantel. Sin embargo, ya hay un DT que est\u00e1 a un paso de hacerse cargo del equipo de cara a la final ante San Mart\u00edn de San Juan.<\/p>\n\n\n\n<p>Se trata ni m\u00e1s ni menos del\u00a0<strong>Turco Omar Asad,<\/strong>\u00a0quien llegar\u00e1 este martes a Mendoza para firmar con el club tombino.\u00a0<\/p>\n\n\n\n<p>Todav\u00eda no hay confirmaci\u00f3n oficial sobre la llegada del DT, pero en las pr\u00f3ximas horas la entidad tombina comunicar\u00eda la decisi\u00f3n. Ya en las redes sociales Asad ha ocupado importantes espacios.<\/p>\n\n\n\n<p>El ex delantero de V\u00e9lez estar\u00eda acompa\u00f1ado en el cuerpo t\u00e9cnico por el<strong>&nbsp;Mago David Ram\u00edrez,&nbsp;<\/strong>quien dej\u00f3 una huella cuando fue jugador del Expreso y adem\u00e1s en el futuro se sumar\u00edan otros ex futbolistas de<strong>&nbsp;Godoy Cruz&nbsp;<\/strong>para darle un mayor sentido de pertenencia al grupo de trabajo.<\/p>\n\n\n\n<p>Omar Asad viene de dirigir en Ecuador.<\/p>\n\n\n\n<p><strong>Fuente: www.diariouno.com.ar<\/strong><\/p>\n","protected":false},"excerpt":{"rendered":"<p>Este lunes se cerr\u00f3 una p\u00e1gina en\u00a0Godoy Cruz\u00a0tras la salida de\u00a0Water Ribonetto, a quien la comisi\u00f3n directiva tombina le habr\u00eda comunicado la decisi\u00f3n de que no siguiera al frente del plantel. Sin embargo, ya hay un DT que est\u00e1 a un paso de hacerse cargo del equipo de cara a la final ante San Mart\u00edn [&hellip;]<\/p>\n","protected":false},"author":2,"featured_media":15321,"comment_status":"open","ping_status":"open","sticky":false,"template":"","format":"standard","meta":[],"categories":[81],"tags":[],"_links":{"self":[{"href":"https:\/\/pasaenmendoza.com\/index.php?rest_route=\/wp\/v2\/posts\/15320"}],"collection":[{"href":"https:\/\/pasaenmendoza.com\/index.php?rest_route=\/wp\/v2\/posts"}],"about":[{"href":"https:\/\/pasaenmendoza.com\/index.php?rest_route=\/wp\/v2\/types\/post"}],"author":[{"embeddable":true,"href":"https:\/\/pasaenmendoza.com\/index.php?rest_route=\/wp\/v2\/users\/2"}],"replies":[{"embeddable":true,"href":"https:\/\/pasaenmendoza.com\/index.php?rest_route=%2Fwp%2Fv2%2Fcomments&post=15320"}],"version-history":[{"count":1,"href":"https:\/\/pasaenmendoza.com\/index.php?rest_route=\/wp\/v2\/posts\/15320\/revisions"}],"predecessor-version":[{"id":15322,"href":"https:\/\/pasaenmendoza.com\/index.php?rest_route=\/wp\/v2\/posts\/15320\/revisions\/15322"}],"wp:featuredmedia":[{"embeddable":true,"href":"https:\/\/pasaenmendoza.com\/index.php?rest_route=\/wp\/v2\/media\/15321"}],"wp:attachment":[{"href":"https:\/\/pasaenmendoza.com\/index.php?rest_route=%2Fwp%2Fv2%2Fmedia&parent=15320"}],"wp:term":[{"taxonomy":"category","embeddable":true,"href":"https:\/\/pasaenmendoza.com\/index.php?rest_route=%2Fwp%2Fv2%2Fcategories&post=15320"},{"taxonomy":"post_tag","embeddable":true,"href":"https:\/\/pasaenmendoza.com\/index.php?rest_route=%2Fwp%2Fv2%2Ftags&post=15320"}],"curies":[{"name":"wp","href":"https:\/\/api.w.org\/{rel}","templated":true}]}}