{"id":15323,"date":"2025-10-21T13:49:53","date_gmt":"2025-10-21T11:49:53","guid":{"rendered":"https:\/\/pasaenmendoza.com\/?p=15323"},"modified":"2025-10-21T13:49:54","modified_gmt":"2025-10-21T11:49:54","slug":"el-tiempo-en-mendoza-para-este-martes-sigue-el-calor-y-llegan-las-tormentas","status":"publish","type":"post","link":"https:\/\/pasaenmendoza.com\/?p=15323","title":{"rendered":"El tiempo en Mendoza para este martes: sigue el calor y llegan las tormentas"},"content":{"rendered":"\n<p>La temperatura m\u00e1xima para este martes ser\u00e1 de 31 grados cent\u00edgrados, mientras que la m\u00ednima se ubicar\u00e1 en 16 grados cent\u00edgrados.<\/p>\n\n\n\n<p>Se espera que haya \u201cnubosidad variable con poco cambio de la temperatura\u201d.<\/p>\n\n\n\n<p>Est\u00e1n previstas \u201ctormentas aisladas hacia la noche\u201d y \u201cvientos moderados del sector sur\u201d.<\/p>\n\n\n\n<p>El tiempo en alta monta\u00f1a: \u201cPoco nuboso en cordillera\u201d. Aumento de nubosidad por la tarde con probabilidad de nevadas d\u00e9biles. Temperatura m\u00ednima: -2 grados cent\u00edgrados.<\/p>\n\n\n\n<h2 class=\"wp-block-heading\" id=\"h-alerta-amarilla\">Alerta amarilla<\/h2>\n\n\n\n<p>La zona baja de Malarg\u00fce aparece con alerta en nivel amarillo por tormentas hacia la tarde, seg\u00fan el Servicio Meterol\u00f3gico Nacional.<\/p>\n\n\n\n<p>Esto implica: \u201c<em>El \u00e1rea ser\u00e1 afectada por\u00a0<strong>lluvias y tormentas de variada intensidad<\/strong>, algunas<strong>\u00a0localmente fuertes<\/strong>. Las mismas estar\u00e1n acompa\u00f1adas por abundantes precipitaciones,\u00a0<strong>r\u00e1fagas que puntualmente podr\u00edan alcanzar los 90 kil\u00f3metros por hora<\/strong>, frecuente actividad el\u00e9ctrica y principalmente pueden provocar\u00a0<strong>granizo<\/strong>. Se prev\u00e9n valores de precipitaci\u00f3n acumulada entre 20 y 40 mil\u00edmetros, que pueden ser superados en forma puntual<\/em>\u201c.<\/p>\n\n\n\n<p><strong>Fuente: www.elsol.com.ar<\/strong><\/p>\n","protected":false},"excerpt":{"rendered":"<p>La temperatura m\u00e1xima para este martes ser\u00e1 de 31 grados cent\u00edgrados, mientras que la m\u00ednima se ubicar\u00e1 en 16 grados cent\u00edgrados. Se espera que haya \u201cnubosidad variable con poco cambio de la temperatura\u201d. Est\u00e1n previstas \u201ctormentas aisladas hacia la noche\u201d y \u201cvientos moderados del sector sur\u201d. El tiempo en alta monta\u00f1a: \u201cPoco nuboso en cordillera\u201d. [&hellip;]<\/p>\n","protected":false},"author":2,"featured_media":15324,"comment_status":"open","ping_status":"open","sticky":false,"template":"","format":"standard","meta":[],"categories":[52],"tags":[],"_links":{"self":[{"href":"https:\/\/pasaenmendoza.com\/index.php?rest_route=\/wp\/v2\/posts\/15323"}],"collection":[{"href":"https:\/\/pasaenmendoza.com\/index.php?rest_route=\/wp\/v2\/posts"}],"about":[{"href":"https:\/\/pasaenmendoza.com\/index.php?rest_route=\/wp\/v2\/types\/post"}],"author":[{"embeddable":true,"href":"https:\/\/pasaenmendoza.com\/index.php?rest_route=\/wp\/v2\/users\/2"}],"replies":[{"embeddable":true,"href":"https:\/\/pasaenmendoza.com\/index.php?rest_route=%2Fwp%2Fv2%2Fcomments&post=15323"}],"version-history":[{"count":1,"href":"https:\/\/pasaenmendoza.com\/index.php?rest_route=\/wp\/v2\/posts\/15323\/revisions"}],"predecessor-version":[{"id":15325,"href":"https:\/\/pasaenmendoza.com\/index.php?rest_route=\/wp\/v2\/posts\/15323\/revisions\/15325"}],"wp:featuredmedia":[{"embeddable":true,"href":"https:\/\/pasaenmendoza.com\/index.php?rest_route=\/wp\/v2\/media\/15324"}],"wp:attachment":[{"href":"https:\/\/pasaenmendoza.com\/index.php?rest_route=%2Fwp%2Fv2%2Fmedia&parent=15323"}],"wp:term":[{"taxonomy":"category","embeddable":true,"href":"https:\/\/pasaenmendoza.com\/index.php?rest_route=%2Fwp%2Fv2%2Fcategories&post=15323"},{"taxonomy":"post_tag","embeddable":true,"href":"https:\/\/pasaenmendoza.com\/index.php?rest_route=%2Fwp%2Fv2%2Ftags&post=15323"}],"curies":[{"name":"wp","href":"https:\/\/api.w.org\/{rel}","templated":true}]}}