{"id":15326,"date":"2025-10-21T13:56:18","date_gmt":"2025-10-21T11:56:18","guid":{"rendered":"https:\/\/pasaenmendoza.com\/?p=15326"},"modified":"2025-10-21T13:56:19","modified_gmt":"2025-10-21T11:56:19","slug":"alfredo-cornejo-pidio-fortalecer-al-gobierno-de-javier-milei","status":"publish","type":"post","link":"https:\/\/pasaenmendoza.com\/?p=15326","title":{"rendered":"Alfredo Cornejo pidi\u00f3 fortalecer al gobierno de Javier Milei"},"content":{"rendered":"\n<p>En la recta final hacia las elecciones del pr\u00f3ximo domingo, el gobernador&nbsp;<strong>Alfredo Cornejo<\/strong>&nbsp;analiz\u00f3 el panorama pol\u00edtico y destac\u00f3 la importancia de consolidar las pol\u00edticas impulsadas por la gesti\u00f3n de&nbsp;<strong>Javier Milei<\/strong>.&nbsp;<\/p>\n\n\n\n<p><em>\u201cEsperamos que el Gobierno nacional salga fortalecido de esta elecci\u00f3n. No se pueden frenar los cambios econ\u00f3micos; hay que consolidar lo hecho y mejorarlo\u201d<\/em>, expres\u00f3 en di\u00e1logo con\u00a0<em>El Sol<\/em>.<\/p>\n\n\n\n<p>El mandatario evit\u00f3 dar n\u00fameros concretos sobre las proyecciones electorales, pero reconoci\u00f3 que&nbsp;<strong>las encuestas muestran una tendencia positiva para el oficialismo en Mendoza<\/strong>. Sin embargo, pidi\u00f3 cautela al recordar que los sondeos&nbsp;<em>\u201c<strong>s\u00f3lo marcan tendencias<\/strong>\u201d<\/em>&nbsp;y que&nbsp;<strong>el \u00fanico veredicto v\u00e1lido ser\u00e1 el del domingo 26 por la noche<\/strong>, cuando se conozcan los resultados oficiales.<\/p>\n\n\n\n<p>Cornejo tambi\u00e9n insisti\u00f3 en la necesidad de&nbsp;<strong>mantener la estabilidad y dar continuidad al rumbo econ\u00f3mico<\/strong>, subrayando que el fortalecimiento institucional y pol\u00edtico del pa\u00eds es clave para sostener los cambios que se est\u00e1n implementando.<\/p>\n\n\n\n<p>Por \u00faltimo, el gobernador cerr\u00f3 con un llamado al voto y a la participaci\u00f3n ciudadana, resaltando que<em>\u00a0\u201ccada elecci\u00f3n define el rumbo del pa\u00eds\u201d<\/em>\u00a0y que el desaf\u00edo es \u201c<em>seguir mejorando sin volver atr\u00e1s\u201d<\/em>.<\/p>\n\n\n\n<p><strong>Fuente: www.elsol.com.ar<\/strong><\/p>\n","protected":false},"excerpt":{"rendered":"<p>En la recta final hacia las elecciones del pr\u00f3ximo domingo, el gobernador&nbsp;Alfredo Cornejo&nbsp;analiz\u00f3 el panorama pol\u00edtico y destac\u00f3 la importancia de consolidar las pol\u00edticas impulsadas por la gesti\u00f3n de&nbsp;Javier Milei.&nbsp; \u201cEsperamos que el Gobierno nacional salga fortalecido de esta elecci\u00f3n. No se pueden frenar los cambios econ\u00f3micos; hay que consolidar lo hecho y mejorarlo\u201d, expres\u00f3 [&hellip;]<\/p>\n","protected":false},"author":2,"featured_media":15327,"comment_status":"open","ping_status":"open","sticky":false,"template":"","format":"standard","meta":[],"categories":[47],"tags":[],"_links":{"self":[{"href":"https:\/\/pasaenmendoza.com\/index.php?rest_route=\/wp\/v2\/posts\/15326"}],"collection":[{"href":"https:\/\/pasaenmendoza.com\/index.php?rest_route=\/wp\/v2\/posts"}],"about":[{"href":"https:\/\/pasaenmendoza.com\/index.php?rest_route=\/wp\/v2\/types\/post"}],"author":[{"embeddable":true,"href":"https:\/\/pasaenmendoza.com\/index.php?rest_route=\/wp\/v2\/users\/2"}],"replies":[{"embeddable":true,"href":"https:\/\/pasaenmendoza.com\/index.php?rest_route=%2Fwp%2Fv2%2Fcomments&post=15326"}],"version-history":[{"count":1,"href":"https:\/\/pasaenmendoza.com\/index.php?rest_route=\/wp\/v2\/posts\/15326\/revisions"}],"predecessor-version":[{"id":15328,"href":"https:\/\/pasaenmendoza.com\/index.php?rest_route=\/wp\/v2\/posts\/15326\/revisions\/15328"}],"wp:featuredmedia":[{"embeddable":true,"href":"https:\/\/pasaenmendoza.com\/index.php?rest_route=\/wp\/v2\/media\/15327"}],"wp:attachment":[{"href":"https:\/\/pasaenmendoza.com\/index.php?rest_route=%2Fwp%2Fv2%2Fmedia&parent=15326"}],"wp:term":[{"taxonomy":"category","embeddable":true,"href":"https:\/\/pasaenmendoza.com\/index.php?rest_route=%2Fwp%2Fv2%2Fcategories&post=15326"},{"taxonomy":"post_tag","embeddable":true,"href":"https:\/\/pasaenmendoza.com\/index.php?rest_route=%2Fwp%2Fv2%2Ftags&post=15326"}],"curies":[{"name":"wp","href":"https:\/\/api.w.org\/{rel}","templated":true}]}}