{"id":15329,"date":"2025-10-21T13:59:06","date_gmt":"2025-10-21T11:59:06","guid":{"rendered":"https:\/\/pasaenmendoza.com\/?p=15329"},"modified":"2025-10-21T13:59:07","modified_gmt":"2025-10-21T11:59:07","slug":"echaron-a-un-subcomisario-de-mendoza-por-un-falso-allanamiento-y-amenazas","status":"publish","type":"post","link":"https:\/\/pasaenmendoza.com\/?p=15329","title":{"rendered":"Echaron a un subcomisario de Mendoza por un falso allanamiento y amenazas"},"content":{"rendered":"\n<p>El gobierno de la provincia de Mendoza, a trav\u00e9s del Ministerio de Seguridad y Justicia, dispuso la exoneraci\u00f3n (sanci\u00f3n m\u00e1xima del r\u00e9gimen disciplinario policial) del subcomisario Miguel S., integrante del personal policial, por infracci\u00f3n al r\u00e9gimen de la fuerza. La medida fue adoptada tras comprobarse una condena judicial firme por la comisi\u00f3n de un delito doloso, que incluy\u00f3 prisi\u00f3n en suspenso, inhabilitaci\u00f3n permanente y multa.<\/p>\n\n\n\n<p>Seg\u00fan se detalla en la resoluci\u00f3n, el caso hab\u00eda tenido instancias previas: en febrero de 2023 se hab\u00eda aplicado una sanci\u00f3n de cesant\u00eda y exoneraci\u00f3n, luego el funcionario present\u00f3 un recurso jer\u00e1rquico que fue rechazado, y\u00a0<strong>finalmente se dictamin\u00f3 la sanci\u00f3n expulsiva definitiva<\/strong>. El an\u00e1lisis legal concluy\u00f3 que, al existir una condena penal firme, correspond\u00eda aplicar la medida m\u00e1s severa dentro del r\u00e9gimen disciplinario policial.<\/p>\n\n\n\n<p>Adem\u00e1s, la norma establece que la Direcci\u00f3n de Capital Humano del ministerio debe notificar la decisi\u00f3n a la Direcci\u00f3n Provincial de Recursos Humanos del Ministerio de Hacienda y Finanzas, as\u00ed como a la Oficina T\u00e9cnica Previsional y al ANSES, para los tr\u00e1mites administrativos correspondientes. Se otorga tambi\u00e9n un plazo de quince d\u00edas h\u00e1biles para que el interesado interponga los recursos de revocatoria, jer\u00e1rquico o de aclaratoria previstos por la ley.<\/p>\n\n\n\n<p>La resoluci\u00f3n representa una&nbsp;<strong>sanci\u00f3n de m\u00e1xima gravedad<\/strong>, destinada a preservar la integridad institucional de la fuerza policial y garantizar que quienes la integran mantengan una conducta ajustada a los valores \u00e9ticos y legales exigidos. Con esta medida, el gobierno provincial busca reafirmar su compromiso con la transparencia, la disciplina y el cumplimiento estricto de las normas que regulan el desempe\u00f1o del personal de seguridad.<\/p>\n\n\n\n<p><strong>Qu\u00e9 hizo el subcomisario<\/strong><\/p>\n\n\n\n<p>C\u00f3mo\u00a0reflej\u00f3 Mendoza Post, el 24 de abril de 2020 fueron detenidos cuatro polic\u00edas por realizar un allanamiento sin orden judicial y cometer el delito de extorsi\u00f3n en una propiedad del departamento de Luj\u00e1n de Cuyo. Entre ellos estaba el subcomisario Miguel S.\u00a0<\/p>\n\n\n\n<p>Luego de eso, en abril de 2023, el subcomisario fue capturado, en&nbsp; nuevamente por amenazar a los polic\u00edas que lo investigaron en la causa del allanamiento falso.<\/p>\n\n\n\n<p>Miguel S. tiene una condena con prisi\u00f3n en suspenso y tambi\u00e9n fue inhabilitado de por vida para ocupar cargos en las fuerzas.<\/p>\n\n\n\n<p><strong>Fuente: www.mendozapost.com<\/strong><\/p>\n","protected":false},"excerpt":{"rendered":"<p>El gobierno de la provincia de Mendoza, a trav\u00e9s del Ministerio de Seguridad y Justicia, dispuso la exoneraci\u00f3n (sanci\u00f3n m\u00e1xima del r\u00e9gimen disciplinario policial) del subcomisario Miguel S., integrante del personal policial, por infracci\u00f3n al r\u00e9gimen de la fuerza. La medida fue adoptada tras comprobarse una condena judicial firme por la comisi\u00f3n de un delito [&hellip;]<\/p>\n","protected":false},"author":2,"featured_media":15330,"comment_status":"open","ping_status":"open","sticky":false,"template":"","format":"standard","meta":[],"categories":[48],"tags":[],"_links":{"self":[{"href":"https:\/\/pasaenmendoza.com\/index.php?rest_route=\/wp\/v2\/posts\/15329"}],"collection":[{"href":"https:\/\/pasaenmendoza.com\/index.php?rest_route=\/wp\/v2\/posts"}],"about":[{"href":"https:\/\/pasaenmendoza.com\/index.php?rest_route=\/wp\/v2\/types\/post"}],"author":[{"embeddable":true,"href":"https:\/\/pasaenmendoza.com\/index.php?rest_route=\/wp\/v2\/users\/2"}],"replies":[{"embeddable":true,"href":"https:\/\/pasaenmendoza.com\/index.php?rest_route=%2Fwp%2Fv2%2Fcomments&post=15329"}],"version-history":[{"count":1,"href":"https:\/\/pasaenmendoza.com\/index.php?rest_route=\/wp\/v2\/posts\/15329\/revisions"}],"predecessor-version":[{"id":15331,"href":"https:\/\/pasaenmendoza.com\/index.php?rest_route=\/wp\/v2\/posts\/15329\/revisions\/15331"}],"wp:featuredmedia":[{"embeddable":true,"href":"https:\/\/pasaenmendoza.com\/index.php?rest_route=\/wp\/v2\/media\/15330"}],"wp:attachment":[{"href":"https:\/\/pasaenmendoza.com\/index.php?rest_route=%2Fwp%2Fv2%2Fmedia&parent=15329"}],"wp:term":[{"taxonomy":"category","embeddable":true,"href":"https:\/\/pasaenmendoza.com\/index.php?rest_route=%2Fwp%2Fv2%2Fcategories&post=15329"},{"taxonomy":"post_tag","embeddable":true,"href":"https:\/\/pasaenmendoza.com\/index.php?rest_route=%2Fwp%2Fv2%2Ftags&post=15329"}],"curies":[{"name":"wp","href":"https:\/\/api.w.org\/{rel}","templated":true}]}}