{"id":15332,"date":"2025-10-21T14:08:21","date_gmt":"2025-10-21T12:08:21","guid":{"rendered":"https:\/\/pasaenmendoza.com\/?p=15332"},"modified":"2025-10-21T14:08:22","modified_gmt":"2025-10-21T12:08:22","slug":"donde-funcionara-el-hogar-del-regimiento-de-granaderos-en-mendoza","status":"publish","type":"post","link":"https:\/\/pasaenmendoza.com\/?p=15332","title":{"rendered":"D\u00f3nde funcionar\u00e1 el hogar del Regimiento de Granaderos en Mendoza"},"content":{"rendered":"\n<p>El\u00a0<strong>Regimiento de Granaderos a Caballo &#8220;General San Mart\u00edn&#8221;<\/strong>, la emblem\u00e1tica fuerza creada por el Libertador en 1812, volver\u00e1 a tener presencia permanente en\u00a0<strong>Mendoza<\/strong>, la provincia donde se gest\u00f3 la gesta emancipadora de medio continente.\u00a0<\/p>\n\n\n\n<p>As\u00ed lo confirm\u00f3 el ministro de Defensa,<strong>&nbsp;Luis Petri<\/strong>, quien adelant\u00f3 que la nueva sede ser\u00e1 inaugurada en noviembre con un acto oficial al pie del Cerro de la Gloria.<\/p>\n\n\n\n<p>&#8220;Los Granaderos vuelven a Mendoza, la tierra donde San Mart\u00edn empez\u00f3 el camino de la libertad de medio continente&#8221;, expres\u00f3 Petri en su cuenta de X.\u00a0<\/p>\n\n\n\n<p>El ministro destac\u00f3 que el presidente Javier Milei &#8220;tiene un aprecio especial por los Granaderos&#8221; y acompa\u00f1a la decisi\u00f3n de que el Regimiento &#8220;tenga presencia en esta provincia sanmartiniana con todo el honor y la historia que representa&#8221;.<\/p>\n\n\n\n<p>En otro mensaje, Petri se\u00f1al\u00f3 que &#8220;en Mendoza, capital nacional de la libertad, donde San Mart\u00edn inici\u00f3 su gesta emancipadora, sus Granaderos tendr\u00e1n una nueva casa&#8221;.&nbsp;<\/p>\n\n\n\n<p>Adem\u00e1s, precis\u00f3 que la sede funcionar\u00e1 en el edificio donde actualmente trabaja la Sastrer\u00eda Militar, y que hasta 2023 alberg\u00f3 oficinas del Servicio Penitenciario.<\/p>\n\n\n\n<p>Seg\u00fan informaron fuentes del Ministerio de Defensa al\u00a0<em>Post<\/em>, el edificio -que cuenta con una planta baja, dos pisos y una terraza- est\u00e1 siendo reacondicionado para convertirse en el hogar del Regimiento, que cumplir\u00e1 las tareas propias de la fuerza, tanto en el resguardo ceremonial como en las funciones operativas del Ej\u00e9rcito.<\/p>\n\n\n\n<p>De acuerdo a lo informado desde el Ministerio,&nbsp;<strong>el acto inaugural se realizar\u00e1 en los primeros d\u00edas de noviembre<\/strong>, con la participaci\u00f3n de las principales autoridades nacionales y provinciales, y contar\u00e1 con la presencia de las distintas fuerzas armadas. Ser\u00e1 en el&nbsp;<strong>Cerro de la Gloria<\/strong>, el sitio que rinde homenaje al Ej\u00e9rcito de los Andes, cerrando as\u00ed un c\u00edrculo simb\u00f3lico entre el pasado y el presente.<\/p>\n\n\n\n<p>&#8220;Fortalecer la presencia de nuestras Fuerzas Armadas en todo el pa\u00eds tambi\u00e9n es una forma de honrar la historia y proyectar un futuro grande para la Argentina&#8221;, expres\u00f3 Petri, al destacar el valor de que los Granaderos vuelvan a la provincia donde naci\u00f3 el sue\u00f1o libertador de San Mart\u00edn.<\/p>\n\n\n\n<p>De esta manera, m\u00e1s de dos siglos despu\u00e9s de su creaci\u00f3n, el Regimiento de Granaderos a Caballo volver\u00e1 a tener en Mendoza un punto de referencia permanente, reafirmando su v\u00ednculo con el lugar donde comenz\u00f3 la epopeya que marc\u00f3 la independencia de Am\u00e9rica del Sur.<\/p>\n\n\n\n<p><strong>Fuente: www.mendozapost.com<\/strong><\/p>\n","protected":false},"excerpt":{"rendered":"<p>El\u00a0Regimiento de Granaderos a Caballo &#8220;General San Mart\u00edn&#8221;, la emblem\u00e1tica fuerza creada por el Libertador en 1812, volver\u00e1 a tener presencia permanente en\u00a0Mendoza, la provincia donde se gest\u00f3 la gesta emancipadora de medio continente.\u00a0 As\u00ed lo confirm\u00f3 el ministro de Defensa,&nbsp;Luis Petri, quien adelant\u00f3 que la nueva sede ser\u00e1 inaugurada en noviembre con un acto [&hellip;]<\/p>\n","protected":false},"author":2,"featured_media":15333,"comment_status":"open","ping_status":"open","sticky":false,"template":"","format":"standard","meta":[],"categories":[47],"tags":[],"_links":{"self":[{"href":"https:\/\/pasaenmendoza.com\/index.php?rest_route=\/wp\/v2\/posts\/15332"}],"collection":[{"href":"https:\/\/pasaenmendoza.com\/index.php?rest_route=\/wp\/v2\/posts"}],"about":[{"href":"https:\/\/pasaenmendoza.com\/index.php?rest_route=\/wp\/v2\/types\/post"}],"author":[{"embeddable":true,"href":"https:\/\/pasaenmendoza.com\/index.php?rest_route=\/wp\/v2\/users\/2"}],"replies":[{"embeddable":true,"href":"https:\/\/pasaenmendoza.com\/index.php?rest_route=%2Fwp%2Fv2%2Fcomments&post=15332"}],"version-history":[{"count":1,"href":"https:\/\/pasaenmendoza.com\/index.php?rest_route=\/wp\/v2\/posts\/15332\/revisions"}],"predecessor-version":[{"id":15334,"href":"https:\/\/pasaenmendoza.com\/index.php?rest_route=\/wp\/v2\/posts\/15332\/revisions\/15334"}],"wp:featuredmedia":[{"embeddable":true,"href":"https:\/\/pasaenmendoza.com\/index.php?rest_route=\/wp\/v2\/media\/15333"}],"wp:attachment":[{"href":"https:\/\/pasaenmendoza.com\/index.php?rest_route=%2Fwp%2Fv2%2Fmedia&parent=15332"}],"wp:term":[{"taxonomy":"category","embeddable":true,"href":"https:\/\/pasaenmendoza.com\/index.php?rest_route=%2Fwp%2Fv2%2Fcategories&post=15332"},{"taxonomy":"post_tag","embeddable":true,"href":"https:\/\/pasaenmendoza.com\/index.php?rest_route=%2Fwp%2Fv2%2Ftags&post=15332"}],"curies":[{"name":"wp","href":"https:\/\/api.w.org\/{rel}","templated":true}]}}