{"id":15336,"date":"2025-10-21T23:53:24","date_gmt":"2025-10-21T21:53:24","guid":{"rendered":"https:\/\/pasaenmendoza.com\/?p=15336"},"modified":"2025-10-21T23:54:57","modified_gmt":"2025-10-21T21:54:57","slug":"comenzo-la-era-omar-asad-en-godoy-cruz-nuevo-cuerpo-tecnico-y-sueno-de-permanencia","status":"publish","type":"post","link":"https:\/\/pasaenmendoza.com\/?p=15336","title":{"rendered":"Comenz\u00f3 la era Omar Asad en Godoy Cruz: nuevo cuerpo t\u00e9cnico y sue\u00f1o de permanencia"},"content":{"rendered":"\n<p><strong>Godoy Cruz<\/strong>\u00a0vive d\u00edas claves en los que se juega todo por sostener su lugar en la\u00a0<strong>Liga Profesional de F\u00fatbol<\/strong>. Por esto, sin perder un segundo,\u00a0<strong>Omar Asad<\/strong>\u00a0ya tom\u00f3 las riendas del plantel y comenz\u00f3 a trabajar con los jugadores.<\/p>\n\n\n\n<p>Durante la ma\u00f1ana de este martes,<strong>&nbsp;el Turco se present\u00f3 y mantuvo una charla<\/strong>&nbsp;en los que revel\u00f3 los principales lineamientos de su trabajo, teniendo en cuenta las casi dos semanas que restan para medirse con&nbsp;<strong>San Mart\u00edn de San Juan&nbsp;<\/strong>en una verdadera final en el estadio Feliciano Gambarte.<\/p>\n\n\n\n<p>Adem\u00e1s, se present\u00f3 al resto del cuerpo t\u00e9cnico y los nombres del\u00a0<strong>Mago David Ramirez, del Fideo David Fern\u00e1ndez y de Osvaldo Miranda, m\u00e1s Juan Calabrese y Juan Escalante<\/strong>\u00a0como preparador f\u00edsico, renovaron las ilusiones en el Tomba.<\/p>\n\n\n\n<p>El cambio de entrenador, de\u00a0<strong>Walter Ribonetto<\/strong>\u00a0a Omar Asad, lleg\u00f3 en un momento favorable desde el calendario. Debido a que el pr\u00f3ximo domingo habr\u00e1 elecciones en todo el pa\u00eds, la siguiente fecha correspondiente al\u00a0<strong>Torneo Clausura<\/strong>\u00a0reci\u00e9n se disputar\u00e1 el fin de semana del 2 de noviembre.<\/p>\n\n\n\n<p><strong>As\u00ed, Asad tendr\u00e1 dos semanas completas para cambiarle el chip al equipo y devolverle la sonrisa a los hinchas.<\/strong><\/p>\n\n\n\n<h2 class=\"wp-block-heading\"><strong>El panorama de Godoy Cruz<\/strong><\/h2>\n\n\n\n<p>La crisis del Tomba en el<strong>&nbsp;Clausura<\/strong>&nbsp;lo encuentra peleando por no descender. Este domingo,&nbsp;<strong>San Mart\u00edn de San Juan&nbsp;<\/strong>derrot\u00f3 a Independiente de Avellaneda y le puso suspenso a la definici\u00f3n, que lo tiene a&nbsp;<strong>Aldosivi&nbsp;<\/strong>como otro de los m\u00e1s comprometidos.<\/p>\n\n\n\n<p>Actualmente, el elenco mendocino se ubica en la\u00a0<strong>28\u00b0 posici\u00f3n de 30 equipos<\/strong>, junto con\u00a0<strong>Talleres de C\u00f3rdoba\u00a0<\/strong>empatados con 27 puntos, uno m\u00e1s que los sanjuaninos y a tres unidades de distancia del \u00faltimo, Aldosivi. El Tomba depende de si mismo para conservar su plaza y que definitivamente sean tres los equipos mendocinos que jueguen en Primera Divisi\u00f3n el pr\u00f3ximo a\u00f1o.<\/p>\n\n\n\n<p><strong>Fuente: www.diariomendoza.com.ar<\/strong><\/p>\n","protected":false},"excerpt":{"rendered":"<p>Godoy Cruz\u00a0vive d\u00edas claves en los que se juega todo por sostener su lugar en la\u00a0Liga Profesional de F\u00fatbol. Por esto, sin perder un segundo,\u00a0Omar Asad\u00a0ya tom\u00f3 las riendas del plantel y comenz\u00f3 a trabajar con los jugadores. Durante la ma\u00f1ana de este martes,&nbsp;el Turco se present\u00f3 y mantuvo una charla&nbsp;en los que revel\u00f3 los [&hellip;]<\/p>\n","protected":false},"author":2,"featured_media":15337,"comment_status":"open","ping_status":"open","sticky":false,"template":"","format":"standard","meta":[],"categories":[81],"tags":[],"_links":{"self":[{"href":"https:\/\/pasaenmendoza.com\/index.php?rest_route=\/wp\/v2\/posts\/15336"}],"collection":[{"href":"https:\/\/pasaenmendoza.com\/index.php?rest_route=\/wp\/v2\/posts"}],"about":[{"href":"https:\/\/pasaenmendoza.com\/index.php?rest_route=\/wp\/v2\/types\/post"}],"author":[{"embeddable":true,"href":"https:\/\/pasaenmendoza.com\/index.php?rest_route=\/wp\/v2\/users\/2"}],"replies":[{"embeddable":true,"href":"https:\/\/pasaenmendoza.com\/index.php?rest_route=%2Fwp%2Fv2%2Fcomments&post=15336"}],"version-history":[{"count":1,"href":"https:\/\/pasaenmendoza.com\/index.php?rest_route=\/wp\/v2\/posts\/15336\/revisions"}],"predecessor-version":[{"id":15338,"href":"https:\/\/pasaenmendoza.com\/index.php?rest_route=\/wp\/v2\/posts\/15336\/revisions\/15338"}],"wp:featuredmedia":[{"embeddable":true,"href":"https:\/\/pasaenmendoza.com\/index.php?rest_route=\/wp\/v2\/media\/15337"}],"wp:attachment":[{"href":"https:\/\/pasaenmendoza.com\/index.php?rest_route=%2Fwp%2Fv2%2Fmedia&parent=15336"}],"wp:term":[{"taxonomy":"category","embeddable":true,"href":"https:\/\/pasaenmendoza.com\/index.php?rest_route=%2Fwp%2Fv2%2Fcategories&post=15336"},{"taxonomy":"post_tag","embeddable":true,"href":"https:\/\/pasaenmendoza.com\/index.php?rest_route=%2Fwp%2Fv2%2Ftags&post=15336"}],"curies":[{"name":"wp","href":"https:\/\/api.w.org\/{rel}","templated":true}]}}