{"id":15339,"date":"2025-10-22T00:01:02","date_gmt":"2025-10-21T22:01:02","guid":{"rendered":"https:\/\/pasaenmendoza.com\/?p=15339"},"modified":"2025-10-22T00:01:03","modified_gmt":"2025-10-21T22:01:03","slug":"el-consejo-empresario-mendocino-entrego-el-premio-jovenes-destacados-2025","status":"publish","type":"post","link":"https:\/\/pasaenmendoza.com\/?p=15339","title":{"rendered":"El Consejo Empresario Mendocino entreg\u00f3 el premio J\u00f3venes Destacados 2025"},"content":{"rendered":"\n<p>Bajo el lema &#8220;Protagonistas hoy, l\u00edderes ma\u00f1ana&#8221;, el\u00a0<strong>Consejo Empresario Mendocino<\/strong>\u00a0(CEM) celebr\u00f3 la 22\u00ba edici\u00f3n del\u00a0<strong>Premio<\/strong>\u00a0J\u00f3venes Mendocinos Destacados 2025, que distingue a talentos, liderazgo y los valores de distintos hacedores.<\/p>\n\n\n\n<p>La entrega del premio apunta, seg\u00fan explicaron desde el CEM a &#8220;reconocer a j\u00f3venes que, a trav\u00e9s de su esfuerzo, innovaci\u00f3n y compromiso, se convirtieron en ejemplos de los valores de la comunidad, sirviendo de inspiraci\u00f3n a nuevas generaciones&#8221;.<\/p>\n\n\n\n<p>Desde 2003, el CEM distingui\u00f3 a 172 j\u00f3venes y otorg\u00f3 445 menciones por logros, compromiso, innovaci\u00f3n y liderazgo en varias categor\u00edas.<\/p>\n\n\n\n<p>Pero en esta edici\u00f3n 2025 se incorpor\u00f3\u00a0<strong>Talento Global,<\/strong>\u00a0para reconocer a mendocinos que se destacan en el\u00a0<strong>mundo<\/strong>. Al cabo de la entrega se concedieron\u00a0<strong>5 menciones<\/strong>\u00a0a distintos j\u00f3venes por sus proyectos en distintas partes del planeta.<\/p>\n\n\n\n<h2 class=\"wp-block-heading\">M\u00e1s de 140 postulantes al premio en 6 categor\u00edas<\/h2>\n\n\n\n<p>La convocatoria logr\u00f3 captar 140 postulaciones entre las 6 categor\u00edas que pondera el Consejo Empresario. Y finalmente los ganadores\/as fueron:<\/p>\n\n\n\n<p>1.&nbsp;<strong>Acad\u00e9mica, Cient\u00edfica y\/o Tecnol\u00f3gica:&nbsp;<\/strong>Mar\u00eda Sophia<strong>&nbsp;Di Cataldo.<\/strong><\/p>\n\n\n\n<p>2.&nbsp;<strong>Compromiso con la Comunidad<\/strong>&nbsp;y con la Sustentabilidad: Candela Denise&nbsp;<strong>Copa.<\/strong><\/p>\n\n\n\n<p>3.&nbsp;<strong>Empresa:&nbsp;<\/strong>Tom\u00e1s Eugenio&nbsp;<strong>Armend\u00e1riz.<\/strong><\/p>\n\n\n\n<p>4.&nbsp;<strong>Cultura:&nbsp;<\/strong>Gabriela Mariana&nbsp;<strong>Fern\u00e1ndez.<\/strong><\/p>\n\n\n\n<p>5.&nbsp;<strong>Deporte:&nbsp;<\/strong>Martina Tiziana&nbsp;<strong>Contreras Giorgio.<\/strong><\/p>\n\n\n\n<p>6.&nbsp;<strong>Sector p\u00fablico:&nbsp;<\/strong>Jimena Hebe<strong>&nbsp;Latorre.<\/strong><\/p>\n\n\n\n<p>Cada uno de ellos se llev\u00f3 un diploma y un&nbsp;<strong>reconocimiento&nbsp;<\/strong>monetario de&nbsp;<strong>U$S800<\/strong>.<\/p>\n\n\n\n<h2 class=\"wp-block-heading\">Algunos de los que recibieron el premio del CEM<\/h2>\n\n\n\n<p><strong>Candela Copa<\/strong>&nbsp;estudia Ciencias Econ\u00f3micas, es community manager y programadora. En mayo de 2021 por el Covid-19, le amputaron ambas piernas.<\/p>\n\n\n\n<p>Desde entonces da charlas y talleres sobre resiliencia, autoestima y discapacidad, inspirando a otros a descubrir un camino de vida con impacto positivo en la comunidad. Recientemente, present\u00f3 en la Legislatura su libro autobiogr\u00e1fico Esculpirse.<\/p>\n\n\n\n<p>Eso la hizo acreedora del premio del CEM en la categor\u00eda&nbsp;<strong>Compromiso con la Comunidad<\/strong>.<\/p>\n\n\n\n<p>Como emprendedor,&nbsp;<strong>Tom\u00e1s Armend\u00e1riz<\/strong>&nbsp;se gan\u00f3 el suyo en la categor\u00eda&nbsp;<strong>Empresas<\/strong>.<\/p>\n\n\n\n<p>Es que Armend\u00e1riz, contador de profesi\u00f3n, cre\u00f3 una&nbsp;<strong>startup tecnol\u00f3gica,<\/strong>&nbsp;<strong>AVaTAR MedTech<\/strong>, que desarrolla dispositivos m\u00e9dicos de vanguardia para cirug\u00edas card\u00edacas pedi\u00e1tricas.<\/p>\n\n\n\n<p>As\u00ed, con un equipo de 8 profesionales que trabajan entre Mendoza y Estados Unidos, ya logr\u00f3&nbsp;<strong>salvarle la vida a 18 ni\u00f1os<\/strong>.<\/p>\n\n\n\n<p>En la lista de premiados tambi\u00e9n est\u00e1 la ministra de Energ\u00eda,&nbsp;<strong>Jimena Latorre<\/strong>, que gan\u00f3 el galard\u00f3n otorgado en la categor\u00eda Sector P\u00fablico.<\/p>\n\n\n\n<p>El Consejo Empresario Mendocino ponder\u00f3 su trayectoria formativa, entre Mendoza, Barcelona y Madrid, y tambi\u00e9n los cargos que ocup\u00f3 en la funci\u00f3n p\u00fablica entre Servicios P\u00fablicos, presidenta del EPRE, legisladora y ahora como ministra.<\/p>\n\n\n\n<p>&#8220;Su liderazgo se ha consolidado mediante la puesta en valor del potencial hidrocarbur\u00edfero de Mendoza con una mirada sostenible y la promoci\u00f3n de una miner\u00eda transparente y responsable, impulsando la creaci\u00f3n de la Polic\u00eda Ambiental Minera&#8221;.<\/p>\n\n\n\n<p>Se le reconoce tambi\u00e9n haber impulsado proyectos clave como Proyecto San Jorge Cobre Mendocino y el relanzamiento de Potasio R\u00edo Colorado. Y haber &#8220;posicionado a Mendoza en la escena global&#8221;.<\/p>\n\n\n\n<p><strong>Fuente: www.diariouno.com.ar<\/strong><\/p>\n","protected":false},"excerpt":{"rendered":"<p>Bajo el lema &#8220;Protagonistas hoy, l\u00edderes ma\u00f1ana&#8221;, el\u00a0Consejo Empresario Mendocino\u00a0(CEM) celebr\u00f3 la 22\u00ba edici\u00f3n del\u00a0Premio\u00a0J\u00f3venes Mendocinos Destacados 2025, que distingue a talentos, liderazgo y los valores de distintos hacedores. La entrega del premio apunta, seg\u00fan explicaron desde el CEM a &#8220;reconocer a j\u00f3venes que, a trav\u00e9s de su esfuerzo, innovaci\u00f3n y compromiso, se convirtieron en [&hellip;]<\/p>\n","protected":false},"author":2,"featured_media":15340,"comment_status":"open","ping_status":"open","sticky":false,"template":"","format":"standard","meta":[],"categories":[50],"tags":[],"_links":{"self":[{"href":"https:\/\/pasaenmendoza.com\/index.php?rest_route=\/wp\/v2\/posts\/15339"}],"collection":[{"href":"https:\/\/pasaenmendoza.com\/index.php?rest_route=\/wp\/v2\/posts"}],"about":[{"href":"https:\/\/pasaenmendoza.com\/index.php?rest_route=\/wp\/v2\/types\/post"}],"author":[{"embeddable":true,"href":"https:\/\/pasaenmendoza.com\/index.php?rest_route=\/wp\/v2\/users\/2"}],"replies":[{"embeddable":true,"href":"https:\/\/pasaenmendoza.com\/index.php?rest_route=%2Fwp%2Fv2%2Fcomments&post=15339"}],"version-history":[{"count":1,"href":"https:\/\/pasaenmendoza.com\/index.php?rest_route=\/wp\/v2\/posts\/15339\/revisions"}],"predecessor-version":[{"id":15341,"href":"https:\/\/pasaenmendoza.com\/index.php?rest_route=\/wp\/v2\/posts\/15339\/revisions\/15341"}],"wp:featuredmedia":[{"embeddable":true,"href":"https:\/\/pasaenmendoza.com\/index.php?rest_route=\/wp\/v2\/media\/15340"}],"wp:attachment":[{"href":"https:\/\/pasaenmendoza.com\/index.php?rest_route=%2Fwp%2Fv2%2Fmedia&parent=15339"}],"wp:term":[{"taxonomy":"category","embeddable":true,"href":"https:\/\/pasaenmendoza.com\/index.php?rest_route=%2Fwp%2Fv2%2Fcategories&post=15339"},{"taxonomy":"post_tag","embeddable":true,"href":"https:\/\/pasaenmendoza.com\/index.php?rest_route=%2Fwp%2Fv2%2Ftags&post=15339"}],"curies":[{"name":"wp","href":"https:\/\/api.w.org\/{rel}","templated":true}]}}