{"id":15346,"date":"2025-10-22T00:12:21","date_gmt":"2025-10-21T22:12:21","guid":{"rendered":"https:\/\/pasaenmendoza.com\/?p=15346"},"modified":"2025-10-22T00:12:22","modified_gmt":"2025-10-21T22:12:22","slug":"guaymallen-confirmaron-un-corte-parcial-en-el-nudo-vial-desde-este-miercoles-y-hasta-el-viernes","status":"publish","type":"post","link":"https:\/\/pasaenmendoza.com\/?p=15346","title":{"rendered":"Guaymall\u00e9n: confirmaron un corte parcial en el Nudo Vial desde este mi\u00e9rcoles y hasta el viernes"},"content":{"rendered":"\n<p>La Municipalidad de\u00a0<strong>Guaymall\u00e9n<\/strong>\u00a0comunic\u00f3 que desde el mi\u00e9rcoles y hasta el viernes el\u00a0<strong>Nudo Vial<\/strong>\u00a0del<strong>\u00a0Acceso Este<\/strong>\u00a0estar\u00e1 parcialmente cortado entre las 6.30 a 8. El motivo es la renovaci\u00f3n del espacio verde, que realiza desde hace tiempo\u00a0la comuna en conjunto con la Direcci\u00f3n de Vialidad Provincial.<\/p>\n\n\n\n<p>En esa hora y media, trabajadores municipales descargar\u00e1n panes verdes de c\u00e9sped, por lo que el cami\u00f3n estar\u00e1 estacionado cortando parcialmente el&nbsp;<strong>tr\u00e1nsito.<\/strong><\/p>\n\n\n\n<p>En el operativo para ordenar la circulaci\u00f3n vehicular participar\u00e1 personal de la Subdirecci\u00f3n de Tr\u00e1nsito y Seguridad Vial.<\/p>\n\n\n\n<p>Por este motivo, desde la Comuna de&nbsp;<strong>Guaymall\u00e9n<\/strong>&nbsp;pidieron a los conductores extremen las medidas de precauci\u00f3n al momento de transitar por la zona.<\/p>\n\n\n\n<p>La tarea para renovar el\u00a0<strong>Nudo Vial\u00a0<\/strong>comenz\u00f3 hace poco m\u00e1s de dos meses, con tareas de limpieza, reparaci\u00f3n del sistema de riego y un plan paisaj\u00edstico integral, con el objetivo de mejorar la infraestructura y la calidad urbana de uno de los principales accesos al \u00e1rea metropolitana.<\/p>\n\n\n\n<p><strong>Fuente: www.diariouno.com.ar<\/strong><\/p>\n","protected":false},"excerpt":{"rendered":"<p>La Municipalidad de\u00a0Guaymall\u00e9n\u00a0comunic\u00f3 que desde el mi\u00e9rcoles y hasta el viernes el\u00a0Nudo Vial\u00a0del\u00a0Acceso Este\u00a0estar\u00e1 parcialmente cortado entre las 6.30 a 8. El motivo es la renovaci\u00f3n del espacio verde, que realiza desde hace tiempo\u00a0la comuna en conjunto con la Direcci\u00f3n de Vialidad Provincial. En esa hora y media, trabajadores municipales descargar\u00e1n panes verdes de c\u00e9sped, [&hellip;]<\/p>\n","protected":false},"author":2,"featured_media":15347,"comment_status":"open","ping_status":"open","sticky":false,"template":"","format":"standard","meta":[],"categories":[50],"tags":[],"_links":{"self":[{"href":"https:\/\/pasaenmendoza.com\/index.php?rest_route=\/wp\/v2\/posts\/15346"}],"collection":[{"href":"https:\/\/pasaenmendoza.com\/index.php?rest_route=\/wp\/v2\/posts"}],"about":[{"href":"https:\/\/pasaenmendoza.com\/index.php?rest_route=\/wp\/v2\/types\/post"}],"author":[{"embeddable":true,"href":"https:\/\/pasaenmendoza.com\/index.php?rest_route=\/wp\/v2\/users\/2"}],"replies":[{"embeddable":true,"href":"https:\/\/pasaenmendoza.com\/index.php?rest_route=%2Fwp%2Fv2%2Fcomments&post=15346"}],"version-history":[{"count":1,"href":"https:\/\/pasaenmendoza.com\/index.php?rest_route=\/wp\/v2\/posts\/15346\/revisions"}],"predecessor-version":[{"id":15348,"href":"https:\/\/pasaenmendoza.com\/index.php?rest_route=\/wp\/v2\/posts\/15346\/revisions\/15348"}],"wp:featuredmedia":[{"embeddable":true,"href":"https:\/\/pasaenmendoza.com\/index.php?rest_route=\/wp\/v2\/media\/15347"}],"wp:attachment":[{"href":"https:\/\/pasaenmendoza.com\/index.php?rest_route=%2Fwp%2Fv2%2Fmedia&parent=15346"}],"wp:term":[{"taxonomy":"category","embeddable":true,"href":"https:\/\/pasaenmendoza.com\/index.php?rest_route=%2Fwp%2Fv2%2Fcategories&post=15346"},{"taxonomy":"post_tag","embeddable":true,"href":"https:\/\/pasaenmendoza.com\/index.php?rest_route=%2Fwp%2Fv2%2Ftags&post=15346"}],"curies":[{"name":"wp","href":"https:\/\/api.w.org\/{rel}","templated":true}]}}