{"id":15349,"date":"2025-10-22T16:04:32","date_gmt":"2025-10-22T14:04:32","guid":{"rendered":"https:\/\/pasaenmendoza.com\/?p=15349"},"modified":"2025-10-22T16:04:33","modified_gmt":"2025-10-22T14:04:33","slug":"hay-alerta-por-tormentas-en-mendoza-y-estas-son-las-zonas-afectadas","status":"publish","type":"post","link":"https:\/\/pasaenmendoza.com\/?p=15349","title":{"rendered":"Hay alerta por tormentas en Mendoza y estas son las zonas afectadas"},"content":{"rendered":"\n<p>El\u00a0Servicio Meteorol\u00f3gico Nacional\u00a0emiti\u00f3 una alerta amarilla por\u00a0<strong>tormentas con posible ca\u00edda de granizo que afectar\u00e1 principalmente el sur provincial<\/strong>.<\/p>\n\n\n\n<p>Seg\u00fan indica el \u00faltimo pron\u00f3stico del\u00a0SMN\u00a0y la Direcci\u00f3n de Contingencias Clim\u00e1ticas de Mendoza, este mi\u00e9rcoles la m\u00e1xima ser\u00e1 de 28\u00b0C mientras que la m\u00ednima rondar\u00e1 los 14\u00b0C. El cielo estar\u00e1 parcialmente nublado a poco nuboso y hay alerta por tormentas en el sur de la provincia.<\/p>\n\n\n\n<p>En relaci\u00f3n a la alerta amarilla vigente para General Alvear y la zona baja de San Rafael, el SMN indic\u00f3:\u00a0<em>\u201cEl \u00e1rea ser\u00e1 afectada por lluvias y tormentas de variada intensidad, algunas localmente fuertes.\u00a0<strong>Las mismas estar\u00e1n acompa\u00f1adas por abundantes precipitaciones, r\u00e1fagas que puntualmente podr\u00edan alcanzar los 90 km\/h, frecuente actividad el\u00e9ctrica y principalmente pueden provocar granizo.\u00a0<\/strong>Se prev\u00e9n valores de precipitaci\u00f3n acumulada entre 20 y 40 mm, que pueden ser superados en forma puntual\u201d<\/em>.<\/p>\n\n\n\n<p><strong>Fuente: www.elsol.com.ar<\/strong><\/p>\n","protected":false},"excerpt":{"rendered":"<p>El\u00a0Servicio Meteorol\u00f3gico Nacional\u00a0emiti\u00f3 una alerta amarilla por\u00a0tormentas con posible ca\u00edda de granizo que afectar\u00e1 principalmente el sur provincial. Seg\u00fan indica el \u00faltimo pron\u00f3stico del\u00a0SMN\u00a0y la Direcci\u00f3n de Contingencias Clim\u00e1ticas de Mendoza, este mi\u00e9rcoles la m\u00e1xima ser\u00e1 de 28\u00b0C mientras que la m\u00ednima rondar\u00e1 los 14\u00b0C. El cielo estar\u00e1 parcialmente nublado a poco nuboso y hay [&hellip;]<\/p>\n","protected":false},"author":2,"featured_media":15350,"comment_status":"open","ping_status":"open","sticky":false,"template":"","format":"standard","meta":[],"categories":[46],"tags":[],"_links":{"self":[{"href":"https:\/\/pasaenmendoza.com\/index.php?rest_route=\/wp\/v2\/posts\/15349"}],"collection":[{"href":"https:\/\/pasaenmendoza.com\/index.php?rest_route=\/wp\/v2\/posts"}],"about":[{"href":"https:\/\/pasaenmendoza.com\/index.php?rest_route=\/wp\/v2\/types\/post"}],"author":[{"embeddable":true,"href":"https:\/\/pasaenmendoza.com\/index.php?rest_route=\/wp\/v2\/users\/2"}],"replies":[{"embeddable":true,"href":"https:\/\/pasaenmendoza.com\/index.php?rest_route=%2Fwp%2Fv2%2Fcomments&post=15349"}],"version-history":[{"count":1,"href":"https:\/\/pasaenmendoza.com\/index.php?rest_route=\/wp\/v2\/posts\/15349\/revisions"}],"predecessor-version":[{"id":15351,"href":"https:\/\/pasaenmendoza.com\/index.php?rest_route=\/wp\/v2\/posts\/15349\/revisions\/15351"}],"wp:featuredmedia":[{"embeddable":true,"href":"https:\/\/pasaenmendoza.com\/index.php?rest_route=\/wp\/v2\/media\/15350"}],"wp:attachment":[{"href":"https:\/\/pasaenmendoza.com\/index.php?rest_route=%2Fwp%2Fv2%2Fmedia&parent=15349"}],"wp:term":[{"taxonomy":"category","embeddable":true,"href":"https:\/\/pasaenmendoza.com\/index.php?rest_route=%2Fwp%2Fv2%2Fcategories&post=15349"},{"taxonomy":"post_tag","embeddable":true,"href":"https:\/\/pasaenmendoza.com\/index.php?rest_route=%2Fwp%2Fv2%2Ftags&post=15349"}],"curies":[{"name":"wp","href":"https:\/\/api.w.org\/{rel}","templated":true}]}}