{"id":1535,"date":"2023-09-18T15:37:15","date_gmt":"2023-09-18T13:37:15","guid":{"rendered":"https:\/\/pasaenmendoza.com\/?p=1535"},"modified":"2023-09-18T15:37:16","modified_gmt":"2023-09-18T13:37:16","slug":"un-motociclista-muerto-fue-el-saldo-de-un-accidente-en-godoy-cruz","status":"publish","type":"post","link":"https:\/\/pasaenmendoza.com\/?p=1535","title":{"rendered":"Un motociclista muerto fue el saldo de un accidente en Godoy Cruz"},"content":{"rendered":"\n<p>Una colisi\u00f3n entre dos veh\u00edculos tuvo el peor desenlace en Las Tortugas, Godoy Cruz, con un\u00a0<strong>motociclista muerto<\/strong>. All\u00ed un joven de 19 a\u00f1os perdi\u00f3 la vida en la esquina de Roca y Filippini el s\u00e1bado al mediod\u00eda.<\/p>\n\n\n\n<p>Franco Ezequiel Bravo circulaba este s\u00e1bado a las 13 por la calle Julio A. Roca -de Sur a Norte- en su moto Zanella 150cc. Al llegar a la intersecci\u00f3n con la calle Luis Filippini se encontr\u00f3 con un utilitario Citro\u00ebn Berlingo que se dirig\u00eda rumbo al Oeste conducido por un hombre de 50 a\u00f1os y se produjo este\u00a0<strong>accidente fatal\u00a0en Godoy Cruz.<\/strong><\/p>\n\n\n\n<p>Por causas que se investigan, se produjo el choque entre ambos veh\u00edculos, y por la magnitud del impacto Franco Bravo recibi\u00f3 heridas que resultaron fatales. El interno 01 del Servicio de Emergencia Coordinado se hizo presente y socorri\u00f3 a ambos protagonistas del siniestro vial, pero\u00a0<strong>nada se pudo hacer por el joven motociclista que muri\u00f3 en el lugar<\/strong>.<\/p>\n\n\n\n<p>Las investigaciones de esta averiguaci\u00f3n de homicidio culposo est\u00e1n a cargo de la Oficina Fiscal N\u00b03 y realizaron el peritaje agentes de la Polic\u00eda Cient\u00edfica.<\/p>\n\n\n\n<p><strong>Fuente: www.diariouno.com.ar<\/strong><\/p>\n","protected":false},"excerpt":{"rendered":"<p>Una colisi\u00f3n entre dos veh\u00edculos tuvo el peor desenlace en Las Tortugas, Godoy Cruz, con un\u00a0motociclista muerto. All\u00ed un joven de 19 a\u00f1os perdi\u00f3 la vida en la esquina de Roca y Filippini el s\u00e1bado al mediod\u00eda. Franco Ezequiel Bravo circulaba este s\u00e1bado a las 13 por la calle Julio A. Roca -de Sur a [&hellip;]<\/p>\n","protected":false},"author":2,"featured_media":1536,"comment_status":"open","ping_status":"open","sticky":false,"template":"","format":"standard","meta":[],"categories":[48],"tags":[],"_links":{"self":[{"href":"https:\/\/pasaenmendoza.com\/index.php?rest_route=\/wp\/v2\/posts\/1535"}],"collection":[{"href":"https:\/\/pasaenmendoza.com\/index.php?rest_route=\/wp\/v2\/posts"}],"about":[{"href":"https:\/\/pasaenmendoza.com\/index.php?rest_route=\/wp\/v2\/types\/post"}],"author":[{"embeddable":true,"href":"https:\/\/pasaenmendoza.com\/index.php?rest_route=\/wp\/v2\/users\/2"}],"replies":[{"embeddable":true,"href":"https:\/\/pasaenmendoza.com\/index.php?rest_route=%2Fwp%2Fv2%2Fcomments&post=1535"}],"version-history":[{"count":1,"href":"https:\/\/pasaenmendoza.com\/index.php?rest_route=\/wp\/v2\/posts\/1535\/revisions"}],"predecessor-version":[{"id":1537,"href":"https:\/\/pasaenmendoza.com\/index.php?rest_route=\/wp\/v2\/posts\/1535\/revisions\/1537"}],"wp:featuredmedia":[{"embeddable":true,"href":"https:\/\/pasaenmendoza.com\/index.php?rest_route=\/wp\/v2\/media\/1536"}],"wp:attachment":[{"href":"https:\/\/pasaenmendoza.com\/index.php?rest_route=%2Fwp%2Fv2%2Fmedia&parent=1535"}],"wp:term":[{"taxonomy":"category","embeddable":true,"href":"https:\/\/pasaenmendoza.com\/index.php?rest_route=%2Fwp%2Fv2%2Fcategories&post=1535"},{"taxonomy":"post_tag","embeddable":true,"href":"https:\/\/pasaenmendoza.com\/index.php?rest_route=%2Fwp%2Fv2%2Ftags&post=1535"}],"curies":[{"name":"wp","href":"https:\/\/api.w.org\/{rel}","templated":true}]}}