{"id":15355,"date":"2025-10-22T16:14:48","date_gmt":"2025-10-22T14:14:48","guid":{"rendered":"https:\/\/pasaenmendoza.com\/?p=15355"},"modified":"2025-10-22T16:14:49","modified_gmt":"2025-10-22T14:14:49","slug":"que-va-a-pasar-con-el-precio-de-la-carne-en-mendoza-si-aumenta-la-exportacion","status":"publish","type":"post","link":"https:\/\/pasaenmendoza.com\/?p=15355","title":{"rendered":"Qu\u00e9 va a pasar con el precio de la carne en Mendoza si aumenta la exportaci\u00f3n"},"content":{"rendered":"\n<p>El presidente de los Estados Unidos,&nbsp;<strong>Donald Trump<\/strong>&nbsp;anticip\u00f3 que eval\u00faa&nbsp;<strong>incrementar las compras de carne vacuna a la Argentina<\/strong>, en lo que ser\u00eda de un&nbsp;<strong>acuerdo comercial bilateral<\/strong>&nbsp;que podr\u00eda anunciarse en las pr\u00f3ximas semanas. Si bien la noticia fue celebrada, en&nbsp;<strong>Mendoza<\/strong>&nbsp;los especialistas pidieron&nbsp;<em>\u201ccautela\u201d<\/em>&nbsp;y advierten que a\u00fan faltan definiciones claves sobre vol\u00famenes, cortes y frigor\u00edficos habilitados para operar.<\/p>\n\n\n\n<p>El presidente de la\u00a0<strong>C\u00e1mara de Abastecedores de Carne de Mendoza<\/strong>,\u00a0<strong>Jos\u00e9 Rizzo<\/strong>\u00a0remarc\u00f3 que el anuncio<em>\u00a0\u201ctodav\u00eda es muy superficial\u201d<\/em>\u00a0y que\u00a0<strong>falta claridad sobre los detalles t\u00e9cnicos<\/strong>\u00a0del acuerdo.<\/p>\n\n\n\n<p><em>\u201cNo se sabe qu\u00e9 cortes van a querer, qu\u00e9 tipo de mercader\u00eda ni qu\u00e9 frigor\u00edficos estar\u00e1n habilitados. Si llegara a concretarse, llevar\u00e1 tiempo porque deben venir inspecciones a los frigor\u00edficos locales para autorizar la exportaci\u00f3n\u201d<\/em>, explic\u00f3 en di\u00e1logo con&nbsp;<em>El Sol<\/em>.<\/p>\n\n\n\n<p>En la actualidad, la\u00a0<strong>cuota de cortes bovinos con destino a Estados Unidos<\/strong>\u00a0asciende a\u00a0<strong>20.000 toneladas anuales de carne deshuesada, fresca, enfriada o congelada<\/strong>, seg\u00fan datos del\u00a0<strong>Ministerio de Econom\u00eda<\/strong>. Sin embargo, el gobierno norteamericano estar\u00eda dispuesto a\u00a0<strong>ampliar ese cupo<\/strong>, en parte por el\u00a0<strong>conflicto comercial con Brasil<\/strong>, su principal proveedor, y con el objetivo de\u00a0<strong>contener los precios internos<\/strong>.<\/p>\n\n\n\n<p>Rizzo tambi\u00e9n advirti\u00f3 que, aunque una mayor demanda externa puede impulsar la econom\u00eda,&nbsp;<strong>podr\u00eda generar presi\u00f3n sobre los precios internos<\/strong>.<\/p>\n\n\n\n<p><em>\u201cArgentina no tiene hoy suficiente carne del tipo que ellos piden. Y si llegara a concretarse un aumento en la exportaci\u00f3n, los valores locales podr\u00edan subir. Todav\u00eda todo es muy preliminar\u201d<\/em>, sostuvo.<\/p>\n\n\n\n<p>Desde el sector de la ganader\u00eda, su&nbsp; director<strong>&nbsp;Roberto R\u00edos<\/strong>&nbsp;consider\u00f3 la posible apertura del mercado como una&nbsp;<strong>se\u00f1al positiva para el sector productivo<\/strong>.<\/p>\n\n\n\n<p><em>\u201cVeo bien que se ampl\u00eden los mercados. Argentina todav\u00eda no alcanz\u00f3 su techo de producci\u00f3n de carne. Si el precio internacional se mantiene auspicioso, van a aparecer nuevos inversores y se fortalecer\u00e1 la ganader\u00eda\u201d<\/em>, afirm\u00f3.<\/p>\n\n\n\n<p><strong>R\u00edos\u00a0<\/strong>destac\u00f3 que este a\u00f1o el pa\u00eds podr\u00eda\u00a0<strong>batir r\u00e9cords en exportaci\u00f3n de ganado en pie<\/strong>, lo que, sumado a un acuerdo con Estados Unidos,\u00a0<strong>potenciar\u00eda el ingreso de divisas y el desarrollo regional<\/strong>.<\/p>\n\n\n\n<h2 class=\"wp-block-heading\" id=\"h-exportaciones-en-alza\">Exportaciones en alza<\/h2>\n\n\n\n<p>En lo que va de 2025, las&nbsp;<strong>exportaciones argentinas de carne vacuna a Estados Unidos<\/strong>&nbsp;ya alcanzaron los&nbsp;<strong>USD 100 millones<\/strong>, el doble que en el mismo per\u00edodo de 2024. El volumen enviado,&nbsp;<strong>10.153 toneladas<\/strong>, posicion\u00f3 al pa\u00eds como el&nbsp;<strong>tercer proveedor<\/strong>&nbsp;del mercado norteamericano, detr\u00e1s de M\u00e9xico y Australia.<\/p>\n\n\n\n<p>De concretarse el aumento de la cuota, la medida&nbsp;<strong>reforzar\u00eda la posici\u00f3n de Argentina como exportador premium<\/strong>, especialmente en cortes de alta calidad.<\/p>\n\n\n\n<p><em>\u201cSi el acuerdo se confirma, habr\u00e1 que trabajar mucho en infraestructura, certificaciones y control de calidad. No alcanza con tener buena carne; hay que garantizar volumen, trazabilidad y estabilidad\u201d<\/em>, concluy\u00f3\u00a0<strong>Rizzo<\/strong>.\u00a0<\/p>\n\n\n\n<p>Los especialistas de la provincia dejaron en claro que, de concretarse, significar\u00eda una&nbsp;<strong>oportunidad hist\u00f3rica para la ganader\u00eda nacional<\/strong>, aunque advierten sobre&nbsp;<strong>cuellos de botella productivos, fiscales y sanitarios<\/strong>&nbsp;que a\u00fan deben resolverse.<\/p>\n\n\n\n<h2 class=\"wp-block-heading\" id=\"h-brasil-en-el-centro-del-conflicto\">Brasil en el centro del conflicto<\/h2>\n\n\n\n<p>La pol\u00edtica comercial de<strong>\u00a0Trump<\/strong>\u00a0con respecto a la carne argentina responde al\u00a0<strong>nuevo escenario de tensi\u00f3n con Brasil<\/strong>, principal exportador mundial del producto. Esto debido a que dicho pa\u00eds eval\u00faa\u00a0<strong>incrementar hasta un 50% los aranceles<\/strong>\u00a0a la carne brasile\u00f1a, lo que\u00a0<strong>abrir\u00eda espacio para otros proveedores<\/strong>.<\/p>\n\n\n\n<p><em>\u201cComprar\u00edamos carne de res de Argentina\u201d<\/em>, afirm\u00f3 el mandatario estadounidense el pasado lunes durante un vuelo en el Air Force One, al ser consultado por las medidas destinadas a&nbsp;<strong>bajar los precios en el mercado norteamericano<\/strong>, uno de los rubros que m\u00e1s aument\u00f3 en el \u00faltimo a\u00f1o en ese pa\u00eds.<\/p>\n\n\n\n<p>Durante el primer semestre de 2025, Brasil export\u00f3\u00a0<strong>156.000 toneladas<\/strong>\u00a0de carne vacuna a Estados Unidos, por\u00a0<strong>USD 791 millones<\/strong>, el\u00a0<strong>12%\u00a0<\/strong>de sus ventas totales. Si se concretan los nuevos aranceles, esos vol\u00famenes podr\u00edan caer dr\u00e1sticamente,\u00a0<strong>beneficiando a la Argentina<\/strong>\u00a0como alternativa de abastecimiento.<\/p>\n\n\n\n<p><strong>Fuente: www.elsol.com.ar<\/strong><\/p>\n","protected":false},"excerpt":{"rendered":"<p>El presidente de los Estados Unidos,&nbsp;Donald Trump&nbsp;anticip\u00f3 que eval\u00faa&nbsp;incrementar las compras de carne vacuna a la Argentina, en lo que ser\u00eda de un&nbsp;acuerdo comercial bilateral&nbsp;que podr\u00eda anunciarse en las pr\u00f3ximas semanas. Si bien la noticia fue celebrada, en&nbsp;Mendoza&nbsp;los especialistas pidieron&nbsp;\u201ccautela\u201d&nbsp;y advierten que a\u00fan faltan definiciones claves sobre vol\u00famenes, cortes y frigor\u00edficos habilitados para operar. El [&hellip;]<\/p>\n","protected":false},"author":2,"featured_media":15356,"comment_status":"open","ping_status":"open","sticky":false,"template":"","format":"standard","meta":[],"categories":[75],"tags":[],"_links":{"self":[{"href":"https:\/\/pasaenmendoza.com\/index.php?rest_route=\/wp\/v2\/posts\/15355"}],"collection":[{"href":"https:\/\/pasaenmendoza.com\/index.php?rest_route=\/wp\/v2\/posts"}],"about":[{"href":"https:\/\/pasaenmendoza.com\/index.php?rest_route=\/wp\/v2\/types\/post"}],"author":[{"embeddable":true,"href":"https:\/\/pasaenmendoza.com\/index.php?rest_route=\/wp\/v2\/users\/2"}],"replies":[{"embeddable":true,"href":"https:\/\/pasaenmendoza.com\/index.php?rest_route=%2Fwp%2Fv2%2Fcomments&post=15355"}],"version-history":[{"count":1,"href":"https:\/\/pasaenmendoza.com\/index.php?rest_route=\/wp\/v2\/posts\/15355\/revisions"}],"predecessor-version":[{"id":15357,"href":"https:\/\/pasaenmendoza.com\/index.php?rest_route=\/wp\/v2\/posts\/15355\/revisions\/15357"}],"wp:featuredmedia":[{"embeddable":true,"href":"https:\/\/pasaenmendoza.com\/index.php?rest_route=\/wp\/v2\/media\/15356"}],"wp:attachment":[{"href":"https:\/\/pasaenmendoza.com\/index.php?rest_route=%2Fwp%2Fv2%2Fmedia&parent=15355"}],"wp:term":[{"taxonomy":"category","embeddable":true,"href":"https:\/\/pasaenmendoza.com\/index.php?rest_route=%2Fwp%2Fv2%2Fcategories&post=15355"},{"taxonomy":"post_tag","embeddable":true,"href":"https:\/\/pasaenmendoza.com\/index.php?rest_route=%2Fwp%2Fv2%2Ftags&post=15355"}],"curies":[{"name":"wp","href":"https:\/\/api.w.org\/{rel}","templated":true}]}}