{"id":15358,"date":"2025-10-22T16:17:56","date_gmt":"2025-10-22T14:17:56","guid":{"rendered":"https:\/\/pasaenmendoza.com\/?p=15358"},"modified":"2025-10-22T16:17:56","modified_gmt":"2025-10-22T14:17:56","slug":"el-historico-pabellon-24-del-parque-fue-declarado-patrimonio-cultural","status":"publish","type":"post","link":"https:\/\/pasaenmendoza.com\/?p=15358","title":{"rendered":"El hist\u00f3rico Pabell\u00f3n 24 del Parque fue declarado Patrimonio Cultural"},"content":{"rendered":"\n<p>El Ministerio de Educaci\u00f3n, Cultura, Infancias y DGE\u00a0declar\u00f3 como &#8220;Bien del Patrimonio Hist\u00f3rico Cultural de Mendoza&#8221; al Pabell\u00f3n 24, ubicado en el coraz\u00f3n del Parque General San Mart\u00edn, un edificio emblem\u00e1tico construido a mediados del siglo pasado.<\/p>\n\n\n\n<p>La construcci\u00f3n est\u00e1 frente al Rosedal, en el Prado Catal\u00e1n, donde est\u00e1n (y estaban) algunos de los emblemas del principal espacio verde de los mendocinos como la escalera a ninguna parte (tambi\u00e9n construida para el evento ubicada junto a edificios claves) y el desmantelado laberinto.<\/p>\n\n\n\n<p>En esa zona del Parque General San Mart\u00edn se realiz\u00f3 en 1954 la &#8220;Feria de Am\u00e9rica&#8221;, un megaevento industrial y continental que dur\u00f3 4 meses y se desarroll\u00f3 integramente en Mendoza: 30 hect\u00e1reas del Parque fueron dispuestas para la feria y se montaron all\u00ed 93 pabellones, 20 dependencias, un teatro y bares. Uno de los pabellones, el 24, es una construcci\u00f3n particular, con vos vol\u00famenes abstractos vinculados por una circulaci\u00f3n organica, rampas y\u00a0 escaleras.\u00a0<\/p>\n\n\n\n<p>Seg\u00fan explic\u00f3 Pablo Bianchi en su trabajo &#8220;El Pabell\u00f3n 24 de la Feria de Am\u00e9rica (1954): una aproximaci\u00f3n en clave biogr\u00e1fica&#8221;, el evento fue de gran relevancia hist\u00f3rica y buscaba mostrar una Argentina pujante y afianzar las relaciones comerciales internacionales. El pabell\u00f3n, donde actualmente funciona la Polic\u00eda Distrital de Seguridad Uno, es el &#8220;\u00fanico testimonio material de la Feria que se mantiene en pie&#8221;.<\/p>\n\n\n\n<p>Nacido como stand para la feria, supo ser un boliche y sal\u00f3n de fiestas y ahora dependencia del Ministerio de Seguridad, el edificio es el vestigio de una Mendoza del pasado y est\u00e1 enclavado en una zona privilegiada de la provincia, por lo que Hebe Casado y\u00a0 Tadeo Garc\u00eda Zalazar decidieron declararlo como parte del Patrimonio Hist\u00f3rico Cultural de Mendoza.<\/p>\n\n\n\n<p><strong>Fuente: www.mendozapost.com<\/strong><\/p>\n","protected":false},"excerpt":{"rendered":"<p>El Ministerio de Educaci\u00f3n, Cultura, Infancias y DGE\u00a0declar\u00f3 como &#8220;Bien del Patrimonio Hist\u00f3rico Cultural de Mendoza&#8221; al Pabell\u00f3n 24, ubicado en el coraz\u00f3n del Parque General San Mart\u00edn, un edificio emblem\u00e1tico construido a mediados del siglo pasado. La construcci\u00f3n est\u00e1 frente al Rosedal, en el Prado Catal\u00e1n, donde est\u00e1n (y estaban) algunos de los emblemas [&hellip;]<\/p>\n","protected":false},"author":2,"featured_media":15359,"comment_status":"open","ping_status":"open","sticky":false,"template":"","format":"standard","meta":[],"categories":[50],"tags":[],"_links":{"self":[{"href":"https:\/\/pasaenmendoza.com\/index.php?rest_route=\/wp\/v2\/posts\/15358"}],"collection":[{"href":"https:\/\/pasaenmendoza.com\/index.php?rest_route=\/wp\/v2\/posts"}],"about":[{"href":"https:\/\/pasaenmendoza.com\/index.php?rest_route=\/wp\/v2\/types\/post"}],"author":[{"embeddable":true,"href":"https:\/\/pasaenmendoza.com\/index.php?rest_route=\/wp\/v2\/users\/2"}],"replies":[{"embeddable":true,"href":"https:\/\/pasaenmendoza.com\/index.php?rest_route=%2Fwp%2Fv2%2Fcomments&post=15358"}],"version-history":[{"count":1,"href":"https:\/\/pasaenmendoza.com\/index.php?rest_route=\/wp\/v2\/posts\/15358\/revisions"}],"predecessor-version":[{"id":15360,"href":"https:\/\/pasaenmendoza.com\/index.php?rest_route=\/wp\/v2\/posts\/15358\/revisions\/15360"}],"wp:featuredmedia":[{"embeddable":true,"href":"https:\/\/pasaenmendoza.com\/index.php?rest_route=\/wp\/v2\/media\/15359"}],"wp:attachment":[{"href":"https:\/\/pasaenmendoza.com\/index.php?rest_route=%2Fwp%2Fv2%2Fmedia&parent=15358"}],"wp:term":[{"taxonomy":"category","embeddable":true,"href":"https:\/\/pasaenmendoza.com\/index.php?rest_route=%2Fwp%2Fv2%2Fcategories&post=15358"},{"taxonomy":"post_tag","embeddable":true,"href":"https:\/\/pasaenmendoza.com\/index.php?rest_route=%2Fwp%2Fv2%2Ftags&post=15358"}],"curies":[{"name":"wp","href":"https:\/\/api.w.org\/{rel}","templated":true}]}}