{"id":15361,"date":"2025-10-22T23:51:48","date_gmt":"2025-10-22T21:51:48","guid":{"rendered":"https:\/\/pasaenmendoza.com\/?p=15361"},"modified":"2025-10-22T23:51:49","modified_gmt":"2025-10-22T21:51:49","slug":"reforma-laboral-milei-aspira-a-paritarias-por-empresa-y-a-que-el-salario-dependa-del-rendimiento","status":"publish","type":"post","link":"https:\/\/pasaenmendoza.com\/?p=15361","title":{"rendered":"Reforma laboral: Milei aspira a paritarias por empresa y a que el salario dependa del rendimiento"},"content":{"rendered":"\n<p>Este mi\u00e9rcoles, en la Comisi\u00f3n de Presupuesto y Hacienda de la C\u00e1mara de Diputados de la Naci\u00f3n, el secretario de Trabajo, Empleo y Seguridad Social,\u00a0<strong>Julio Cordero<\/strong>, adelant\u00f3 que el gobierno buscar\u00e1 llevar a cabo una\u00a0<strong>reforma laboral<\/strong>\u00a0que tendr\u00e1 como puntos centrales el concepto de &#8220;<strong>salario din\u00e1mico\u00a0<\/strong>y convenios por empresas en lugar de por actividad.<\/p>\n\n\n\n<p>Para que esa reforma prospere, todo depender\u00e1 del resultado de las elecciones del domingo y de c\u00f3mo queden conformadas las c\u00e1maras legislativas.<\/p>\n\n\n\n<p>En el Congreso, el nuevo jefe de la Comisi\u00f3n tras la expulsi\u00f3n de Jos\u00e9 Luis Espert, Bertie Benegas Lynch, presidi\u00f3 el encuentro y dirimi\u00f3 entre cr\u00edticas de la oposici\u00f3n.<\/p>\n\n\n\n<p>Cordero plante\u00f3 que la gesti\u00f3n &#8220;busca efectivamente tener una\u00a0<strong>eficiencia en la inserci\u00f3n laboral<\/strong>, un d\u00e9ficit que tenemos hace tiempo&#8221; y para lograr ese objetivo es necesario &#8220;mantener el equilibrio fiscal&#8221;.<\/p>\n\n\n\n<h2 class=\"wp-block-heading\">El reclamo de la oposici\u00f3n<\/h2>\n\n\n\n<p>Los bloques opositores le reclamaron en diferentes momentos por las estad\u00edsticas de cierre de empresas, el incremento de la informalidad laboral y la p\u00e9rdida de puestos de trabajo, en el sector privado y espec\u00edficamente en la industria.<\/p>\n\n\n\n<p>Cordero asegur\u00f3 que, desde hace dos meses, la secretar\u00eda busca realizar una&nbsp;<strong>reforma laboral<\/strong>&nbsp;para implementar en la segunda mitad del gobierno libertario.<\/p>\n\n\n\n<p>&#8220;Nosotros lo que vemos es que hay responsabilidad del sector gremial cuando se sientan en la mesa porque se dan cuenta de que la empresa tiene que ser sostenible en el tiempo. Los gremios que protegen a sus trabajadores son los que entienden que la empresa siga abierta&#8221;, afirm\u00f3.<\/p>\n\n\n\n<p>El funcionario asegur\u00f3 que el cambio proviene de los n\u00fameros paritarios y que &#8220;tienen que contemplar a la empresa que m\u00e1s lo necesita por sus trabajadores en la regi\u00f3n del pa\u00eds m\u00e1s desfavorecida porque los convenios son por actividad&#8221;.<\/p>\n\n\n\n<p>A partir de este momento, Cordero fue anunciando el plan de reforma laboral y dijo que la secretar\u00eda que comanda &#8220;trabaja en los convenio por empresa que permitir\u00eda una&nbsp;<strong>s<\/strong>ituaci\u00f3n distinta porque podr\u00edan negociar con el sindicato si la paritaria nacional qued\u00f3 muy por encima&#8221; y agreg\u00f3 que esa negociaci\u00f3n -que se\u00f1al\u00f3 que determinadas empresas no pod\u00edan cubrir- &#8220;generan un diferencial salarial siempre hace arriba&#8221;.<\/p>\n\n\n\n<p>&#8220;Tenemos un plan de&nbsp;<strong>incremento salarial din\u00e1mico<\/strong>. Eso es lo que marca la diferencia entre los salarios de convenio y los salarios reales, que estos \u00faltimos son muy superiores y deben serlo. Como la inflaci\u00f3n baja, ahora la negociaci\u00f3n es otra cosa. Los empleadores deben pagar m\u00e1s a los trabajadores que se diferencian y se destaquen. Queremos que los salarios generen este diferencial por m\u00e9rito. Si todo es lo mismo, se apunta hacia abajo&#8221;, consider\u00f3.<\/p>\n\n\n\n<p>Por el lado de los sectores &#8220;patronales&#8221;, Cordero s\u00f3lo se\u00f1al\u00f3 que est\u00e1n en conversaciones con las c\u00e1maras empresariales para que &#8220;no trasladen a precios esos aumentos y que los trabajadores puedan contar con este diferencial&#8221;.<\/p>\n\n\n\n<h2 class=\"wp-block-heading\">Qui\u00e9nes apoyan la propuesta de Javier Milei<\/h2>\n\n\n\n<p>El anuncio del gobierno es apoyado por el&nbsp;<strong>PRO<\/strong>&nbsp;y la&nbsp;<strong>UCR<\/strong>, por lo menos en cuanto a los convenios por empresa. En cuanto al &#8220;<strong>salario din\u00e1mico<\/strong>&#8220;, ser\u00eda un sistema que busca vincular la remuneraci\u00f3n de los trabajadores con su productividad individual y no colectiva, como sucede hasta ahora. Es decir, el trabajador va a ganar dependiendo lo que el empresario piense en cuanto a su productividad.<\/p>\n\n\n\n<p>En este sentido, la Secretar\u00eda de Cordero propone reducir los pisos de los salarios b\u00e1sicos por convenio y permitir que&nbsp;<strong>cada empresa negocie el incremento con su representaci\u00f3n sindical interna<\/strong>. De esta manera, reducir\u00edan el poder de los sindicatos y balcanizar\u00edan la discusi\u00f3n colectiva.<\/p>\n\n\n\n<p>La presentaci\u00f3n de Cordero gir\u00f3 sobre este \u00edtem y, adem\u00e1s, sobre una&nbsp;<strong>defensa de la quita de las multas a las empresas<\/strong>&nbsp;que no cumplen con la legislaci\u00f3n laboral que impuso la Ley Bases.<\/p>\n\n\n\n<p>&#8220;Las personas siempre tienen sus derechos laborales, las multas iban para el Estado, no para el trabajador. Existen multas e intereses gravosos cuando sale un expediente respecto de una persona que fue contratada de manera informal.&nbsp;<strong>Haber eliminado multas apunta a un desarrollo que lleve a la conclusi\u00f3n de la informalidad<\/strong>. Por supuesto que falta, pero lo que se hizo fue el comienzo, es una base&#8221;.<\/p>\n\n\n\n<p>El funcionario de la cartera laboral neg\u00f3 que se retrasaran las firmas de las paritarias y explic\u00f3 que &#8220;hay que proteger al sector privado, porque si no se lo protege, se retira&#8221;.<\/p>\n\n\n\n<p>Frente a las cr\u00edticas de la falta de homologaci\u00f3n de las paritarias, hizo referencia a que desde su secretar\u00eda &#8220;hay un di\u00e1logo permanente, esta es una secretar\u00eda de puertas abiertas donde buscamos un equilibrio entre los sindicatos y los empresarios&#8221;.<\/p>\n\n\n\n<p>A la hora de explicar los acuerdos de incrementos de 1%, Cordero los justific\u00f3 al se\u00f1alar que &#8220;al modificarse la matriz econ\u00f3mica que permite que los argentinos cuenten con una moneda estable, que no tengan el impuesto inflacionario, se ha generado una din\u00e1mica distinta en la paritaria. Hoy no se trabajan de la misma manera, que es correr contra la inflaci\u00f3n&#8221;.<\/p>\n\n\n\n<p><strong>Fuente: www.diariouno.com.ar<\/strong><\/p>\n","protected":false},"excerpt":{"rendered":"<p>Este mi\u00e9rcoles, en la Comisi\u00f3n de Presupuesto y Hacienda de la C\u00e1mara de Diputados de la Naci\u00f3n, el secretario de Trabajo, Empleo y Seguridad Social,\u00a0Julio Cordero, adelant\u00f3 que el gobierno buscar\u00e1 llevar a cabo una\u00a0reforma laboral\u00a0que tendr\u00e1 como puntos centrales el concepto de &#8220;salario din\u00e1mico\u00a0y convenios por empresas en lugar de por actividad. Para que [&hellip;]<\/p>\n","protected":false},"author":2,"featured_media":15362,"comment_status":"open","ping_status":"open","sticky":false,"template":"","format":"standard","meta":[],"categories":[50],"tags":[],"_links":{"self":[{"href":"https:\/\/pasaenmendoza.com\/index.php?rest_route=\/wp\/v2\/posts\/15361"}],"collection":[{"href":"https:\/\/pasaenmendoza.com\/index.php?rest_route=\/wp\/v2\/posts"}],"about":[{"href":"https:\/\/pasaenmendoza.com\/index.php?rest_route=\/wp\/v2\/types\/post"}],"author":[{"embeddable":true,"href":"https:\/\/pasaenmendoza.com\/index.php?rest_route=\/wp\/v2\/users\/2"}],"replies":[{"embeddable":true,"href":"https:\/\/pasaenmendoza.com\/index.php?rest_route=%2Fwp%2Fv2%2Fcomments&post=15361"}],"version-history":[{"count":1,"href":"https:\/\/pasaenmendoza.com\/index.php?rest_route=\/wp\/v2\/posts\/15361\/revisions"}],"predecessor-version":[{"id":15363,"href":"https:\/\/pasaenmendoza.com\/index.php?rest_route=\/wp\/v2\/posts\/15361\/revisions\/15363"}],"wp:featuredmedia":[{"embeddable":true,"href":"https:\/\/pasaenmendoza.com\/index.php?rest_route=\/wp\/v2\/media\/15362"}],"wp:attachment":[{"href":"https:\/\/pasaenmendoza.com\/index.php?rest_route=%2Fwp%2Fv2%2Fmedia&parent=15361"}],"wp:term":[{"taxonomy":"category","embeddable":true,"href":"https:\/\/pasaenmendoza.com\/index.php?rest_route=%2Fwp%2Fv2%2Fcategories&post=15361"},{"taxonomy":"post_tag","embeddable":true,"href":"https:\/\/pasaenmendoza.com\/index.php?rest_route=%2Fwp%2Fv2%2Ftags&post=15361"}],"curies":[{"name":"wp","href":"https:\/\/api.w.org\/{rel}","templated":true}]}}