{"id":15367,"date":"2025-10-22T23:58:22","date_gmt":"2025-10-22T21:58:22","guid":{"rendered":"https:\/\/pasaenmendoza.com\/?p=15367"},"modified":"2025-10-22T23:58:23","modified_gmt":"2025-10-22T21:58:23","slug":"mendoza-sera-epicentro-mundial-del-debate-sobre-el-agua-y-el-cambio-climatico","status":"publish","type":"post","link":"https:\/\/pasaenmendoza.com\/?p=15367","title":{"rendered":"Mendoza ser\u00e1 epicentro mundial del debate sobre el agua y el cambio clim\u00e1tico"},"content":{"rendered":"\n<p>En una provincia donde\u00a0<strong>cada gota cuenta<\/strong>, Mendoza vuelve a poner el tema del\u00a0<strong>agua<\/strong>\u00a0en el centro del debate p\u00fablico. Los d\u00edas\u00a0<strong>3 y 4 de diciembre<\/strong>, el\u00a0<strong>Auditorio \u00c1ngel Bustelo<\/strong>\u00a0ser\u00e1 sede del\u00a0<strong>V Congreso Internacional Agua para el Futuro<\/strong>, un encuentro que busca\u00a0<strong>repensar el v\u00ednculo social, pol\u00edtico y cultural<\/strong>\u00a0con el recurso m\u00e1s escaso y vital del oeste argentino.<\/p>\n\n\n\n<p>El\u00a0<strong>lema elegido, \u201cHacia un nuevo acuerdo por el agua\u201d<\/strong>, resume una preocupaci\u00f3n que trasciende las fronteras locales:\u00a0<strong>c\u00f3mo garantizar sostenibilidad, acceso y equidad<\/strong>\u00a0en un contexto de\u00a0<strong>cambio clim\u00e1tico<\/strong>\u00a0y\u00a0<strong>transformaciones sociales profundas<\/strong>.<\/p>\n\n\n\n<p>Durante la presentaci\u00f3n del evento, el\u00a0<strong>gobernador\u00a0Alfredo Cornejo<\/strong>\u00a0sostuvo que Mendoza enfrenta un tiempo decisivo. \u201cNo se trata de alarmar a la ciudadan\u00eda, sino de asumir que habr\u00e1 menos agua y actuar en consecuencia\u201d, advirti\u00f3, al destacar que la provincia debe\u00a0<strong>anticiparse a la escasez<\/strong>\u00a0con\u00a0<strong>planificaci\u00f3n, inversi\u00f3n y legislaci\u00f3n moderna<\/strong>.<\/p>\n\n\n\n<p>La\u00a0<strong>historia h\u00eddrica mendocina<\/strong>\u00a0\u2014con una institucionalidad que se remonta incluso a antes de la Constituci\u00f3n provincial\u2014 se presenta hoy como un\u00a0<strong>modelo en revisi\u00f3n<\/strong>. Durante d\u00e9cadas, Mendoza fue reconocida por su\u00a0<strong>eficiencia en el manejo del agua<\/strong>\u00a0en territorios \u00e1ridos; sin embargo, los\u00a0<strong>efectos del cambio clim\u00e1tico<\/strong>\u00a0y las\u00a0<strong>nuevas demandas urbanas y productivas<\/strong>\u00a0obligan a reescribir ese equilibrio.<\/p>\n\n\n\n<p>Para&nbsp;<strong>Sergio Marinelli<\/strong>, superintendente general de Irrigaci\u00f3n, el desaf\u00edo actual no es solo t\u00e9cnico, sino tambi\u00e9n&nbsp;<strong>cultural y educativo<\/strong>. \u201cEn el siglo XIX los mendocinos sancionaron una ley tan sabia que a\u00fan sigue vigente, pero el contexto es otro\u201d, explic\u00f3. \u201cHoy la planificaci\u00f3n debe integrar dimensiones econ\u00f3micas, sociales y ambientales, y pensar tambi\u00e9n en la&nbsp;<strong>reutilizaci\u00f3n del agua<\/strong>\u201d.<\/p>\n\n\n\n<p>El Congreso reunir\u00e1 a\u00a0<strong>especialistas de organismos internacionales<\/strong>\u00a0como la\u00a0<strong>Unesco, la CEPAL y el Banco Mundial<\/strong>, junto a\u00a0<strong>investigadores, t\u00e9cnicos y referentes del sector privado y p\u00fablico<\/strong>, para debatir sobre la\u00a0<strong>gobernanza del agua<\/strong>, la\u00a0<strong>educaci\u00f3n ambiental<\/strong>\u00a0y la\u00a0<strong>eficiencia en el uso de los recursos<\/strong>.<\/p>\n\n\n\n<p>En paralelo, habr\u00e1&nbsp;<strong>actividades abiertas al p\u00fablico<\/strong>, entre ellas&nbsp;<strong>ferias, muestras art\u00edsticas y concursos escolares<\/strong>, que apuntan a instalar el tema del agua como parte de una&nbsp;<strong>cultura ciudadana del cuidado<\/strong>. \u201cVamos a tocar todos los aspectos que tienen que ver con el agua y cerrar con lo m\u00e1s importante: la educaci\u00f3n\u201d, adelant\u00f3 Marinelli.<\/p>\n\n\n\n<p>Por su parte, el\u00a0<strong>ministro Natalio Mema<\/strong>\u00a0resalt\u00f3 que Mendoza invirti\u00f3\u00a0<strong>m\u00e1s de 200 millones de d\u00f3lares en obras h\u00eddricas y sanitarias<\/strong>\u00a0desde 2017 y que ya se trabaja en el\u00a0<strong>re\u00faso del agua tratada<\/strong>, una estrategia clave para\u00a0<strong>multiplicar su aprovechamiento<\/strong>\u00a0en tiempos de escasez.<\/p>\n\n\n\n<p><strong>Fuente: www.diariomendoza.com.ar<\/strong><\/p>\n","protected":false},"excerpt":{"rendered":"<p>En una provincia donde\u00a0cada gota cuenta, Mendoza vuelve a poner el tema del\u00a0agua\u00a0en el centro del debate p\u00fablico. Los d\u00edas\u00a03 y 4 de diciembre, el\u00a0Auditorio \u00c1ngel Bustelo\u00a0ser\u00e1 sede del\u00a0V Congreso Internacional Agua para el Futuro, un encuentro que busca\u00a0repensar el v\u00ednculo social, pol\u00edtico y cultural\u00a0con el recurso m\u00e1s escaso y vital del oeste argentino. El\u00a0lema [&hellip;]<\/p>\n","protected":false},"author":2,"featured_media":15368,"comment_status":"open","ping_status":"open","sticky":false,"template":"","format":"standard","meta":[],"categories":[47],"tags":[],"_links":{"self":[{"href":"https:\/\/pasaenmendoza.com\/index.php?rest_route=\/wp\/v2\/posts\/15367"}],"collection":[{"href":"https:\/\/pasaenmendoza.com\/index.php?rest_route=\/wp\/v2\/posts"}],"about":[{"href":"https:\/\/pasaenmendoza.com\/index.php?rest_route=\/wp\/v2\/types\/post"}],"author":[{"embeddable":true,"href":"https:\/\/pasaenmendoza.com\/index.php?rest_route=\/wp\/v2\/users\/2"}],"replies":[{"embeddable":true,"href":"https:\/\/pasaenmendoza.com\/index.php?rest_route=%2Fwp%2Fv2%2Fcomments&post=15367"}],"version-history":[{"count":1,"href":"https:\/\/pasaenmendoza.com\/index.php?rest_route=\/wp\/v2\/posts\/15367\/revisions"}],"predecessor-version":[{"id":15369,"href":"https:\/\/pasaenmendoza.com\/index.php?rest_route=\/wp\/v2\/posts\/15367\/revisions\/15369"}],"wp:featuredmedia":[{"embeddable":true,"href":"https:\/\/pasaenmendoza.com\/index.php?rest_route=\/wp\/v2\/media\/15368"}],"wp:attachment":[{"href":"https:\/\/pasaenmendoza.com\/index.php?rest_route=%2Fwp%2Fv2%2Fmedia&parent=15367"}],"wp:term":[{"taxonomy":"category","embeddable":true,"href":"https:\/\/pasaenmendoza.com\/index.php?rest_route=%2Fwp%2Fv2%2Fcategories&post=15367"},{"taxonomy":"post_tag","embeddable":true,"href":"https:\/\/pasaenmendoza.com\/index.php?rest_route=%2Fwp%2Fv2%2Ftags&post=15367"}],"curies":[{"name":"wp","href":"https:\/\/api.w.org\/{rel}","templated":true}]}}