{"id":15370,"date":"2025-10-23T00:01:24","date_gmt":"2025-10-22T22:01:24","guid":{"rendered":"https:\/\/pasaenmendoza.com\/?p=15370"},"modified":"2025-10-23T00:01:25","modified_gmt":"2025-10-22T22:01:25","slug":"cornejo-la-eleccion-del-domingo-sera-un-plebiscito-que-definira-un-rumbo-de-gestion","status":"publish","type":"post","link":"https:\/\/pasaenmendoza.com\/?p=15370","title":{"rendered":"Cornejo: &#8220;La elecci\u00f3n del domingo ser\u00e1 un plebiscito que definir\u00e1 un rumbo de gesti\u00f3n&#8221;"},"content":{"rendered":"\n<p>El Gobernador\u00a0<strong>Alfredo Cornejo<\/strong>\u00a0analiz\u00f3 el panorama pol\u00edtico y econ\u00f3mico de la Argentina en la previa de las\u00a0<strong>elecciones legislativas<\/strong>. Destac\u00f3 la importancia de los comicios como una instancia de evaluaci\u00f3n de las gestiones nacional y provincial, y\u00a0<strong>reafirm\u00f3 el compromiso de Mendoza con una administraci\u00f3n ordenada, eficiente y responsable.<\/strong><\/p>\n\n\n\n<p>\u201cTodas las elecciones legislativas han funcionado hist\u00f3ricamente como un plebiscito de gesti\u00f3n. No se vota por una persona, sino por una idea, por un rumbo. En esta oportunidad, los mendocinos tendremos la posibilidad de evaluar la gesti\u00f3n provincial y la nacional al mismo tiempo, porque ambas est\u00e1n ligadas al futuro del pa\u00eds\u201d, afirm\u00f3 el mandatario.<\/p>\n\n\n\n<p>Cornejo analiz\u00f3 adem\u00e1s el contexto pol\u00edtico nacional y las recientes modificaciones en el Gabinete, se\u00f1alando que los cambios que se avecinan estar\u00e1n determinados por los resultados electorales.<mark><strong>&nbsp;\u201cEntiendo que el resultado del 26 de octubre tendr\u00e1 influencia sobre las decisiones que tome el Gobierno nacional. Si hay una victoria, ser\u00e1 una ratificaci\u00f3n del rumbo; si hay una derrota, ser\u00e1 un llamado de atenci\u00f3n.<\/strong><\/mark>&nbsp;Pero, en cualquier caso, las elecciones marcan un punto de inflexi\u00f3n\u201d, sostuvo.<\/p>\n\n\n\n<p>En ese sentido, el mandatario remarc\u00f3 que el Gobierno de Mendoza mantiene una administraci\u00f3n equilibrada, con las cuentas ordenadas y una ejecuci\u00f3n sostenida de obras estrat\u00e9gicas para el desarrollo. \u201cNuestra provincia no tiene d\u00e9ficit, administra con prudencia sus recursos y no ha incrementado impuestos. Estamos llevando adelante inversiones por casi 1.000 millones de d\u00f3lares en obras de agua, energ\u00eda y rutas, que son la base de una infraestructura s\u00f3lida para el crecimiento. Sin embargo, si la macroeconom\u00eda no se estabiliza, ese esfuerzo pierde impacto\u201d, destac\u00f3.<\/p>\n\n\n\n<h3 class=\"wp-block-heading\"><strong>\u201cNo tendr\u00e1 mayor\u00eda parlamentaria\u201d<\/strong><\/h3>\n\n\n\n<p>Cornejo advirti\u00f3 que el crecimiento sostenido del pa\u00eds requiere consensos amplios y acuerdos pol\u00edticos que permitan aprobar reformas estructurales. \u201cAun ganando en varias provincias, el Gobierno nacional no tendr\u00e1 mayor\u00eda parlamentaria. Por eso, despu\u00e9s del 26 de octubre ser\u00e1 inexorable avanzar hacia un acuerdo amplio con los gobernadores. Solo con esas mayor\u00edas se podr\u00e1n sancionar las leyes fiscales y laborales que el pa\u00eds necesita para crecer. Varios de nosotros estamos dispuestos a colaborar, porque no soportamos m\u00e1s una Argentina que avanza y retrocede permanentemente\u201d, enfatiz\u00f3.<\/p>\n\n\n\n<p>El Gobernador tambi\u00e9n se refiri\u00f3 a la importancia de las reglas de juego estables para la inversi\u00f3n privada y el desarrollo productivo. \u201cEstas nuevas condiciones econ\u00f3micas benefician al sector privado, a los mendocinos que trabajan, que invierten, que tienen proyectos. Sabemos que el presente es dif\u00edcil, pero retroceder en este momento ser\u00eda un error mayor. Volver a la inflaci\u00f3n alta, a la baja inversi\u00f3n y al Estado sobredimensionado significar\u00eda perder las oportunidades que estamos construyendo\u201d, expres\u00f3.<\/p>\n\n\n\n<p>Sobre la din\u00e1mica electoral, Cornejo sostuvo que los comicios legislativos suelen generar menor inter\u00e9s en la ciudadan\u00eda, aunque confi\u00f3 en una participaci\u00f3n significativa. \u201cLas elecciones de medio t\u00e9rmino son menos motivantes porque no se eligen cargos ejecutivos, pero en Mendoza hemos mejorado los mecanismos institucionales para votar. Con la boleta \u00fanica y procesos m\u00e1s \u00e1giles, cada ciudadano puede ejercer su derecho de forma r\u00e1pida y transparente. Estimo que habr\u00e1 una participaci\u00f3n mayor que en otros comicios legislativos recientes\u201d, indic\u00f3.<\/p>\n\n\n\n<p>Finalmente, el Gobernador convoc\u00f3 a los mendocinos a participar activamente en la elecci\u00f3n y a reafirmar el rumbo de estabilidad que promueve el Gobierno provincial. \u201cVotar no es solo una obligaci\u00f3n, es un derecho y una herramienta de poder ciudadano. Cada voto cuenta y tiene consecuencias sobre la econom\u00eda, sobre la vida diaria, sobre las decisiones que afectan a todos. Por eso invito a los mendocinos a votar con responsabilidad, apoyando un modelo que busca consolidar el orden, la inversi\u00f3n y el trabajo como pilares de nuestra prosperidad\u201d, concluy\u00f3.<\/p>\n\n\n\n<p><strong>Fuente: www.diariomendoza.com.ar<\/strong><\/p>\n","protected":false},"excerpt":{"rendered":"<p>El Gobernador\u00a0Alfredo Cornejo\u00a0analiz\u00f3 el panorama pol\u00edtico y econ\u00f3mico de la Argentina en la previa de las\u00a0elecciones legislativas. Destac\u00f3 la importancia de los comicios como una instancia de evaluaci\u00f3n de las gestiones nacional y provincial, y\u00a0reafirm\u00f3 el compromiso de Mendoza con una administraci\u00f3n ordenada, eficiente y responsable. \u201cTodas las elecciones legislativas han funcionado hist\u00f3ricamente como un [&hellip;]<\/p>\n","protected":false},"author":2,"featured_media":15371,"comment_status":"open","ping_status":"open","sticky":false,"template":"","format":"standard","meta":[],"categories":[47],"tags":[],"_links":{"self":[{"href":"https:\/\/pasaenmendoza.com\/index.php?rest_route=\/wp\/v2\/posts\/15370"}],"collection":[{"href":"https:\/\/pasaenmendoza.com\/index.php?rest_route=\/wp\/v2\/posts"}],"about":[{"href":"https:\/\/pasaenmendoza.com\/index.php?rest_route=\/wp\/v2\/types\/post"}],"author":[{"embeddable":true,"href":"https:\/\/pasaenmendoza.com\/index.php?rest_route=\/wp\/v2\/users\/2"}],"replies":[{"embeddable":true,"href":"https:\/\/pasaenmendoza.com\/index.php?rest_route=%2Fwp%2Fv2%2Fcomments&post=15370"}],"version-history":[{"count":1,"href":"https:\/\/pasaenmendoza.com\/index.php?rest_route=\/wp\/v2\/posts\/15370\/revisions"}],"predecessor-version":[{"id":15372,"href":"https:\/\/pasaenmendoza.com\/index.php?rest_route=\/wp\/v2\/posts\/15370\/revisions\/15372"}],"wp:featuredmedia":[{"embeddable":true,"href":"https:\/\/pasaenmendoza.com\/index.php?rest_route=\/wp\/v2\/media\/15371"}],"wp:attachment":[{"href":"https:\/\/pasaenmendoza.com\/index.php?rest_route=%2Fwp%2Fv2%2Fmedia&parent=15370"}],"wp:term":[{"taxonomy":"category","embeddable":true,"href":"https:\/\/pasaenmendoza.com\/index.php?rest_route=%2Fwp%2Fv2%2Fcategories&post=15370"},{"taxonomy":"post_tag","embeddable":true,"href":"https:\/\/pasaenmendoza.com\/index.php?rest_route=%2Fwp%2Fv2%2Ftags&post=15370"}],"curies":[{"name":"wp","href":"https:\/\/api.w.org\/{rel}","templated":true}]}}