{"id":15373,"date":"2025-10-23T14:55:21","date_gmt":"2025-10-23T12:55:21","guid":{"rendered":"https:\/\/pasaenmendoza.com\/?p=15373"},"modified":"2025-10-23T14:55:22","modified_gmt":"2025-10-23T12:55:22","slug":"el-tiempo-en-mendoza-para-este-jueves-calor-y-tormentas-hacia-la-noche","status":"publish","type":"post","link":"https:\/\/pasaenmendoza.com\/?p=15373","title":{"rendered":"El tiempo en Mendoza para este jueves: calor y tormentas hacia la noche"},"content":{"rendered":"\n<p>La temperatura m\u00e1xima para este jueves ser\u00e1 de 32 grados cent\u00edgrados, mientras que la m\u00ednima se alzar\u00e1 hacia los 16 grados cent\u00edgrados.<\/p>\n\n\n\n<p>Se espera \u201cnubosidad variable con ascenso de la temperatura, vientos del noreste\u201d.<\/p>\n\n\n\n<p>Tormentas aisladas hacia la noche.<\/p>\n\n\n\n<p>Viento Zonda en Malarg\u00fce.<\/p>\n\n\n\n<p>El tiempo en alta monta\u00f1a: inestable en cordillera.<\/p>\n\n\n\n<h2 class=\"wp-block-heading\" id=\"h-alerta-amarilla\">Alerta amarilla<\/h2>\n\n\n\n<p>El Servicio Meteorol\u00f3gico Nacional emiti\u00f3 un alerta en nivel amarillo para el Este de Las Heras, La Paz, Lavalle, San Mart\u00edn, Santa Rosa por tormentas que se pronosticaron hacia la noche.<\/p>\n\n\n\n<p>\u201c<em>El \u00e1rea ser\u00e1 afectada por lluvias y tormentas de variada intensidad, algunas localmente fuertes. Las mismas estar\u00e1n acompa\u00f1adas por precipitaciones abundantes, r\u00e1fagas que puntualmente podr\u00edan alcanzar los 90 kil\u00f3metros por hora, actividad el\u00e9ctrica frecuente y principalmente con la posibilidad provocar granizo. Se prev\u00e9n valores de precipitaci\u00f3n acumulada entre 20 y 40 mil\u00edmetros, que pueden ser superados en forma puntual<\/em>\u201c.<\/p>\n\n\n\n<p><strong>Fuente: www.elsol.com.ar<\/strong><\/p>\n","protected":false},"excerpt":{"rendered":"<p>La temperatura m\u00e1xima para este jueves ser\u00e1 de 32 grados cent\u00edgrados, mientras que la m\u00ednima se alzar\u00e1 hacia los 16 grados cent\u00edgrados. Se espera \u201cnubosidad variable con ascenso de la temperatura, vientos del noreste\u201d. Tormentas aisladas hacia la noche. Viento Zonda en Malarg\u00fce. El tiempo en alta monta\u00f1a: inestable en cordillera. Alerta amarilla El Servicio [&hellip;]<\/p>\n","protected":false},"author":2,"featured_media":15374,"comment_status":"open","ping_status":"open","sticky":false,"template":"","format":"standard","meta":[],"categories":[52],"tags":[],"_links":{"self":[{"href":"https:\/\/pasaenmendoza.com\/index.php?rest_route=\/wp\/v2\/posts\/15373"}],"collection":[{"href":"https:\/\/pasaenmendoza.com\/index.php?rest_route=\/wp\/v2\/posts"}],"about":[{"href":"https:\/\/pasaenmendoza.com\/index.php?rest_route=\/wp\/v2\/types\/post"}],"author":[{"embeddable":true,"href":"https:\/\/pasaenmendoza.com\/index.php?rest_route=\/wp\/v2\/users\/2"}],"replies":[{"embeddable":true,"href":"https:\/\/pasaenmendoza.com\/index.php?rest_route=%2Fwp%2Fv2%2Fcomments&post=15373"}],"version-history":[{"count":1,"href":"https:\/\/pasaenmendoza.com\/index.php?rest_route=\/wp\/v2\/posts\/15373\/revisions"}],"predecessor-version":[{"id":15375,"href":"https:\/\/pasaenmendoza.com\/index.php?rest_route=\/wp\/v2\/posts\/15373\/revisions\/15375"}],"wp:featuredmedia":[{"embeddable":true,"href":"https:\/\/pasaenmendoza.com\/index.php?rest_route=\/wp\/v2\/media\/15374"}],"wp:attachment":[{"href":"https:\/\/pasaenmendoza.com\/index.php?rest_route=%2Fwp%2Fv2%2Fmedia&parent=15373"}],"wp:term":[{"taxonomy":"category","embeddable":true,"href":"https:\/\/pasaenmendoza.com\/index.php?rest_route=%2Fwp%2Fv2%2Fcategories&post=15373"},{"taxonomy":"post_tag","embeddable":true,"href":"https:\/\/pasaenmendoza.com\/index.php?rest_route=%2Fwp%2Fv2%2Ftags&post=15373"}],"curies":[{"name":"wp","href":"https:\/\/api.w.org\/{rel}","templated":true}]}}