{"id":15376,"date":"2025-10-23T15:01:06","date_gmt":"2025-10-23T13:01:06","guid":{"rendered":"https:\/\/pasaenmendoza.com\/?p=15376"},"modified":"2025-10-23T15:01:07","modified_gmt":"2025-10-23T13:01:07","slug":"que-paso-con-el-ascensor-que-se-desplomo-en-el-microcentro-de-mendoza","status":"publish","type":"post","link":"https:\/\/pasaenmendoza.com\/?p=15376","title":{"rendered":"Qu\u00e9 pas\u00f3 con el ascensor que se desplom\u00f3 en el microcentro de Mendoza"},"content":{"rendered":"\n<p>Cinco personas tuvieron que ser rescatadas este mi\u00e9rcoles por la noche luego de que excedieran la cantidad m\u00e1xima que pod\u00eda contener la unidad para funcionar y que se encuentra en un hotel.<\/p>\n\n\n\n<p>Seg\u00fan la reconstrucci\u00f3n de la Polic\u00eda, al alerta en el CEO salt\u00f3 alrededor de las 21:15 en avenida San Mart\u00edn 972, a metros de Rivadavia, donde funciona el Hotel Origen.<\/p>\n\n\n\n<p>En ese momento se subieron al ascensor cinco personas. Sin embargo, la capacidad era s\u00f3lo para tres, lo que caus\u00f3 el mal funcionamiento. Cuando lleg\u00f3 a la planta baja, cedi\u00f3 por el peso hacia el subsuelo.<\/p>\n\n\n\n<p>Entre esas cinco personas, tambi\u00e9n se encontraba el encargado del edificio. El resto eran sus familiares. Por eso, pasado el susto del desplome, el hombre de 51 a\u00f1os abri\u00f3 la puerta con una llave y, de esa manera, lograron salir de la unidad.<\/p>\n\n\n\n<p>Bomberos dej\u00f3 constancia de que no se observaron da\u00f1os y las personas que se encontraban en el interior del ascensor aseguraron no poseer ning\u00fan tipo de lesiones ni dolencias, por ello, no hubo intervenci\u00f3n judicial de la Oficina Fiscal de Capital.<\/p>\n\n\n\n<p>El incidente oblig\u00f3 al desplazamiento de Bomberos del Cuartel General y varias unidades de la Polic\u00eda en la noche del mi\u00e9rcoles.<\/p>\n\n\n\n<p><strong>Fuente: www.elsol.com.ar<\/strong><\/p>\n","protected":false},"excerpt":{"rendered":"<p>Cinco personas tuvieron que ser rescatadas este mi\u00e9rcoles por la noche luego de que excedieran la cantidad m\u00e1xima que pod\u00eda contener la unidad para funcionar y que se encuentra en un hotel. Seg\u00fan la reconstrucci\u00f3n de la Polic\u00eda, al alerta en el CEO salt\u00f3 alrededor de las 21:15 en avenida San Mart\u00edn 972, a metros [&hellip;]<\/p>\n","protected":false},"author":2,"featured_media":15377,"comment_status":"open","ping_status":"open","sticky":false,"template":"","format":"standard","meta":[],"categories":[48],"tags":[],"_links":{"self":[{"href":"https:\/\/pasaenmendoza.com\/index.php?rest_route=\/wp\/v2\/posts\/15376"}],"collection":[{"href":"https:\/\/pasaenmendoza.com\/index.php?rest_route=\/wp\/v2\/posts"}],"about":[{"href":"https:\/\/pasaenmendoza.com\/index.php?rest_route=\/wp\/v2\/types\/post"}],"author":[{"embeddable":true,"href":"https:\/\/pasaenmendoza.com\/index.php?rest_route=\/wp\/v2\/users\/2"}],"replies":[{"embeddable":true,"href":"https:\/\/pasaenmendoza.com\/index.php?rest_route=%2Fwp%2Fv2%2Fcomments&post=15376"}],"version-history":[{"count":1,"href":"https:\/\/pasaenmendoza.com\/index.php?rest_route=\/wp\/v2\/posts\/15376\/revisions"}],"predecessor-version":[{"id":15378,"href":"https:\/\/pasaenmendoza.com\/index.php?rest_route=\/wp\/v2\/posts\/15376\/revisions\/15378"}],"wp:featuredmedia":[{"embeddable":true,"href":"https:\/\/pasaenmendoza.com\/index.php?rest_route=\/wp\/v2\/media\/15377"}],"wp:attachment":[{"href":"https:\/\/pasaenmendoza.com\/index.php?rest_route=%2Fwp%2Fv2%2Fmedia&parent=15376"}],"wp:term":[{"taxonomy":"category","embeddable":true,"href":"https:\/\/pasaenmendoza.com\/index.php?rest_route=%2Fwp%2Fv2%2Fcategories&post=15376"},{"taxonomy":"post_tag","embeddable":true,"href":"https:\/\/pasaenmendoza.com\/index.php?rest_route=%2Fwp%2Fv2%2Ftags&post=15376"}],"curies":[{"name":"wp","href":"https:\/\/api.w.org\/{rel}","templated":true}]}}