{"id":15386,"date":"2025-10-23T20:20:41","date_gmt":"2025-10-23T18:20:41","guid":{"rendered":"https:\/\/pasaenmendoza.com\/?p=15386"},"modified":"2025-10-23T20:20:49","modified_gmt":"2025-10-23T18:20:49","slug":"luis-petri-en-el-cierre-de-campana-la-opcion-es-clara-o-volvemos-al-pasado-o-apostamos-al-futuro","status":"publish","type":"post","link":"https:\/\/pasaenmendoza.com\/?p=15386","title":{"rendered":"Luis Petri en el cierre de campa\u00f1a: &#8220;La opci\u00f3n es clara, o volvemos al pasado o apostamos al futuro&#8221;"},"content":{"rendered":"\n<p>En el cierre de la campa\u00f1a, el candidato a diputado nacional en primer t\u00e9rmino\u00a0<strong>Luis Petri<\/strong>\u00a0llam\u00f3 a los mendocinos este mi\u00e9rcoles a votar a la<strong>\u00a0La Libertad Avanza<\/strong>\u00a0+\u00a0<strong>Cambia Mendoza<\/strong>\u00a0el domingo: &#8220;La opci\u00f3n nunca fue tan clara, o volvemos al pasado o apostamos al futuro&#8221;. Lo hizo en el club Andes Talleres acompa\u00f1ado de funcionarios y candidatos.<\/p>\n\n\n\n<p>&#8220;Claramente tenemos que seguir trabajando para que hayan menos pobres todos los d\u00edas en&nbsp;<strong>Argentina<\/strong>&nbsp;y&nbsp;<strong>Mendoza<\/strong>&nbsp;pero hemos sacado a 12.000.000 de argentinos de la pobreza y a 6.000.000 de la indigencia&#8221;, afirm\u00f3 el actual ministro de Defensa del presidente Javier Milei.<\/p>\n\n\n\n<p>&#8220;Le estamos dando una guerra sin cuartel al narcotr\u00e1fico y lo hacemos en las provincias y en las fronteras porque creemos que hay que combatirlo decididamente con todo el poder del Estado, articulando Naci\u00f3n, provincia, municipio&#8221;, continu\u00f3 en su discurso que dio antes del gobernador Alfredo Cornejo. A su lado, se sent\u00f3 Pamela Verasay (candidata en segundo t\u00e9rmino a diputada nacional), Facundo Correa Llano (presidente de La Libertad Avanza) y \u00c1lvaro Mart\u00ednez (candidato en tercer t\u00e9rmino por la alianza oficialista). A su derecha, lo acompa\u00f1aban la vicegobernadora Hebe Casado y el diputado provincial Andr\u00e9s Peti Lombardi.<\/p>\n\n\n\n<h2 class=\"wp-block-heading\">Un mensaje a los mendocinos<\/h2>\n\n\n\n<p>El funcionario candidato habl\u00f3 durante m\u00e1s de 10 minutos a la militancia que lo\u00a0acompa\u00f1aba en este cierre de campa\u00f1a en Godoy Cruz. Le agradeci\u00f3 a los mendocinos y pidi\u00f3 &#8220;no aflojar porque esta vez el esfuerzo vale la pena&#8221;.<\/p>\n\n\n\n<p>En otra parte de su discurso reiter\u00f3 que la &#8220;propuesta&#8221; del kirchnerismo se basa en la emisi\u00f3n monetaria descontrolada, la inflaci\u00f3n, los planes sociales y el empoderamiento de los &#8220;gerentes de la pobreza&#8221;.<\/p>\n\n\n\n<p>&#8220;Cuando la inflaci\u00f3n se les disparaba se les ocurr\u00eda la idea de controlar precios y esos controles estimulaban el desabastecimiento y para evitar el desabastecimiento se les ocurri\u00f3 la carne para todos, la lechuga para todos, las verduras para todos, el pescado para todos y hasta las milanesas para todos&#8221;, lanz\u00f3 Petri.<\/p>\n\n\n\n<p>En la misma l\u00ednea remarc\u00f3 que Argentina estuvo muy cerca de ser Venezuela. &#8220;Ahora nos cuestionan porque recibimos el apoyo de Estados Unidos pero no dicen nada cuando Cristina Fern\u00e1ndez de Kirchner celebraba 13 convenios binacionales con Venezuela. Ese era el proyecto del kirchnerismo y de ah\u00ed estamos saliendo&#8221;, afirm\u00f3.<\/p>\n\n\n\n<p>Refiri\u00e9ndose espec\u00edficamente a la militancia, les pidi\u00f3 que redoblen esfuerzos porque &#8220;hay muchos mendocinos que todav\u00eda no saben a qui\u00e9n votar. A ellos tenemos que ir a buscar para convencerlos. No tenemos dudas que el cambio y el camino es por ac\u00e1&#8221;.<\/p>\n\n\n\n<p>Luego de su discurso, habilit\u00f3 las preguntas a periodistas presentes. Una de las consultas gir\u00f3 en torno al esc\u00e1ndalo de Fred Machado que oblig\u00f3 a bajar la candidatura de Jos\u00e9 Luis Espert.<\/p>\n\n\n\n<p>Al respecto, asegur\u00f3 que no afectar\u00e1 en el voto de los mendocinos y que el gobierno nacional tiene un profundo compromiso en la lucha contra el narcotr\u00e1fico.<\/p>\n\n\n\n<h2 class=\"wp-block-heading\">Pamela Verasay: &#8220;No se puede pretender que en dos a\u00f1os se resuelvan d\u00e9cadas de populismo&#8221;<\/h2>\n\n\n\n<p>La candidata en segundo t\u00e9rmino a diputada nacional, Pamela Verasay, afirm\u00f3 que &#8220;no se puede pretender que en dos a\u00f1os se resuelvan d\u00e9cadas de populismo&#8221;.<\/p>\n\n\n\n<p>&#8220;El domingo vamos a discutir si volvemos al pozo en que nos dej\u00f3 el kirchnerismo o seguimos el camino de la transformaci\u00f3n en el Congreso, en un \u00e1mbito de debate que pueda darle a la Argentina las leyes que necesita para finalmente ser un pa\u00eds serio, estable, previsible&#8221;, a\u00f1adi\u00f3.<\/p>\n\n\n\n<h2 class=\"wp-block-heading\">El cierre de Alfredo Cornejo<\/h2>\n\n\n\n<p>El gobernador Alfredo Cornejo fue\u00a0contundente con su apoyo a la gesti\u00f3n de\u00a0<strong>Javier Milei:<\/strong>\u00a0&#8220;Apoyemos al gobierno nacional en esta oportunidad demos un apoyo que sea una se\u00f1al inconfundible&#8221;.<\/p>\n\n\n\n<p>&#8220;Necesitamos que el rumbo econ\u00f3mico que traz\u00f3 el presidente&nbsp;<strong>Milei<\/strong>&nbsp;se consolide democr\u00e1ticamente en esta elecci\u00f3n de medio t\u00e9rmino, en la elecci\u00f3n de diputados nacionales por Mendoza y en la elecci\u00f3n de todo el pa\u00eds&#8221;, asegur\u00f3 el mandatario.<\/p>\n\n\n\n<p>&#8220;Nadie puede exigirle al gobierno nacional obtener resultados contundentes si reci\u00e9n se est\u00e1 haciendo la tarea sucia y dura, se est\u00e1 haciendo todo el trabajo que debieron haber hecho otros gobiernos con anticipaci\u00f3n&#8221;, lanz\u00f3.<\/p>\n\n\n\n<p>Luego, asegur\u00f3 que tiene confianza que con\u00a0<strong>Milei<\/strong>\u00a0Mendoza va a crecer, va a seguir bajando la inflaci\u00f3n, habr\u00e1 mayor empleo, mejorar\u00e1 el consumo, llegar\u00e1 la inversi\u00f3n y crecimiento de las pymes. Sin embargo, advirti\u00f3 que s\u00f3lo ocurrir\u00e1 si los argentinos ratifican el rumbo del libertario en las urnas.<\/p>\n\n\n\n<p><strong>Fuente: www.diariouno.com.ar<\/strong><\/p>\n","protected":false},"excerpt":{"rendered":"<p>En el cierre de la campa\u00f1a, el candidato a diputado nacional en primer t\u00e9rmino\u00a0Luis Petri\u00a0llam\u00f3 a los mendocinos este mi\u00e9rcoles a votar a la\u00a0La Libertad Avanza\u00a0+\u00a0Cambia Mendoza\u00a0el domingo: &#8220;La opci\u00f3n nunca fue tan clara, o volvemos al pasado o apostamos al futuro&#8221;. Lo hizo en el club Andes Talleres acompa\u00f1ado de funcionarios y candidatos. &#8220;Claramente [&hellip;]<\/p>\n","protected":false},"author":2,"featured_media":15387,"comment_status":"open","ping_status":"open","sticky":false,"template":"","format":"standard","meta":[],"categories":[47],"tags":[],"_links":{"self":[{"href":"https:\/\/pasaenmendoza.com\/index.php?rest_route=\/wp\/v2\/posts\/15386"}],"collection":[{"href":"https:\/\/pasaenmendoza.com\/index.php?rest_route=\/wp\/v2\/posts"}],"about":[{"href":"https:\/\/pasaenmendoza.com\/index.php?rest_route=\/wp\/v2\/types\/post"}],"author":[{"embeddable":true,"href":"https:\/\/pasaenmendoza.com\/index.php?rest_route=\/wp\/v2\/users\/2"}],"replies":[{"embeddable":true,"href":"https:\/\/pasaenmendoza.com\/index.php?rest_route=%2Fwp%2Fv2%2Fcomments&post=15386"}],"version-history":[{"count":1,"href":"https:\/\/pasaenmendoza.com\/index.php?rest_route=\/wp\/v2\/posts\/15386\/revisions"}],"predecessor-version":[{"id":15388,"href":"https:\/\/pasaenmendoza.com\/index.php?rest_route=\/wp\/v2\/posts\/15386\/revisions\/15388"}],"wp:featuredmedia":[{"embeddable":true,"href":"https:\/\/pasaenmendoza.com\/index.php?rest_route=\/wp\/v2\/media\/15387"}],"wp:attachment":[{"href":"https:\/\/pasaenmendoza.com\/index.php?rest_route=%2Fwp%2Fv2%2Fmedia&parent=15386"}],"wp:term":[{"taxonomy":"category","embeddable":true,"href":"https:\/\/pasaenmendoza.com\/index.php?rest_route=%2Fwp%2Fv2%2Fcategories&post=15386"},{"taxonomy":"post_tag","embeddable":true,"href":"https:\/\/pasaenmendoza.com\/index.php?rest_route=%2Fwp%2Fv2%2Ftags&post=15386"}],"curies":[{"name":"wp","href":"https:\/\/api.w.org\/{rel}","templated":true}]}}