{"id":1539,"date":"2023-09-19T13:40:08","date_gmt":"2023-09-19T11:40:08","guid":{"rendered":"https:\/\/pasaenmendoza.com\/?p=1539"},"modified":"2023-09-19T13:40:09","modified_gmt":"2023-09-19T11:40:09","slug":"cornejo-sumo-el-apoyo-de-gobernadores-electos-de-cuyo-en-busca-de-una-foto-historica","status":"publish","type":"post","link":"https:\/\/pasaenmendoza.com\/?p=1539","title":{"rendered":"Cornejo sum\u00f3 el apoyo de gobernadores electos de Cuyo en busca de una foto hist\u00f3rica"},"content":{"rendered":"\n<p> El candidato de Cambia Mendoza recibi\u00f3 a Claudio Poggi y Marcelo Orrego. Resaltaron la importancia de contar con un gobierno nacional af\u00edn.<\/p>\n\n\n\n<p>l senador nacional&nbsp;<strong>Alfredo Cornejo busc\u00f3 condensar en una foto el bloque regional que podr\u00eda darse si llega nuevamente a la gobernaci\u00f3n. Reuni\u00f3,<\/strong>&nbsp;junto con el gobernador&nbsp;<strong>Rodolfo Suarez,&nbsp;<\/strong>a los mandatarios electos de San Luis,&nbsp;<strong>Claudio Poggi&nbsp;<\/strong>y de San Juan,&nbsp;<strong>Marcelo Orrego,&nbsp;<\/strong>en un encuentro con empresarios realizado en un hotel c\u00e9ntrico.<\/p>\n\n\n\n<p>Los futuros gobernadores de las provincias vecinas pidieron a los representantes del sector que acompa\u00f1en la candidatura de Cornejo para lograr una foto hist\u00f3rica en diciembre:&nbsp;<mark>nunca las provincias de Cuyo estuvieron gobernadas en simult\u00e1neo por dirigentes no peronistas.<\/mark><\/p>\n\n\n\n<p>Al encuentro tambi\u00e9n estuvo invitado el gobernador electo de Neuqu\u00e9n,\u00a0<strong>Rolando Figueroa<\/strong>, pero no pudo asistir por inconvenientes log\u00edsticos con el vuelo que deb\u00eda traerlo hasta la provincia.<\/p>\n\n\n\n<p>El primero de los mandatarios en tomar la palabra fue Manuel Orrego<mark>, quien se\u00f1al\u00f3 la importancia de la integraci\u00f3n de la regi\u00f3n<\/mark>&nbsp;y de compartir el \u201c<em>color pol\u00edtico<\/em>\u201d con las provincias de Cuyo y con la administraci\u00f3n del pa\u00eds.<\/p>\n\n\n\n<p>\u201c<em>Para integrarnos es importante una agenda com\u00fan que nos permita el desarrollo de la regi\u00f3n. Mejor infraestructura y caminos en condiciones que permitan conectar nuestras provincias<\/em>\u201c, explic\u00f3 el dirigente sanjuanino, que adem\u00e1s&nbsp;<mark>opin\u00f3 sobre la elecci\u00f3n nacional con una fuerte chicana a Javier Milei.<\/mark><\/p>\n\n\n\n<p>\u201c<em>El 81% de los fondos de San Juan provienen de la Naci\u00f3n y sirven principalmente para el desarrollo de la obra p\u00fablica. Hay un candidato que propone eliminar todo esto y claramente nos preocupa, no nos podemos hacer los desentendidos. Necesitamos que Patricia Bullrich sea nuestra presidenta<\/em>\u201c, areng\u00f3 en pos de la candidata de&nbsp;<strong>Juntos por el Cambio<\/strong>.<\/p>\n\n\n\n<p>A su turno, Poggi insisti\u00f3 en la importancia de \u201c<em>defender las econom\u00edas regionales y el federalismo del pa\u00eds<\/em>\u201c, y le pidi\u00f3 a los empresarios involucrarse para \u201c<em>convencer a los distra\u00eddos de la importancia de la elecci\u00f3n\u201d<\/em>.<\/p>\n\n\n\n<p><em>\u201cPara defender nuestras econom\u00edas regionales y defendernos, en el buen sentido, del poder central, debemos abroquelarnos todo el sector p\u00fablico y privado. Tenemos que trabajar codo a codo para generar trabajo. Esa foto in\u00e9dita de tener el mismo color pol\u00edtico en la regi\u00f3n, nos obliga a no hacernos los tontos. Hay una elecci\u00f3n en una semana y debemos involucrarnos m\u00e1s, cada uno de ustedes debe hablar con su entorno y convencerlos de la importancia de la elecci\u00f3n del domingo para la Mendoza y la regi\u00f3n\u201d<\/em>, indic\u00f3 el mandatario puntano.<\/p>\n\n\n\n<p>Cornejo fue quien cerr\u00f3 el encuentro y agradeci\u00f3 el apoyo de los mandatarios electos de las provincias vecinas, aunque destac\u00f3 que la importancia del encuentro es \u201c<em>vital para la elecci\u00f3n, pero mucho m\u00e1s para la regi\u00f3n\u201d<\/em>. Adem\u00e1s, dedic\u00f3 una gran parte de su exposici\u00f3n para se\u00f1alar la relevancia de un gobierno nacional af\u00edn.<\/p>\n\n\n\n<p><em>\u201cEnfrentar los problemas que tiene Argentina no es lo mismo hacerlo solos que unidos como regi\u00f3n. Tenemos que cambiar la Argentina y tenemos que ir en esa direcci\u00f3n, necesitamos que la moneda no se deval\u00fae. Necesitamos un tipo de cambio competitivo, de equilibrio. Debemos influir en la econom\u00eda nacional\u201d<\/em>, postul\u00f3.<\/p>\n\n\n\n<h2 class=\"wp-block-heading\" id=\"h-la-clave-del-desarrollo-minero\">La clave del desarrollo minero<\/h2>\n\n\n\n<p>Gran parte de la exposici\u00f3n se centr\u00f3 en la importancia del desarrollo minero y de explotaci\u00f3n petrolera. Orrego se\u00f1al\u00f3 que \u201c<em>hablar de miner\u00eda es hablar de medio ambiente<\/em>\u201c, intentando<mark>&nbsp;incluir en la agenda la explotaci\u00f3n de minerales como litio y cobre en la cordillera cuyana.<\/mark><\/p>\n\n\n\n<p>En este sentido, Cornejo se quej\u00f3 de la falta de desarrollo en la infraestructura que comunique a Mendoza con San Juan y Neuqu\u00e9n, se\u00f1alando el impacto log\u00edstico que tendr\u00eda la Ruta 40 para empujar al sector. \u201c<em>Hay que terminar la ruta 40 con San Juan de una put.. vez, lo mismo con Neuqu\u00e9n, que nos dar\u00e1 la oportunidad de avanzar en crecimiento del sector petrolero\u201d<\/em>, sostuvo el mendocino.<\/p>\n\n\n\n<p>Finalmente, el candidato de Cambia Mendoza opin\u00f3 sobre la exploraci\u00f3n de Hierro Indio y la firma del contrato de Potasio R\u00edo Colorado (PRC) y asegur\u00f3 que se trata de una oportunidad \u00fanica para la provincia.<\/p>\n\n\n\n<p><em>\u201cImag\u00ednense que el hierro y el potasio son productos que el pa\u00eds importa, es decir que salen divisas del pa\u00eds. Es una gran posibilidad, son proyectos que cuentan con licencia social en el lugar donde se desarrolla. Mendoza puede aprovechar esta oportunidad\u201d<\/em>, puntualiz\u00f3.<\/p>\n\n\n\n<p>FUENTE: elsol.com.ar<\/p>\n","protected":false},"excerpt":{"rendered":"<p>El candidato de Cambia Mendoza recibi\u00f3 a Claudio Poggi y Marcelo Orrego. Resaltaron la importancia de contar con un gobierno nacional af\u00edn. l senador nacional&nbsp;Alfredo Cornejo busc\u00f3 condensar en una foto el bloque regional que podr\u00eda darse si llega nuevamente a la gobernaci\u00f3n. Reuni\u00f3,&nbsp;junto con el gobernador&nbsp;Rodolfo Suarez,&nbsp;a los mandatarios electos de San Luis,&nbsp;Claudio Poggi&nbsp;y [&hellip;]<\/p>\n","protected":false},"author":2,"featured_media":1540,"comment_status":"open","ping_status":"open","sticky":true,"template":"","format":"standard","meta":[],"categories":[47],"tags":[],"_links":{"self":[{"href":"https:\/\/pasaenmendoza.com\/index.php?rest_route=\/wp\/v2\/posts\/1539"}],"collection":[{"href":"https:\/\/pasaenmendoza.com\/index.php?rest_route=\/wp\/v2\/posts"}],"about":[{"href":"https:\/\/pasaenmendoza.com\/index.php?rest_route=\/wp\/v2\/types\/post"}],"author":[{"embeddable":true,"href":"https:\/\/pasaenmendoza.com\/index.php?rest_route=\/wp\/v2\/users\/2"}],"replies":[{"embeddable":true,"href":"https:\/\/pasaenmendoza.com\/index.php?rest_route=%2Fwp%2Fv2%2Fcomments&post=1539"}],"version-history":[{"count":1,"href":"https:\/\/pasaenmendoza.com\/index.php?rest_route=\/wp\/v2\/posts\/1539\/revisions"}],"predecessor-version":[{"id":1541,"href":"https:\/\/pasaenmendoza.com\/index.php?rest_route=\/wp\/v2\/posts\/1539\/revisions\/1541"}],"wp:featuredmedia":[{"embeddable":true,"href":"https:\/\/pasaenmendoza.com\/index.php?rest_route=\/wp\/v2\/media\/1540"}],"wp:attachment":[{"href":"https:\/\/pasaenmendoza.com\/index.php?rest_route=%2Fwp%2Fv2%2Fmedia&parent=1539"}],"wp:term":[{"taxonomy":"category","embeddable":true,"href":"https:\/\/pasaenmendoza.com\/index.php?rest_route=%2Fwp%2Fv2%2Fcategories&post=1539"},{"taxonomy":"post_tag","embeddable":true,"href":"https:\/\/pasaenmendoza.com\/index.php?rest_route=%2Fwp%2Fv2%2Ftags&post=1539"}],"curies":[{"name":"wp","href":"https:\/\/api.w.org\/{rel}","templated":true}]}}