{"id":15392,"date":"2025-10-23T20:33:51","date_gmt":"2025-10-23T18:33:51","guid":{"rendered":"https:\/\/pasaenmendoza.com\/?p=15392"},"modified":"2025-10-23T20:33:52","modified_gmt":"2025-10-23T18:33:52","slug":"por-el-viento-zonda-suspendieron-las-clases-en-el-turno-tarde-en-malargue","status":"publish","type":"post","link":"https:\/\/pasaenmendoza.com\/?p=15392","title":{"rendered":"Por el viento Zonda, suspendieron las clases en el turno tarde en Malarg\u00fce"},"content":{"rendered":"\n<p>Debido a los pron\u00f3sticos meteorol\u00f3gicos que confirman r\u00e1fagas de\u00a0<strong>viento Zonda,<\/strong>\u00a0y siguiendo las recomendaciones de la Direcci\u00f3n de Defensa Civil, la Direcci\u00f3n General de Escuelas (DGE) inform\u00f3 que para este jueves 23 de octubre se ha determinado la<strong>\u00a0suspensi\u00f3n de clases<\/strong>\u00a0presenciales en el turno tarde en las escuelas de todos los niveles y modalidades ubicadas en\u00a0<strong>Malarg\u00fce<\/strong>.<\/p>\n\n\n\n<p>En el resto de la provincia el servicio educativo se brinda con total normalidad.<\/p>\n\n\n\n<p>En tanto, \u201cen el departamento afectado la actividad escolar deber\u00e1 desarrollarse de manera virtual, a trav\u00e9s de la plataforma educativa Escuela Digital Mendoza\u201d, indicaron desde la DGE.<\/p>\n\n\n\n<p><strong>Fuente: www.diariomendoza.com.ar<\/strong><\/p>\n","protected":false},"excerpt":{"rendered":"<p>Debido a los pron\u00f3sticos meteorol\u00f3gicos que confirman r\u00e1fagas de\u00a0viento Zonda,\u00a0y siguiendo las recomendaciones de la Direcci\u00f3n de Defensa Civil, la Direcci\u00f3n General de Escuelas (DGE) inform\u00f3 que para este jueves 23 de octubre se ha determinado la\u00a0suspensi\u00f3n de clases\u00a0presenciales en el turno tarde en las escuelas de todos los niveles y modalidades ubicadas en\u00a0Malarg\u00fce. En [&hellip;]<\/p>\n","protected":false},"author":2,"featured_media":15393,"comment_status":"open","ping_status":"open","sticky":false,"template":"","format":"standard","meta":[],"categories":[52],"tags":[],"_links":{"self":[{"href":"https:\/\/pasaenmendoza.com\/index.php?rest_route=\/wp\/v2\/posts\/15392"}],"collection":[{"href":"https:\/\/pasaenmendoza.com\/index.php?rest_route=\/wp\/v2\/posts"}],"about":[{"href":"https:\/\/pasaenmendoza.com\/index.php?rest_route=\/wp\/v2\/types\/post"}],"author":[{"embeddable":true,"href":"https:\/\/pasaenmendoza.com\/index.php?rest_route=\/wp\/v2\/users\/2"}],"replies":[{"embeddable":true,"href":"https:\/\/pasaenmendoza.com\/index.php?rest_route=%2Fwp%2Fv2%2Fcomments&post=15392"}],"version-history":[{"count":1,"href":"https:\/\/pasaenmendoza.com\/index.php?rest_route=\/wp\/v2\/posts\/15392\/revisions"}],"predecessor-version":[{"id":15394,"href":"https:\/\/pasaenmendoza.com\/index.php?rest_route=\/wp\/v2\/posts\/15392\/revisions\/15394"}],"wp:featuredmedia":[{"embeddable":true,"href":"https:\/\/pasaenmendoza.com\/index.php?rest_route=\/wp\/v2\/media\/15393"}],"wp:attachment":[{"href":"https:\/\/pasaenmendoza.com\/index.php?rest_route=%2Fwp%2Fv2%2Fmedia&parent=15392"}],"wp:term":[{"taxonomy":"category","embeddable":true,"href":"https:\/\/pasaenmendoza.com\/index.php?rest_route=%2Fwp%2Fv2%2Fcategories&post=15392"},{"taxonomy":"post_tag","embeddable":true,"href":"https:\/\/pasaenmendoza.com\/index.php?rest_route=%2Fwp%2Fv2%2Ftags&post=15392"}],"curies":[{"name":"wp","href":"https:\/\/api.w.org\/{rel}","templated":true}]}}