{"id":15395,"date":"2025-10-23T20:38:18","date_gmt":"2025-10-23T18:38:18","guid":{"rendered":"https:\/\/pasaenmendoza.com\/?p=15395"},"modified":"2025-10-23T20:38:19","modified_gmt":"2025-10-23T18:38:19","slug":"somos-pymes-una-manana-copada-de-publico-y-herramientas-para-el-sector","status":"publish","type":"post","link":"https:\/\/pasaenmendoza.com\/?p=15395","title":{"rendered":"Somos pymes: una ma\u00f1ana copada de p\u00fablico y herramientas para el sector"},"content":{"rendered":"\n<p><strong>Mendoza<\/strong>\u00a0fue escenario de\u00a0<strong>Somos\u00a0Pymes\u00a0Summit,\u00a0Competitividad\u00a0<a rel=\"noreferrer noopener\" href=\"https:\/\/www.losandes.com.ar\/temas\/pymes\" target=\"_blank\">pyme<\/a>, pol\u00edtica, econom\u00eda y tecnolog\u00eda<\/strong>. Durante el encuentro, referentes del sector reflexionaron sobre el presente y el futuro de las peque\u00f1as y medianas\u00a0empresas\u00a0argentinas (pymes). En un contexto complejo y pr\u00e1cticamente frenado de cara a las elecciones del domingo 26 de octubre, el auditorio del hotel Sheraton estuvo con la capacidad colmada lo que mostr\u00f3 el inter\u00e9s que suscitaron los distintos paneles de la ma\u00f1ana que continu\u00f3 con igual presencia luego del almuerzo.<\/p>\n\n\n\n<p>El evento se consolid\u00f3 como un espacio plural y de di\u00e1logo entre los distintos actores del productivo, con el objetivo de articular propuestas concretas que permitan impulsar el desarrollo del sector. Durante la ma\u00f1ana, el auditorio combin\u00f3 la presencia de empresarios, emprendedores, acad\u00e9micos y funcionarios que compartieron experiencias, desaf\u00edos y visiones para fortalecer a las&nbsp;<strong>pymes<\/strong>. Por este motivo, adem\u00e1s de los paneles previstos, se cont\u00f3 con la presencia de empresas para asesorar a los asistentes as\u00ed como de espacios destinados al networking y tambi\u00e9n a lo \u201cl\u00fadico\u201d.<\/p>\n\n\n\n<p>La disertaci\u00f3n del&nbsp;<strong>economista Carlos Melconian<\/strong>&nbsp;fue una de las que m\u00e1s atrap\u00f3 la atenci\u00f3n del p\u00fablico durante la ma\u00f1ana. El profesional disert\u00f3 sobre \u201cPol\u00edtica y Econom\u00eda a d\u00edas de las elecciones\u201d y en su an\u00e1lisis, deline\u00f3 los posibles escenarios que podr\u00eda enfrentar la Argentina en los pr\u00f3ximos meses. Entre otras cosas, enfatiz\u00f3 en la necesidad de un programa econ\u00f3mico consistente que contemple las particularidades de las&nbsp;<strong>peque\u00f1as y medianas empresas<\/strong>.<\/p>\n\n\n\n<p>Con datos duros aval\u00f3 la baja del d\u00e9ficit fiscal al tiempo que dej\u00f3 interrogantes abiertos sobre lo que pasar\u00e1 en noviembre y en diciembre. El&nbsp;<strong>exdirector de leral de la Fundaci\u00f3n Mediterr\u00e1nea habl\u00f3 de la ca\u00edda de reservas<\/strong>&nbsp;y de las dificultades econ\u00f3micas que persisten m\u00e1s all\u00e1 de cierto orden logrado. En este contexto, coment\u00f3 que antes de las reformas laborales e impositivas que la mayor\u00eda espera para el a\u00f1o pr\u00f3ximo, no ser\u00e1n prioridades del Gobierno a partir del 27 de octubre sea cual sea el resultado.<\/p>\n\n\n\n<p>\u201cPara eso hay que ordenar el quilombo econ\u00f3mico y despu\u00e9s todo lo dem\u00e1s\u201d, expres\u00f3 el economista, fiel a su estil descontracturado. El profesional tambi\u00e9n marc\u00f3 la importancia de que el gobierno reconstruya gobernabilidad en cierto modo. En l\u00ednea, Melconian expres\u00f3 que las reservas hoy est\u00e1n por debajo de las heredadas del gobierno anterior y que a su entender luego de las elecciones, quedar\u00e1 claro qu\u00e9 suceder\u00e1 con el d\u00f3lar. Desde su punto de vista, el acuerdo con Estados Unidos terminar\u00e1 entonces de definirse ya que \u2013en palabras del expositor- no se ha firmado ning\u00fan contrato escrito.<\/p>\n\n\n\n<p>En este combo, Melconian mostr\u00f3 que la cantidad de d\u00f3lares fugados por las importaciones de personas (consumo), turismo al exterior y tenencia suman casi lo mismo que ha aportado el tesoro de Estados Unidos. \u201cYo no digo nada, solo muestro los n\u00fameros\u201d, observ\u00f3 el economista quien asegur\u00f3 que no es cierto que las reservas \u2013como las cuenta el Gobierno- est\u00e9n en torno a los 40.000 millones de d\u00f3lares.<\/p>\n\n\n\n<h2 class=\"wp-block-heading\">Competitividad pyme<\/h2>\n\n\n\n<p>Adem\u00e1s de Melconian, estaba prevista la charla del&nbsp;<strong>economista Emmanuel \u00c1lvarez Agis&nbsp;<\/strong>quien debi\u00f3 ausentarse a \u00faltimo momento por un inconveniente familiar. Sin embargo, los asistentes compartieron la&nbsp;<strong>ceremonia de inauguraci\u00f3n&nbsp;<\/strong>que estuvo a cargo deRodolfo Vargas Arizu, ministro de Producci\u00f3n de Mendoza; Chris D\u00e1tola, fundador de Somos Pymes; Mat\u00edas D\u00edaz Telli, presidente de la Uni\u00f3n Industrial de Mendoza (UIM); Santiago Laugero, titular de la Federaci\u00f3n Econ\u00f3mica de Mendoza (FEM); y Guillermo Pensado , presidente de la C\u00e1mara de Empresarios Mineros de Mendoza (CaMEM).<\/p>\n\n\n\n<p>Durante la apertura, los referentes coincidieron en destacar el rol estrat\u00e9gico que las&nbsp;<strong>pymes<\/strong>&nbsp;en la generaci\u00f3n de empleo, el desarrollo territorial y la innovaci\u00f3n. \u201cDesde la FEM trabajamos con la convicci\u00f3n de que la competitividad no se decreta, se construye. Se construye con empresas que optimizan costos, aplican precios razonables y asumen su responsabilidad social\u201d, subray\u00f3&nbsp;<strong>Santiago Laugero. El referente de la FEM<\/strong>&nbsp;enfatiz\u00f3 en la capacidad de adaptaci\u00f3n, esfuerzo y creatividad que caracterizan a las pymes argentinas.<\/p>\n\n\n\n<p>Vargas Arizu, por su lado, enfatiz\u00f3 que el futuro econ\u00f3mico se construye a partir de la colaboraci\u00f3n entre distintos actores que son los que cada d\u00eda se levantan a abrir sus&nbsp;<strong>pymes<\/strong>. En este marco, el ministro destac\u00f3 que la experiencia y las necesidades concretas del sector privado son esenciales para generar pol\u00edticas p\u00fablicas \u00fatiles y adaptadas a la realidad. El funcionario tambi\u00e9n comparti\u00f3 el primer panel del encuentro, \u201cEl Impacto de la Pol\u00edtica en las pymes\u201d, junto a su par de San Juan, Gustavo Fern\u00e1ndez, y con la moderaci\u00f3n de Chris D\u00e1tola, fundador de Somos Pymes.<\/p>\n\n\n\n<h2 class=\"wp-block-heading\">Herramientas financieras y networking<\/h2>\n\n\n\n<p>La mayor\u00eda de los asistentes hicieron foco en la importancia del&nbsp;<strong>financiamiento para apalancar a las pymes<\/strong>&nbsp;como el principal modo de crecer. En este marco, uno de los ejes del encuentro se centr\u00f3 en el panel&nbsp;<strong>\u201cFinanciamiento para pymes\u201d<\/strong>. En esta charla, participaron Fabiola Sosa, l\u00edder comercial Pyme, Divisi\u00f3n Cuyo de Banco Supervielle, Enrique Chimeno, manager comercial en IOL Inversiones, Maximiliano Nocera, gerente comercial de Argenpymes y Javier Fiorotto, gerente comercial de The Capita Corporation.<\/p>\n\n\n\n<p><strong>Emmanuel \u00c1lvarez Agis es uno de los disertantes en Somos Pymes Mendoza.<\/strong><\/p>\n\n\n\n<p>Los especialistas abordaron las distintas herramientas disponibles en el sistema financiero y los desaf\u00edos que enfrentan las empresas para acceder a cr\u00e9dito en un contexto de tasas altas e incertidumbre actual. Pese al contexto, el objetivo del panel fue brindar las distintas opciones crediticias de la que disponen las&nbsp;<strong>pymes&nbsp;<\/strong>y c\u00f3mo pueden complementarse. As\u00ed, se presentaron las posibilidades que se ofrecen desde la banca tradicional, el mercado de capitales, las SGR y el leasing.<\/p>\n\n\n\n<p>El encuentro de Somos Pyme tambi\u00e9n reuni\u00f3 a referentes del \u00e1mbito tecnol\u00f3gico y de la innovaci\u00f3n que aportaron una mirada sobre c\u00f3mo la transformaci\u00f3n digital impacta en la competitividad del sector. Entre ellos, el especialista en Inteligencia Artificial Fredi Vabri\u00f3 habl\u00f3 sobre \u201c\u00bfC\u00f3mo generar una mentalidad de crecimiento?\u201d. Tambi\u00e9n disert\u00f3 Dami\u00e1n Comas, CEO de Owismart<\/p>\n\n\n\n<p>Y antes del almuerzo Julieta Porta, CEO de SphereBio, habl\u00f3 sobre Vacunas para el C\u00e1ncer e Innovaci\u00f3n: C\u00f3mo una PyME Puede Gestionar Tecnolog\u00eda y Liderar Mercados. El \u00faltimo panel fue Herramientas Digitales para pymes con la participaci\u00f3n de Mar\u00eda Eugenia Haeusser, News Accounts Manager en iplan, Gustavo Viceconti, CEO de NeuralSoft, Federico Barros Vito, Cofundador de Pago TIC, Gustavo Guaragna, CEO de Snoop Consulting y la moderaci\u00f3n de Dami\u00e1n P\u00e9rez, l\u00edder comercial de Somos Pyme.<\/p>\n\n\n\n<p><strong>Fuente: www.losandes.com.ar<\/strong><\/p>\n","protected":false},"excerpt":{"rendered":"<p>Mendoza\u00a0fue escenario de\u00a0Somos\u00a0Pymes\u00a0Summit,\u00a0Competitividad\u00a0pyme, pol\u00edtica, econom\u00eda y tecnolog\u00eda. Durante el encuentro, referentes del sector reflexionaron sobre el presente y el futuro de las peque\u00f1as y medianas\u00a0empresas\u00a0argentinas (pymes). En un contexto complejo y pr\u00e1cticamente frenado de cara a las elecciones del domingo 26 de octubre, el auditorio del hotel Sheraton estuvo con la capacidad colmada lo que [&hellip;]<\/p>\n","protected":false},"author":2,"featured_media":15396,"comment_status":"open","ping_status":"open","sticky":false,"template":"","format":"standard","meta":[],"categories":[75],"tags":[],"_links":{"self":[{"href":"https:\/\/pasaenmendoza.com\/index.php?rest_route=\/wp\/v2\/posts\/15395"}],"collection":[{"href":"https:\/\/pasaenmendoza.com\/index.php?rest_route=\/wp\/v2\/posts"}],"about":[{"href":"https:\/\/pasaenmendoza.com\/index.php?rest_route=\/wp\/v2\/types\/post"}],"author":[{"embeddable":true,"href":"https:\/\/pasaenmendoza.com\/index.php?rest_route=\/wp\/v2\/users\/2"}],"replies":[{"embeddable":true,"href":"https:\/\/pasaenmendoza.com\/index.php?rest_route=%2Fwp%2Fv2%2Fcomments&post=15395"}],"version-history":[{"count":1,"href":"https:\/\/pasaenmendoza.com\/index.php?rest_route=\/wp\/v2\/posts\/15395\/revisions"}],"predecessor-version":[{"id":15397,"href":"https:\/\/pasaenmendoza.com\/index.php?rest_route=\/wp\/v2\/posts\/15395\/revisions\/15397"}],"wp:featuredmedia":[{"embeddable":true,"href":"https:\/\/pasaenmendoza.com\/index.php?rest_route=\/wp\/v2\/media\/15396"}],"wp:attachment":[{"href":"https:\/\/pasaenmendoza.com\/index.php?rest_route=%2Fwp%2Fv2%2Fmedia&parent=15395"}],"wp:term":[{"taxonomy":"category","embeddable":true,"href":"https:\/\/pasaenmendoza.com\/index.php?rest_route=%2Fwp%2Fv2%2Fcategories&post=15395"},{"taxonomy":"post_tag","embeddable":true,"href":"https:\/\/pasaenmendoza.com\/index.php?rest_route=%2Fwp%2Fv2%2Ftags&post=15395"}],"curies":[{"name":"wp","href":"https:\/\/api.w.org\/{rel}","templated":true}]}}