{"id":15398,"date":"2025-10-24T15:22:14","date_gmt":"2025-10-24T13:22:14","guid":{"rendered":"https:\/\/pasaenmendoza.com\/?p=15398"},"modified":"2025-10-24T15:22:15","modified_gmt":"2025-10-24T13:22:15","slug":"ventoso-y-con-descenso-de-la-temperatura-asi-estara-el-tiempo-este-viernes-en-mendoza","status":"publish","type":"post","link":"https:\/\/pasaenmendoza.com\/?p=15398","title":{"rendered":"Ventoso y con descenso de la temperatura: as\u00ed estar\u00e1 el tiempo este viernes en Mendoza"},"content":{"rendered":"\n<p>Tras el paso de un evento de viento Zonda en el sur provincial, las condiciones meteorol\u00f3gicas cambiar\u00e1n dr\u00e1sticamente este viernes. La Direcci\u00f3n de Contingencias Clim\u00e1ticas (DCC) inform\u00f3 que la jornada estar\u00e1 marcada por un \u201cfuerte descenso de la temperatura\u201d, vientos moderados del sector sur y condiciones de inestabilidad que podr\u00edan traer tormentas.<\/p>\n\n\n\n<p>El pron\u00f3stico oficial para hoy anticipa un d\u00eda \u201cparcialmente nublado y ventoso\u201d. Se espera que la m\u00e1xima alcance solo los 25\u00b0C, con una m\u00ednima de 18\u00b0C.<\/p>\n\n\n\n<p>Adem\u00e1s, el informe detalla que se esperan \u201ctormentas aisladas\u201d y \u201cprecipitaciones en zona cordillerana\u201d. De manera particular, la DCC advirti\u00f3 que en el departamento de Malarg\u00fce \u201cpodr\u00eda registrarse viento Zonda\u201d durante la jornada.<\/p>\n\n\n\n<p><strong>C\u00f3mo sigue el fin de semana<\/strong><\/p>\n\n\n\n<p>La inestabilidad se mantendr\u00e1 durante el inicio del fin de semana. Para el s\u00e1bado 25, se espera un cielo \u201cparcialmente nublado con poco cambio de temperatura\u201d respecto al viernes, con una m\u00e1xima estimada en 23\u00b0C. Sin embargo, se sentir\u00e1 un marcado descenso en la m\u00ednima, que caer\u00e1 a 12\u00b0C. Los vientos soplar\u00e1n desde el sur, rotando al noreste por la tarde.<\/p>\n\n\n\n<p>El panorama mejorar\u00e1 significativamente el domingo 26. Se espera una jornada \u201calgo nublada y m\u00e1s templada\u201d, con un notable \u201cascenso de la temperatura\u201d. La m\u00e1xima trepar\u00e1 hasta los 29\u00b0C, con vientos leves provenientes del noreste, devolviendo condiciones m\u00e1s primaverales al territorio.<\/p>\n\n\n\n<p><strong>Fuente: www.elsol.com.ar<\/strong><\/p>\n","protected":false},"excerpt":{"rendered":"<p>Tras el paso de un evento de viento Zonda en el sur provincial, las condiciones meteorol\u00f3gicas cambiar\u00e1n dr\u00e1sticamente este viernes. La Direcci\u00f3n de Contingencias Clim\u00e1ticas (DCC) inform\u00f3 que la jornada estar\u00e1 marcada por un \u201cfuerte descenso de la temperatura\u201d, vientos moderados del sector sur y condiciones de inestabilidad que podr\u00edan traer tormentas. El pron\u00f3stico oficial [&hellip;]<\/p>\n","protected":false},"author":2,"featured_media":15399,"comment_status":"open","ping_status":"open","sticky":false,"template":"","format":"standard","meta":[],"categories":[52],"tags":[],"_links":{"self":[{"href":"https:\/\/pasaenmendoza.com\/index.php?rest_route=\/wp\/v2\/posts\/15398"}],"collection":[{"href":"https:\/\/pasaenmendoza.com\/index.php?rest_route=\/wp\/v2\/posts"}],"about":[{"href":"https:\/\/pasaenmendoza.com\/index.php?rest_route=\/wp\/v2\/types\/post"}],"author":[{"embeddable":true,"href":"https:\/\/pasaenmendoza.com\/index.php?rest_route=\/wp\/v2\/users\/2"}],"replies":[{"embeddable":true,"href":"https:\/\/pasaenmendoza.com\/index.php?rest_route=%2Fwp%2Fv2%2Fcomments&post=15398"}],"version-history":[{"count":1,"href":"https:\/\/pasaenmendoza.com\/index.php?rest_route=\/wp\/v2\/posts\/15398\/revisions"}],"predecessor-version":[{"id":15400,"href":"https:\/\/pasaenmendoza.com\/index.php?rest_route=\/wp\/v2\/posts\/15398\/revisions\/15400"}],"wp:featuredmedia":[{"embeddable":true,"href":"https:\/\/pasaenmendoza.com\/index.php?rest_route=\/wp\/v2\/media\/15399"}],"wp:attachment":[{"href":"https:\/\/pasaenmendoza.com\/index.php?rest_route=%2Fwp%2Fv2%2Fmedia&parent=15398"}],"wp:term":[{"taxonomy":"category","embeddable":true,"href":"https:\/\/pasaenmendoza.com\/index.php?rest_route=%2Fwp%2Fv2%2Fcategories&post=15398"},{"taxonomy":"post_tag","embeddable":true,"href":"https:\/\/pasaenmendoza.com\/index.php?rest_route=%2Fwp%2Fv2%2Ftags&post=15398"}],"curies":[{"name":"wp","href":"https:\/\/api.w.org\/{rel}","templated":true}]}}