{"id":15410,"date":"2025-10-24T20:26:21","date_gmt":"2025-10-24T18:26:21","guid":{"rendered":"https:\/\/pasaenmendoza.com\/?p=15410"},"modified":"2025-10-24T20:26:27","modified_gmt":"2025-10-24T18:26:27","slug":"la-dge-abrio-el-concurso-2026-para-cargos-titulares-en-escuelas-primarias","status":"publish","type":"post","link":"https:\/\/pasaenmendoza.com\/?p=15410","title":{"rendered":"La DGE abri\u00f3 el concurso 2026 para cargos titulares en escuelas primarias"},"content":{"rendered":"\n<p>La\u00a0<strong>Direcci\u00f3n General de Escuelas (DGE) de Mendoza<\/strong>\u00a0lanz\u00f3 oficialmente el\u00a0<strong>Concurso de Ingreso a la Docencia 2026<\/strong>\u00a0para cubrir cargos titulares en escuelas primarias de gesti\u00f3n estatal, seg\u00fan la\u00a0<strong>Resoluci\u00f3n N\u00ba 5952<\/strong>, publicada este viernes en el Bolet\u00edn Oficial.<\/p>\n\n\n\n<p>El llamado incluye&nbsp;<strong>maestros de grado<\/strong>, docentes de&nbsp;<strong>materias especiales<\/strong>&nbsp;(Educaci\u00f3n F\u00edsica, M\u00fasica y Artes Visuales) y&nbsp;<strong>Auxiliares de Inform\u00e1tica Educativa (A.I.E.)<\/strong>.<\/p>\n\n\n\n<h3 class=\"wp-block-heading\">Inscripci\u00f3n y cronograma<\/h3>\n\n\n\n<p>El per\u00edodo de inscripci\u00f3n ser\u00e1&nbsp;<strong>del 27 de octubre a las 8:00 hasta el 7 de noviembre a las 23:59<\/strong>, a trav\u00e9s del&nbsp;<strong>sistema GEM<\/strong>&nbsp;(rol eventos 2026-MIPC).<\/p>\n\n\n\n<p>El\u00a0<strong>orden de m\u00e9ritos provisorio<\/strong>\u00a0se dar\u00e1 a conocer el 13 de noviembre, y los reclamos podr\u00e1n presentarse hasta el 28 de ese mes. Tras su resoluci\u00f3n,\u00a0el\u00a0<strong>orden definitivo<\/strong>\u00a0se publicar\u00e1 el 5 de diciembre.<\/p>\n\n\n\n<p>El&nbsp;<strong>acto de ofrecimiento<\/strong>&nbsp;se realizar\u00e1 de manera&nbsp;<strong>virtual y sincr\u00f3nica entre el 9 y el 12 de diciembre<\/strong>.<\/p>\n\n\n\n<h3 class=\"wp-block-heading\">Requisitos y condiciones<\/h3>\n\n\n\n<p>Los aspirantes deber\u00e1n cumplir con los art\u00edculos&nbsp;<strong>16\u00b0 y 56\u00b0 de la Ley 4934<\/strong>&nbsp;(Estatuto del Docente) y con la&nbsp;<strong>Ley 6929 de Incompatibilidad<\/strong>&nbsp;y sus modificaciones.<\/p>\n\n\n\n<p>Quienes opten por&nbsp;<strong>escuelas con jornada ampliada<\/strong>&nbsp;deber\u00e1n tener disponibilidad horaria para cumplir&nbsp;<strong>siete horas diarias<\/strong>, mientras que los docentes que postulen a&nbsp;<strong>establecimientos albergue<\/strong>&nbsp;deber\u00e1n contar con certificado psicof\u00edsico&nbsp;<strong>\u201cAPTO ALBERGUE\u201d<\/strong>&nbsp;vigente.<\/p>\n\n\n\n<h3 class=\"wp-block-heading\">Modalidad de selecci\u00f3n<\/h3>\n\n\n\n<p>El concurso se desarrollar\u00e1\u00a0de manera\u00a0<strong>virtual y sincr\u00f3nica<\/strong>, bajo la coordinaci\u00f3n de la\u00a0<strong>Junta Calificadora de M\u00e9ritos de Educaci\u00f3n Primaria<\/strong>, que se encargar\u00e1 de\u00a0<strong>verificar la documentaci\u00f3n<\/strong>\u00a0presentada por los aspirantes y asegurar el cumplimiento de todos los requisitos legales.<\/p>\n\n\n\n<p><strong>Fuente: www.diariomendoza.com.ar<\/strong><\/p>\n","protected":false},"excerpt":{"rendered":"<p>La\u00a0Direcci\u00f3n General de Escuelas (DGE) de Mendoza\u00a0lanz\u00f3 oficialmente el\u00a0Concurso de Ingreso a la Docencia 2026\u00a0para cubrir cargos titulares en escuelas primarias de gesti\u00f3n estatal, seg\u00fan la\u00a0Resoluci\u00f3n N\u00ba 5952, publicada este viernes en el Bolet\u00edn Oficial. El llamado incluye&nbsp;maestros de grado, docentes de&nbsp;materias especiales&nbsp;(Educaci\u00f3n F\u00edsica, M\u00fasica y Artes Visuales) y&nbsp;Auxiliares de Inform\u00e1tica Educativa (A.I.E.). Inscripci\u00f3n y [&hellip;]<\/p>\n","protected":false},"author":2,"featured_media":15411,"comment_status":"open","ping_status":"open","sticky":false,"template":"","format":"standard","meta":[],"categories":[56],"tags":[],"_links":{"self":[{"href":"https:\/\/pasaenmendoza.com\/index.php?rest_route=\/wp\/v2\/posts\/15410"}],"collection":[{"href":"https:\/\/pasaenmendoza.com\/index.php?rest_route=\/wp\/v2\/posts"}],"about":[{"href":"https:\/\/pasaenmendoza.com\/index.php?rest_route=\/wp\/v2\/types\/post"}],"author":[{"embeddable":true,"href":"https:\/\/pasaenmendoza.com\/index.php?rest_route=\/wp\/v2\/users\/2"}],"replies":[{"embeddable":true,"href":"https:\/\/pasaenmendoza.com\/index.php?rest_route=%2Fwp%2Fv2%2Fcomments&post=15410"}],"version-history":[{"count":1,"href":"https:\/\/pasaenmendoza.com\/index.php?rest_route=\/wp\/v2\/posts\/15410\/revisions"}],"predecessor-version":[{"id":15412,"href":"https:\/\/pasaenmendoza.com\/index.php?rest_route=\/wp\/v2\/posts\/15410\/revisions\/15412"}],"wp:featuredmedia":[{"embeddable":true,"href":"https:\/\/pasaenmendoza.com\/index.php?rest_route=\/wp\/v2\/media\/15411"}],"wp:attachment":[{"href":"https:\/\/pasaenmendoza.com\/index.php?rest_route=%2Fwp%2Fv2%2Fmedia&parent=15410"}],"wp:term":[{"taxonomy":"category","embeddable":true,"href":"https:\/\/pasaenmendoza.com\/index.php?rest_route=%2Fwp%2Fv2%2Fcategories&post=15410"},{"taxonomy":"post_tag","embeddable":true,"href":"https:\/\/pasaenmendoza.com\/index.php?rest_route=%2Fwp%2Fv2%2Ftags&post=15410"}],"curies":[{"name":"wp","href":"https:\/\/api.w.org\/{rel}","templated":true}]}}