{"id":15413,"date":"2025-10-24T20:35:22","date_gmt":"2025-10-24T18:35:22","guid":{"rendered":"https:\/\/pasaenmendoza.com\/?p=15413"},"modified":"2025-10-24T20:35:23","modified_gmt":"2025-10-24T18:35:23","slug":"quienes-son-los-candidatos-en-las-elecciones-2025-de-octubre-en-mendoza","status":"publish","type":"post","link":"https:\/\/pasaenmendoza.com\/?p=15413","title":{"rendered":"Qui\u00e9nes son los candidatos en las elecciones 2025 de octubre en Mendoza"},"content":{"rendered":"\n<p>Cerca de 1.000 son los\u00a0<strong>candidatos<\/strong>\u00a0que se presentan en las\u00a0<strong>elecciones 2025<\/strong>\u00a0en Mendoza. En esta nota te presentamos el mapa pol\u00edtico por categor\u00eda, municipio y fuerza pol\u00edtica.<\/p>\n\n\n\n<p>En las&nbsp;<strong>elecciones legislativas<\/strong>&nbsp;de este domingo 26 de octubre quedar\u00e1n definidos cinco diputados nacionales, 19 senadores provinciales y 24 diputados provinciales.<\/p>\n\n\n\n<p>En Mendoza se votar\u00e1 con dos\u00a0<strong>boletas \u00fanicas<\/strong>, una para la categor\u00eda nacional; y otra para la\u00a0<strong>elecci\u00f3n<\/strong>\u00a0de legisladores provinciales. En 12 de los 18 municipios, en esa boleta local tambi\u00e9n habr\u00e1\u00a0<strong>candidatos<\/strong>\u00a0a concejales.<\/p>\n\n\n\n<h2 class=\"wp-block-heading\">Qui\u00e9nes son los candidatos en las elecciones 2025 en Mendoza<\/h2>\n\n\n\n<p>Para la&nbsp;<strong>elecci\u00f3n de diputados nacionales<\/strong>, en Mendoza quedaron oficializados ocho frentes. Cada uno de ellos competir\u00e1 con cinco&nbsp;<strong>candidatos<\/strong>.<\/p>\n\n\n\n<p>501 &#8211; FUERZA JUSTICIALISTA MENDOZA<\/p>\n\n\n\n<ul>\n<li>F\u00e9lix, Emir<\/li>\n\n\n\n<li>Uceda, Marisa<\/li>\n\n\n\n<li>Stevanato, Mat\u00edas<\/li>\n\n\n\n<li>Dest\u00e9fanis, Flor<\/li>\n\n\n\n<li>Ubieta, Fernando<\/li>\n<\/ul>\n\n\n\n<p>502 &#8211; FRENTE VERDE<\/p>\n\n\n\n<ul>\n<li>Vadillo, Mario<\/li>\n\n\n\n<li>Bobba, Bel\u00e9n<\/li>\n\n\n\n<li>Chappel, Dugar<\/li>\n\n\n\n<li>Torres, Oriana<\/li>\n\n\n\n<li>Mu\u00f1oz, Maximiliano<\/li>\n<\/ul>\n\n\n\n<p>222 &#8211; PROTECTORA FUERZA POL\u00cdTICA<\/p>\n\n\n\n<ul>\n<li>Jacky, Carolina<\/li>\n\n\n\n<li>Zelada, Carlos<\/li>\n\n\n\n<li>Rojas, Mar\u00eda In\u00e9s<\/li>\n\n\n\n<li>Matas, Mateo<\/li>\n\n\n\n<li>Urzi, Laura<\/li>\n<\/ul>\n\n\n\n<p>504 &#8211; FRENTE DE IZQUIERDA Y DE TRABAJADORES &#8211; UNIDAD<\/p>\n\n\n\n<ul>\n<li>Blanco Minoli, Micaela<\/li>\n\n\n\n<li>Fern\u00e1ndez, Nico<\/li>\n\n\n\n<li>Bernabeli, Marta<\/li>\n\n\n\n<li>Cortez, Nicol\u00e1s<\/li>\n\n\n\n<li>Uceda, Julieta<\/li>\n<\/ul>\n\n\n\n<p>13 &#8211; MOVIMIENTO AL SOCIALISMO<\/p>\n\n\n\n<ul>\n<li>Barros, Susana<\/li>\n\n\n\n<li>Flores, Fernando<\/li>\n\n\n\n<li>Miranda, Pamela<\/li>\n\n\n\n<li>D\u00edaz, Nahuel<\/li>\n\n\n\n<li>L\u00f3pez, Lis<\/li>\n<\/ul>\n\n\n\n<p>506 &#8211; FRENTE LIBERTARIO DEM\u00d3CRATA<\/p>\n\n\n\n<ul>\n<li>Sottile, Gabriel<\/li>\n\n\n\n<li>Maestri, Mariel<\/li>\n\n\n\n<li>Pescarmona, Gast\u00f3n<\/li>\n\n\n\n<li>Bermejo, \u00c1ngeles<\/li>\n\n\n\n<li>Raffetto, Federico<\/li>\n<\/ul>\n\n\n\n<p>503 &#8211; ALIANZA DEFENDAMOS MENDOZA &#8211; PROVINCIAS UNIDAS<\/p>\n\n\n\n<ul>\n<li>Difonso, Jorge<\/li>\n\n\n\n<li>Manoni, Flavia<\/li>\n\n\n\n<li>Palero, Jorge<\/li>\n\n\n\n<li>Talquenca, Gisella<\/li>\n\n\n\n<li>Escobar, Luis<\/li>\n<\/ul>\n\n\n\n<p>505 &#8211; ALIANZA LA LIBERTAD AVANZA<\/p>\n\n\n\n<ul>\n<li>Petri, Luis<\/li>\n\n\n\n<li>Verasay, Pamela<\/li>\n\n\n\n<li>Mart\u00ednez, \u00c1lvaro<\/li>\n\n\n\n<li>Metral Asensio, Mar\u00eda<\/li>\n\n\n\n<li>Pinti, Mauricio<\/li>\n<\/ul>\n\n\n\n<figure class=\"wp-block-image\"><img decoding=\"async\" src=\"https:\/\/media.diariouno.com.ar\/p\/79e850c136fa0a433460f9ee2251162e\/adjuntos\/298\/imagenes\/009\/645\/0009645740\/1200x0\/smart\/candidatos-elecciones-2025-mendoza-diputados-nacionales.jpg\" alt=\"As\u00ed es la boleta \u00fanica con candidatos a diputados nacionales para las elecciones 2025 en Mendoza.\" title=\"As\u00ed es la boleta \u00fanica con candidatos a diputados nacionales para las elecciones 2025 en Mendoza.\"\/><\/figure>\n\n\n\n<p>As\u00ed es la boleta \u00fanica con candidatos a diputados nacionales para las elecciones 2025 en Mendoza.<\/p>\n\n\n\n<h2 class=\"wp-block-heading\">Qui\u00e9nes son los candidatos a senadores y diputados provinciales en las elecciones 2025 de Mendoza<\/h2>\n\n\n\n<p>Por otra parte, en las&nbsp;<strong>elecciones provinciales<\/strong>&nbsp;tambi\u00e9n se presentan ocho frentes, pero con un cambio: sale el Movimiento Socialista y se suma el Partido de los Jubilados, que ir\u00e1 en la columna de la derecha.<\/p>\n\n\n\n<p>Se elegir\u00e1n&nbsp;<strong>senadores y diputados provinciales<\/strong>, por distrito electoral, por lo que los&nbsp;<strong>candidatos<\/strong>&nbsp;que competir\u00e1n el 26 de octubre por esas bancas no son los mismos en toda la provincia.<\/p>\n\n\n\n<p>Adem\u00e1s, en 12 de los 18 municipios habr\u00e1&nbsp;<strong>elecciones departamentales<\/strong>&nbsp;en las que se elegir\u00e1n concejales. En ese caso, las boletas \u00fanicas provinciales tendr\u00e1n tres filas:&nbsp;<strong>senadores, diputados y concejales<\/strong>. Y, adem\u00e1s de los frentes que presentan candidatos a nivel provincial, en algunos departamentos competir\u00e1n partidos municipales en la categor\u00eda de concejal.<\/p>\n\n\n\n<p>Las secciones electorales en&nbsp;<strong>Mendoza<\/strong>&nbsp;son cuatro:<\/p>\n\n\n\n<ul>\n<li>Primera secci\u00f3n: Lavalle, Las Heras, Ciudad, Guaymall\u00e9n<\/li>\n\n\n\n<li>Segunda secci\u00f3n: Maip\u00fa, San Mart\u00edn, Rivadavia, Jun\u00edn, Las Paz y Santa Rosa<\/li>\n\n\n\n<li>Tercera secci\u00f3n: Godoy Cruz, Luj\u00e1n de Cuyo, Tunuy\u00e1n, San Carlos y Tupungato<\/li>\n\n\n\n<li>Cuarta secci\u00f3n: San Rafael, General Alvear y Malarg\u00fce<\/li>\n<\/ul>\n\n\n\n<p>Y en cada una de ellas, se eligen diferente cantidad de&nbsp;<strong>senadores y diputados provinciales<\/strong>:<\/p>\n\n\n\n<ul>\n<li>Primera secci\u00f3n: 6 senadores y 8 diputados<\/li>\n\n\n\n<li>Segunda secci\u00f3n: 5 senadores y 6 diputados<\/li>\n\n\n\n<li>Tercera secci\u00f3n: 4 senadores y 5 diputados<\/li>\n\n\n\n<li>Cuarta secci\u00f3n: 4 senadores y 5 diputados<\/li>\n<\/ul>\n\n\n\n<h3 class=\"wp-block-heading\"><strong>Candidatos en Lavalle, Las Heras, Ciudad, Guaymall\u00e9n<\/strong><\/h3>\n\n\n\n<p><strong>Fuerza Justicialista Mendoza<\/strong><\/p>\n\n\n\n<p><strong>Senadores provinciales<\/strong><\/p>\n\n\n\n<ul>\n<li>&nbsp;Adriana Cano<\/li>\n\n\n\n<li>Gustavo Valls<\/li>\n\n\n\n<li>Zaharay Ortega<\/li>\n\n\n\n<li>Alfredo Guevara<\/li>\n\n\n\n<li>Romina Garc\u00eda Parejas<\/li>\n\n\n\n<li>Octavio Rodr\u00edguez<\/li>\n<\/ul>\n\n\n\n<p><strong>Diputados provinciales<\/strong><\/p>\n\n\n\n<ul>\n<li>&nbsp;Lucas Ilardo<\/li>\n\n\n\n<li>Lidia Quintana<\/li>\n\n\n\n<li>Valentina Mor\u00e1n<\/li>\n\n\n\n<li>Sergio Javier Luza<\/li>\n\n\n\n<li>Malena Ozollo<\/li>\n\n\n\n<li>Alfredo Ra\u00fal Funez<\/li>\n\n\n\n<li>Malvina Beatriz Luera<\/li>\n\n\n\n<li>Gonzalo Ridolfi<\/li>\n<\/ul>\n\n\n\n<p><strong>La Libertad Avanza + Cambia Mendoza<\/strong><\/p>\n\n\n\n<p><strong>Senadores provinciales<\/strong><\/p>\n\n\n\n<ul>\n<li>&nbsp;S\u00e1nchez, Patricia<\/li>\n\n\n\n<li>Fosco, Lucas<\/li>\n\n\n\n<li>Mart\u00edn, Eduardo<\/li>\n\n\n\n<li>P\u00e9rez, Evelin Giselle<\/li>\n\n\n\n<li>Fanalli, Mar\u00eda P\u00eda<\/li>\n\n\n\n<li>Gatica, Santiago Daniel<\/li>\n<\/ul>\n\n\n\n<p><strong>Diputados provinciales<\/strong><\/p>\n\n\n\n<ul>\n<li>&nbsp;Sadofschi, Juli\u00e1n<\/li>\n\n\n\n<li>Ramos, Mar\u00eda In\u00e9s<\/li>\n\n\n\n<li>Allende, Juana<\/li>\n\n\n\n<li>Jadur, Ismael<\/li>\n\n\n\n<li>Corval\u00e1n, Estefan\u00eda<\/li>\n\n\n\n<li>Zingaretti, Jorge Ra\u00fal<\/li>\n\n\n\n<li>Meardi, Francisco<\/li>\n\n\n\n<li>Guillen, Carolina<\/li>\n<\/ul>\n\n\n\n<p><strong>Protectora Fuerza Pol\u00edtica<\/strong><\/p>\n\n\n\n<p><strong>Senadores provinciales<\/strong><\/p>\n\n\n\n<ul>\n<li>&nbsp;Mario Daniel Orozco<\/li>\n\n\n\n<li>Cecilia Perez<\/li>\n\n\n\n<li>Marcelo Joaqu\u00edn Orero<\/li>\n\n\n\n<li>Adela Olga Isabel Paez<\/li>\n\n\n\n<li>Leonardo Dami\u00e1n Moreno Pereyra<\/li>\n\n\n\n<li>Johana Estefan\u00eda Arangue<\/li>\n<\/ul>\n\n\n\n<p><strong>Diputados provinciales<\/strong><\/p>\n\n\n\n<ul>\n<li>&nbsp;Jos\u00e9 Luis Ram\u00f3n<\/li>\n\n\n\n<li>Luc\u00eda Ramos<\/li>\n\n\n\n<li>Eduardo Mario Deblasi<\/li>\n\n\n\n<li>Gladys Elena Rodriguez<\/li>\n\n\n\n<li>Mario Riccio<\/li>\n\n\n\n<li>Romina Gladys Mutis<\/li>\n\n\n\n<li>Hugo Alberto Pierantonelli<\/li>\n\n\n\n<li>Lourdes Ver\u00f3nica Montuori<\/li>\n<\/ul>\n\n\n\n<p><strong>Frente Verde<\/strong><\/p>\n\n\n\n<p><strong>Senadores provinciales<\/strong><\/p>\n\n\n\n<ul>\n<li>&nbsp;Garc\u00eda, Ricardo Ariel<\/li>\n\n\n\n<li>Pasqualetti, Flavia<\/li>\n\n\n\n<li>Torres, Nicol\u00e1s<\/li>\n\n\n\n<li>Blanco, Luisina<\/li>\n\n\n\n<li>Rovira, Marcela<\/li>\n\n\n\n<li>Orellana, Alejandro<\/li>\n<\/ul>\n\n\n\n<p><strong>Diputados provinciales<\/strong><\/p>\n\n\n\n<ul>\n<li>&nbsp;Fugazzotto, Ema<\/li>\n\n\n\n<li>Herensperger, Ana<\/li>\n\n\n\n<li>Mellado, Alfredo<\/li>\n\n\n\n<li>Orellano, Fernanda<\/li>\n\n\n\n<li>Pereyra, Ismael \u201cBruja\u201d<\/li>\n\n\n\n<li>Bobba, Celeste<\/li>\n<\/ul>\n\n\n\n<p><strong>Provincias Unidas \/ Defendamos Mendoza<\/strong><\/p>\n\n\n\n<p><strong>Senadores provinciales<\/strong><\/p>\n\n\n\n<ul>\n<li>&nbsp;\u00c1balos, Federico<\/li>\n\n\n\n<li>Iturbe, Claudia<\/li>\n\n\n\n<li>Lima, Mario<\/li>\n\n\n\n<li>Correa, Vanesa<\/li>\n\n\n\n<li>Rubio, Alexis<\/li>\n\n\n\n<li>Becerra, Stella Maris<\/li>\n<\/ul>\n\n\n\n<p><strong>Diputados provinciales<\/strong><\/p>\n\n\n\n<ul>\n<li>&nbsp;Righi, Roberto<\/li>\n\n\n\n<li>Fern\u00e1ndez, Andrea<\/li>\n\n\n\n<li>D\u00edaz, Claudio<\/li>\n\n\n\n<li>Pezzutti, Alejandra<\/li>\n\n\n\n<li>Madeo, H\u00e9ctor<\/li>\n\n\n\n<li>Trimboli, Silvia<\/li>\n<\/ul>\n\n\n\n<p><strong>Partido de los Jubilados<\/strong><\/p>\n\n\n\n<p><strong>Senadores provinciales<\/strong><\/p>\n\n\n\n<ul>\n<li>&nbsp;Baro, Juan Pablo<\/li>\n\n\n\n<li>Pereyra, Lorena<\/li>\n\n\n\n<li>Riveros, Daniel<\/li>\n\n\n\n<li>Rodr\u00edguez, Betiana<\/li>\n\n\n\n<li>Kruk, Miguel \u00c1ngel<\/li>\n\n\n\n<li>G\u00f3mez, Elina<\/li>\n<\/ul>\n\n\n\n<p><strong>Diputados provinciales<\/strong><\/p>\n\n\n\n<ul>\n<li>&nbsp;Salazar, Carlos<\/li>\n\n\n\n<li>Rojas, Elizabeth<\/li>\n\n\n\n<li>Z\u00e1rate, Juan Pablo<\/li>\n\n\n\n<li>Alessio, Ruth<\/li>\n\n\n\n<li>Nardin, Mauro<\/li>\n\n\n\n<li>Riveros, Maira<\/li>\n<\/ul>\n\n\n\n<p><\/p>\n\n\n\n<p><strong>Frente Libertario + Partido Dem\u00f3crata<\/strong><\/p>\n\n\n\n<p><strong>Senadores provinciales<\/strong><\/p>\n\n\n\n<ul>\n<li>&nbsp;Garc\u00eda Espetxe, Pedro<\/li>\n\n\n\n<li>Guzm\u00e1n, Mirta Carmen<\/li>\n\n\n\n<li>S\u00e1bato, Brenda Denise<\/li>\n\n\n\n<li>L\u00f3pez, Cristian Armando<\/li>\n\n\n\n<li>Addamo, Ulises Emanuel<\/li>\n\n\n\n<li>Gonz\u00e1lez, Corina<\/li>\n<\/ul>\n\n\n\n<p><strong>Diputados provinciales<\/strong><\/p>\n\n\n\n<ul>\n<li>&nbsp;Garay Lira, Catalina<\/li>\n\n\n\n<li>Duarte, Gonzalo<\/li>\n\n\n\n<li>Guzm\u00e1n, Laura<\/li>\n\n\n\n<li>Ugarte Poveda, Isaias<\/li>\n\n\n\n<li>Gauna, Carlos<\/li>\n\n\n\n<li>Estrella, Gisella<\/li>\n<\/ul>\n\n\n\n<p><strong>Frente De Izquierda y de los Trabajadores \u2013 Unidad<\/strong><\/p>\n\n\n\n<p><strong>Senadores provinciales<\/strong><\/p>\n\n\n\n<ul>\n<li>&nbsp;Marianetti, Marcia<\/li>\n\n\n\n<li>Mor\u00e1n, Sergio<\/li>\n\n\n\n<li>Escudero, Macarena<\/li>\n\n\n\n<li>Villarreal, Maximiliano<\/li>\n\n\n\n<li>Vernazzi, Mar\u00eda Laura<\/li>\n\n\n\n<li>Stacchiola, Octavio<\/li>\n<\/ul>\n\n\n\n<p><strong>Diputados provinciales<\/strong><\/p>\n\n\n\n<ul>\n<li>&nbsp;Jim\u00e9nez, Lautaro<\/li>\n\n\n\n<li>Barbeito, Noelia<\/li>\n\n\n\n<li>Uceda, Gerardo<\/li>\n\n\n\n<li>Torres, Lorena<\/li>\n\n\n\n<li>Staller, Iv\u00e1n<\/li>\n\n\n\n<li>Lucero, Flavia Eliana<\/li>\n<\/ul>\n\n\n\n<h3 class=\"wp-block-heading\"><strong>Candidatos en Maip\u00fa, San Mart\u00edn, Rivadavia, Jun\u00edn, Las Paz y Santa Rosa<\/strong><\/h3>\n\n\n\n<p><strong>Fuerza Justicialista Mendoza<\/strong><\/p>\n\n\n\n<p><strong>Senadores provinciales<\/strong><\/p>\n\n\n\n<ul>\n<li>&nbsp;Luis Novillo<\/li>\n\n\n\n<li>Mar\u00eda Luz Llorens<\/li>\n\n\n\n<li>Juan Pablo Gulino<\/li>\n\n\n\n<li>Ver\u00f3nica Lorena Guerrero<\/li>\n\n\n\n<li>Luis Alejandro Zacca<\/li>\n<\/ul>\n\n\n\n<p><strong>Diputados provinciales<\/strong><\/p>\n\n\n\n<ul>\n<li>&nbsp;Mat\u00edas Miguel Montes<\/li>\n\n\n\n<li>Juana Aixa Moreno<\/li>\n\n\n\n<li>Rolando Mario Firmano<\/li>\n\n\n\n<li>Ana Eusebia Sevilla<\/li>\n\n\n\n<li>Carola Rita Flores<\/li>\n\n\n\n<li>Julio Ortiz<\/li>\n<\/ul>\n\n\n\n<p><strong>La Libertad Avanza + Cambia Mendoza<\/strong><\/p>\n\n\n\n<p><strong>Senadores provinciales<\/strong><\/p>\n\n\n\n<ul>\n<li>&nbsp;Majul, N\u00e9stor<\/li>\n\n\n\n<li>G\u00f3mez, Alejandra<\/li>\n\n\n\n<li>Rabite, Natalia<\/li>\n\n\n\n<li>Mart\u00edn, Franco<\/li>\n\n\n\n<li>Morgante, Roberto<\/li>\n<\/ul>\n\n\n\n<p><strong>Diputados provinciales<\/strong><\/p>\n\n\n\n<ul>\n<li>&nbsp;Petri, Griselda Paola<\/li>\n\n\n\n<li>Castro, Pablo<\/li>\n\n\n\n<li>Llaver, Daniel<\/li>\n\n\n\n<li>Soler, Cecilia<\/li>\n\n\n\n<li>Villar, Lucas Marcel<\/li>\n\n\n\n<li>Iba\u00f1ez Costa, Melina<\/li>\n<\/ul>\n\n\n\n<p><strong>Protectora Fuerza Pol\u00edtica<\/strong><\/p>\n\n\n\n<p><strong>Senadores provinciales<\/strong><\/p>\n\n\n\n<ul>\n<li>&nbsp;Mario Nazareno Prospitti<\/li>\n\n\n\n<li>Estela Fanny Arrieta<\/li>\n\n\n\n<li>Claudio Exequiel Contrera<\/li>\n\n\n\n<li>Melisa Lourdes Cosimano<\/li>\n\n\n\n<li>Viviana Marcela Llorenza Opazo<\/li>\n<\/ul>\n\n\n\n<p><strong>Diputados provinciales<\/strong><\/p>\n\n\n\n<ul>\n<li>&nbsp;Emir Moises Nasiff<\/li>\n\n\n\n<li>Ernestina Clara Varela<\/li>\n\n\n\n<li>Ever Sergio Emanuel Llano<\/li>\n\n\n\n<li>Johanna Valentina Fragapane<\/li>\n\n\n\n<li>Javier Alberto Kader<\/li>\n\n\n\n<li>Paula Andre\u00edna Tripi<\/li>\n<\/ul>\n\n\n\n<p><strong>Frente Verde<\/strong><\/p>\n\n\n\n<p><strong>Senadores provinciales<\/strong><\/p>\n\n\n\n<ul>\n<li>&nbsp;Verdaguer, Manuel<\/li>\n\n\n\n<li>Pallero, Anal\u00eda<\/li>\n\n\n\n<li>Rovira, Andr\u00e9s<\/li>\n\n\n\n<li>Del Castillo, Melisa<\/li>\n\n\n\n<li>Chac\u00f3n, Laura<\/li>\n<\/ul>\n\n\n\n<p><strong>Diputados provinciales<\/strong><\/p>\n\n\n\n<ul>\n<li>&nbsp;Ver\u00f3n, Alejandro<\/li>\n\n\n\n<li>Molina, Marina<\/li>\n\n\n\n<li>Gim\u00e9nez, Erica<\/li>\n\n\n\n<li>Marchetta, Miguel<\/li>\n\n\n\n<li>Porte, Sof\u00eda<\/li>\n\n\n\n<li>Gonz\u00e1lez, Ricardo<\/li>\n<\/ul>\n\n\n\n<p><strong>Provincias Unidas \/ Defendamos Mendoza<\/strong><\/p>\n\n\n\n<p><strong>Senadores provinciales<\/strong><\/p>\n\n\n\n<ul>\n<li>&nbsp;Diserio, Daniel Ignacio<\/li>\n\n\n\n<li>Gitto, Erika Vanesa<\/li>\n\n\n\n<li>Menci, Diego Gabriel<\/li>\n\n\n\n<li>Caruso, Corina Roxana<\/li>\n\n\n\n<li>Gonz\u00e1lez, Dario Rub\u00e9n<\/li>\n<\/ul>\n\n\n\n<p><strong>Diputados Provinciales<\/strong><\/p>\n\n\n\n<ul>\n<li>&nbsp;Santarelli, \u201cGera\u201d<\/li>\n\n\n\n<li>Rippari, Lorena<\/li>\n\n\n\n<li>Jofre, Javier<\/li>\n\n\n\n<li>L\u00f3pez, Melina \u201cMeli\u201d<\/li>\n\n\n\n<li>Rodr\u00edguez, Mario<\/li>\n\n\n\n<li>Lazari, Marcia<\/li>\n<\/ul>\n\n\n\n<p><strong>Partido de los Jubilados<\/strong><\/p>\n\n\n\n<p><strong>Senadores provinciales<\/strong><\/p>\n\n\n\n<ul>\n<li>&nbsp;Ghisleni, Luis<\/li>\n\n\n\n<li>Benegas, Sof\u00eda<\/li>\n\n\n\n<li>Soto, Fabi\u00e1n<\/li>\n\n\n\n<li>Jofr\u00e9, Mabel<\/li>\n\n\n\n<li>Fr\u00edas, Edgardo<\/li>\n<\/ul>\n\n\n\n<p><strong>Diputados provinciales<\/strong><\/p>\n\n\n\n<ul>\n<li>&nbsp;Grosso, Mar\u00eda Isabel<\/li>\n\n\n\n<li>Buonasorte, Salvador<\/li>\n\n\n\n<li>Lucero, Gladys<\/li>\n\n\n\n<li>Marroquin, Marcelo<\/li>\n\n\n\n<li>Guerrero, Fabiana<\/li>\n\n\n\n<li>Godoy, Alberto<\/li>\n<\/ul>\n\n\n\n<p><strong>Frente Libertario + Partido Dem\u00f3crata<\/strong><\/p>\n\n\n\n<p><strong>Senadores provinciales<\/strong><\/p>\n\n\n\n<ul>\n<li>&nbsp;C\u00f3rdoba, Dami\u00e1n<\/li>\n\n\n\n<li>Saini, Adriana Alicia<\/li>\n\n\n\n<li>Mackern, Jorge<\/li>\n\n\n\n<li>Moreno, Mariam<\/li>\n\n\n\n<li>Barrera, Zulma<\/li>\n<\/ul>\n\n\n\n<p><strong>Diputados provinciales<\/strong><\/p>\n\n\n\n<ul>\n<li>&nbsp;Bello, Fabi\u00e1n<\/li>\n\n\n\n<li>Bortolozzo, Adriana<\/li>\n\n\n\n<li>Zenocrati, Valentina<\/li>\n\n\n\n<li>Luna, Sergio Ra\u00fal<\/li>\n\n\n\n<li>Oyola, Anal\u00eda Lorena<\/li>\n\n\n\n<li>D\u00edaz, Eduardo<\/li>\n<\/ul>\n\n\n\n<p><strong>Frente De Izquierda y de los Trabajadores \u2013 Unidad<\/strong><\/p>\n\n\n\n<p><strong>Senadores provinciales<\/strong><\/p>\n\n\n\n<ul>\n<li>&nbsp;Rodr\u00edguez, Mart\u00edn<\/li>\n\n\n\n<li>Paiz, Ver\u00f3nica<\/li>\n\n\n\n<li>Luna, Mario Daniel<\/li>\n\n\n\n<li>Jerez, Vanesa Elizabeth<\/li>\n\n\n\n<li>Bustos, J\u00e9sica Yamila<\/li>\n<\/ul>\n\n\n\n<p><strong>Diputados provinciales<\/strong><\/p>\n\n\n\n<ul>\n<li>&nbsp;Coletti Roumec, Tupac<\/li>\n\n\n\n<li>Luna, Daniela<\/li>\n\n\n\n<li>Callier, Carmen Marcela<\/li>\n\n\n\n<li>Cucchi, Pablo Antonio<\/li>\n\n\n\n<li>Lentz, Juli\u00e1n<\/li>\n\n\n\n<li>Padilla, Vanesa Soledad<\/li>\n<\/ul>\n\n\n\n<h3 class=\"wp-block-heading\"><strong>Candidatos en Godoy Cruz, Luj\u00e1n de Cuyo, Tunuy\u00e1n, San Carlos y Tupungato<\/strong><\/h3>\n\n\n\n<p><strong>Fuerza Justicialista Mendoza<\/strong><\/p>\n\n\n\n<p><strong>Senadores provinciales<\/strong><\/p>\n\n\n\n<ul>\n<li>&nbsp;Omar Parisi<\/li>\n\n\n\n<li>Alejandra Noem\u00ed Pantas<\/li>\n\n\n\n<li>Cecilia Echenique<\/li>\n\n\n\n<li>Manuel \u00c1ngel Vilte Herrera<\/li>\n<\/ul>\n\n\n\n<p><strong>Diputados provinciales<\/strong><\/p>\n\n\n\n<ul>\n<li>&nbsp;Julio Villafa\u00f1e<\/li>\n\n\n\n<li>Dana Valeria Encinas<\/li>\n\n\n\n<li>Natalia Valeria Castro<\/li>\n\n\n\n<li>Ulises Llanes<\/li>\n\n\n\n<li>Lisandro Vergara<\/li>\n<\/ul>\n\n\n\n<p><strong>La Libertad Avanza + Cambia Mendoza<\/strong><\/p>\n\n\n\n<p><strong>Senadores provinciales<\/strong><\/p>\n\n\n\n<ul>\n<li>&nbsp;Kerchner, Mart\u00edn<\/li>\n\n\n\n<li>D\u2019ambrogio, Macarena<\/li>\n\n\n\n<li>Cornejo, Silvia<\/li>\n\n\n\n<li>Lecea, Alan<\/li>\n<\/ul>\n\n\n\n<p><strong>Diputados provinciales<\/strong><\/p>\n\n\n\n<ul>\n<li>&nbsp;Mart\u00ednez Malanca, Meli<\/li>\n\n\n\n<li>Palazzo, Federico<\/li>\n\n\n\n<li>Mastr\u00e1ngelo, Leonardo<\/li>\n\n\n\n<li>Kaufman, Mar\u00eda Fernanda<\/li>\n\n\n\n<li>Granizo, Marcela<\/li>\n<\/ul>\n\n\n\n<p><strong>Protectora Fuerza Pol\u00edtica<\/strong><\/p>\n\n\n\n<p><strong>Senadores provinciales<\/strong><\/p>\n\n\n\n<ul>\n<li>&nbsp;Cazaban Pablo Livio<\/li>\n\n\n\n<li>Arenas Luciana<\/li>\n\n\n\n<li>Vega Hernan Pablo<\/li>\n\n\n\n<li>Toledo Valeria Lujan<\/li>\n<\/ul>\n\n\n\n<p><strong>Diputados provinciales<\/strong><\/p>\n\n\n\n<ul>\n<li>&nbsp;Pont Alberto Ricardo<\/li>\n\n\n\n<li>Peralta Nancy Susana<\/li>\n\n\n\n<li>Postizzi Fabian Oscar<\/li>\n\n\n\n<li>Gonzalez Romina Nievas Marcelo Osbar<\/li>\n<\/ul>\n\n\n\n<p><strong>Frente Verde<\/strong><\/p>\n\n\n\n<p><strong>Senadores provinciales<\/strong><\/p>\n\n\n\n<ul>\n<li>&nbsp;Mancinelli, Ernesto<\/li>\n\n\n\n<li>Lucero, Mar\u00eda<\/li>\n\n\n\n<li>Infante, Daniela<\/li>\n\n\n\n<li>Campos, H\u00e9ctor<\/li>\n<\/ul>\n\n\n\n<p><strong>Diputados provinciales<\/strong><\/p>\n\n\n\n<ul>\n<li>&nbsp;Galvani, Florencia<\/li>\n\n\n\n<li>Laurel, Emir<\/li>\n\n\n\n<li>Gonz\u00e1lez, Ra\u00fal<\/li>\n\n\n\n<li>Lucero, Norma<\/li>\n\n\n\n<li>Cavalli, \u201cJuani\u201d<\/li>\n<\/ul>\n\n\n\n<p><\/p>\n\n\n\n<p><strong>Provincias Unidas \/ Defendamos Mendoza<\/strong><\/p>\n\n\n\n<p><strong>Senadores provinciales<\/strong><\/p>\n\n\n\n<ul>\n<li>&nbsp;Riera, Vanesa Paola<\/li>\n\n\n\n<li>Laciar, Claudio Luis<\/li>\n\n\n\n<li>Plendoux, Rosana<\/li>\n\n\n\n<li>Valdez, Jorge Gustavo<\/li>\n<\/ul>\n\n\n\n<p><strong>Diputados provinciales<\/strong><\/p>\n\n\n\n<ul>\n<li>&nbsp;Balsells-Mir\u00f3, Lula<\/li>\n\n\n\n<li>Valdez, Osvaldo Andr\u00e9s<\/li>\n\n\n\n<li>Niemetz, Federico<\/li>\n\n\n\n<li>Franco, Ludmila<\/li>\n\n\n\n<li>Cortez, Liliana Noem\u00ed<\/li>\n<\/ul>\n\n\n\n<p><strong>Partido de los Jubilados<\/strong><\/p>\n\n\n\n<p><strong>Senadores provinciales<\/strong><\/p>\n\n\n\n<ul>\n<li>&nbsp;Oropel, Bruno<\/li>\n\n\n\n<li>Venega, Romina<\/li>\n\n\n\n<li>Maldonado, Juan Carlos<\/li>\n\n\n\n<li>Giaquinta, Ver\u00f3nica<\/li>\n<\/ul>\n\n\n\n<p><strong>Diputados provinciales<\/strong><\/p>\n\n\n\n<ul>\n<li>&nbsp;Sieli, Daniel<\/li>\n\n\n\n<li>Elorza, M\u00f3nica<\/li>\n\n\n\n<li>Peralta, Diego<\/li>\n\n\n\n<li>Robledo, Roxana<\/li>\n\n\n\n<li>Fredes, H\u00e9ctor<\/li>\n<\/ul>\n\n\n\n<p><strong>Frente Libertario + Partido Dem\u00f3crata<\/strong><\/p>\n\n\n\n<p><strong>Senadores provinciales<\/strong><\/p>\n\n\n\n<ul>\n<li>&nbsp;Cuattrocchi, Cristian<\/li>\n\n\n\n<li>Vel\u00e1zquez, Maira<\/li>\n\n\n\n<li>Morales, Mauricio<\/li>\n\n\n\n<li>S\u00e1nchez, Yesica Laura<\/li>\n<\/ul>\n\n\n\n<p><strong>Diputados provinciales<\/strong><\/p>\n\n\n\n<ul>\n<li>&nbsp;Gottardini, Hugo<\/li>\n\n\n\n<li>Pizzurno, Cristina<\/li>\n\n\n\n<li>Vitaliti, Edgardo<\/li>\n\n\n\n<li>Moya Segura, Florencia<\/li>\n\n\n\n<li>Brescia, Marcelo<\/li>\n<\/ul>\n\n\n\n<p><strong>Frente De Izquierda y de los Trabajadores \u2013 Unidad<\/strong><\/p>\n\n\n\n<p><strong>Senadores provinciales<\/strong><\/p>\n\n\n\n<ul>\n<li>&nbsp;Sosa, Rafael<\/li>\n\n\n\n<li>Quiroga, Marina<\/li>\n\n\n\n<li>Ponce, \u00c9rica Alejandra<\/li>\n\n\n\n<li>\u00c1vila, Hugo Daniel<\/li>\n<\/ul>\n\n\n\n<p><strong>Diputados provinciales<\/strong><\/p>\n\n\n\n<ul>\n<li>&nbsp;Soria, Cecilia<\/li>\n\n\n\n<li>Gorigoitia, Ramiro<\/li>\n\n\n\n<li>Naranjo, Tania Sabrina<\/li>\n\n\n\n<li>Maldonado, Benjam\u00edn<\/li>\n\n\n\n<li>Aguilar, Gustavo<\/li>\n<\/ul>\n\n\n\n<h3 class=\"wp-block-heading\"><strong>Candidatos en San Rafael, General Alvear y Malarg\u00fce<\/strong><\/h3>\n\n\n\n<p><strong>Fuerza Justicialista Mendoza<\/strong><\/p>\n\n\n\n<p><strong>Senadores provinciales<\/strong><\/p>\n\n\n\n<ul>\n<li>&nbsp;Pedro Serra<\/li>\n\n\n\n<li>Liliana Paponet<\/li>\n\n\n\n<li>Yanela Medina<\/li>\n\n\n\n<li>Luis Ezequiel Ascoetti<\/li>\n<\/ul>\n\n\n\n<p><strong>Diputados provinciales<\/strong><\/p>\n\n\n\n<ul>\n<li>&nbsp;Alejandra Barro<\/li>\n\n\n\n<li>Gustavo Perret<\/li>\n\n\n\n<li>Marta Mart\u00ednez<\/li>\n\n\n\n<li>Andr\u00e9s Risi<\/li>\n\n\n\n<li>Julen Rabino<\/li>\n<\/ul>\n\n\n\n<p><strong>La Libertad Avanza + Cambia Mendoza<\/strong><\/p>\n\n\n\n<p><strong>Senadores provinciales<\/strong><\/p>\n\n\n\n<ul>\n<li>&nbsp;Yapur, Leonardo<\/li>\n\n\n\n<li>Loparco, Carolina<\/li>\n\n\n\n<li>Laferte, J\u00e9ssica<\/li>\n\n\n\n<li>Ramos, Ricardo<\/li>\n<\/ul>\n\n\n\n<p><strong>Diputados provinciales<\/strong><\/p>\n\n\n\n<ul>\n<li>&nbsp;Torti, Alejandra<\/li>\n\n\n\n<li>De Pedro, Nicol\u00e1s<\/li>\n\n\n\n<li>Ponce, Carlos<\/li>\n\n\n\n<li>S\u00e1nchez, M. Valentina<\/li>\n\n\n\n<li>Alonso, Natalia<\/li>\n<\/ul>\n\n\n\n<p><strong>Protectora Fuerza Pol\u00edtica<\/strong><\/p>\n\n\n\n<p><strong>Senadores provinciales<\/strong><\/p>\n\n\n\n<ul>\n<li>&nbsp;Johana Lourdes Lucero<\/li>\n\n\n\n<li>Luis Osvaldo Lucero<\/li>\n\n\n\n<li>Lucia Morabito<\/li>\n\n\n\n<li>Gabriel Emilio Enrique Baez<\/li>\n<\/ul>\n\n\n\n<p><strong>Diputados provinciales<\/strong><\/p>\n\n\n\n<ul>\n<li>&nbsp;Alec Manuel Juliao Kobylanski<\/li>\n\n\n\n<li>Marcela Florencia Loria<\/li>\n\n\n\n<li>Carlos Rodolfo Arenas<\/li>\n\n\n\n<li>Romina Andrea Elena Oviedo<\/li>\n\n\n\n<li>Antonio David Gimenez<\/li>\n<\/ul>\n\n\n\n<p><strong>Frente Verde<\/strong><\/p>\n\n\n\n<p><strong>Senadores provinciales<\/strong><\/p>\n\n\n\n<ul>\n<li>&nbsp;Carri\u00f3n, Fabiola<\/li>\n\n\n\n<li>Fern\u00e1ndez, Nahuel<\/li>\n\n\n\n<li>Segura, Constanza<\/li>\n\n\n\n<li>Cadiz, \u00c1ngel<\/li>\n<\/ul>\n\n\n\n<p><strong>Diputados provinciales<\/strong><\/p>\n\n\n\n<ul>\n<li>&nbsp;Palma, Mart\u00edn<\/li>\n\n\n\n<li>Sosa, Mariana<\/li>\n\n\n\n<li>Vallejos, Daniel<\/li>\n\n\n\n<li>Flores, Nery<\/li>\n\n\n\n<li>Dom\u00ednguez, Marta<\/li>\n<\/ul>\n\n\n\n<p><strong>Provincias Unidas \/ Defendamos Mendoza<\/strong><\/p>\n\n\n\n<p><strong>Senadores provinciales<\/strong><\/p>\n\n\n\n<ul>\n<li>&nbsp;Bielli, Cecilia<\/li>\n\n\n\n<li>P\u00e9rez, Fabi\u00e1n<\/li>\n\n\n\n<li>Lissandrello, Claudia<\/li>\n\n\n\n<li>Gatica, Jonathan<\/li>\n<\/ul>\n\n\n\n<p><strong>Diputados provinciales<\/strong><\/p>\n\n\n\n<ul>\n<li>&nbsp;Majstruk, Gustavo<\/li>\n\n\n\n<li>Grain, Pamela Bel\u00e9n<\/li>\n\n\n\n<li>Yarsky, Roberto \u201cBeto\u201d<\/li>\n\n\n\n<li>Lucero, Andrea<\/li>\n\n\n\n<li>Guarnier, Jorge Antonio<\/li>\n<\/ul>\n\n\n\n<p><strong>Partido de los Jubilados<\/strong><\/p>\n\n\n\n<p><strong>Senadores provinciales<\/strong><\/p>\n\n\n\n<ul>\n<li>&nbsp;Samudio, Carlos<\/li>\n\n\n\n<li>Calder\u00f3n, Adriana<\/li>\n\n\n\n<li>Merenda, Antonino<\/li>\n\n\n\n<li>Ca\u00f1as, Olga<\/li>\n<\/ul>\n\n\n\n<p><strong>Diputados provinciales<\/strong><\/p>\n\n\n\n<ul>\n<li>&nbsp;Carrasco, Laura<\/li>\n\n\n\n<li>Barcudi, Dario<\/li>\n\n\n\n<li>Pretel, Javier<\/li>\n\n\n\n<li>Piris, Elsa<\/li>\n\n\n\n<li>Barrera, Fernando<\/li>\n<\/ul>\n\n\n\n<p><strong>Frente Libertario + Partido Dem\u00f3crata<\/strong><\/p>\n\n\n\n<p><strong>Senadores provinciales<\/strong><\/p>\n\n\n\n<ul>\n<li>&nbsp;Lagos, Carlos<\/li>\n\n\n\n<li>Pereyra, Bibiana<\/li>\n\n\n\n<li>Olarte, Dar\u00edo<\/li>\n\n\n\n<li>Valde, Raquel<\/li>\n<\/ul>\n\n\n\n<p><strong>Diputados provinciales<\/strong><\/p>\n\n\n\n<ul>\n<li>&nbsp;Marcianesi, Mart\u00edn<\/li>\n\n\n\n<li>S\u00e1nchez Arana, Macarena<\/li>\n\n\n\n<li>Morandini, Daniel<\/li>\n\n\n\n<li>Su\u00e1rez, Elizabet<\/li>\n\n\n\n<li>Aranega, Roque David<\/li>\n<\/ul>\n\n\n\n<p><strong>Frente De Izquierda y de los Trabajadores \u2013 Unidad<\/strong><\/p>\n\n\n\n<p><strong>Senadores provinciales<\/strong><\/p>\n\n\n\n<ul>\n<li>&nbsp;Pujol, Hern\u00e1n<\/li>\n\n\n\n<li>Correa, Mar\u00eda<\/li>\n\n\n\n<li>Grifol, Franco Ignacio<\/li>\n\n\n\n<li>Guill\u00e9n, Alejandra<\/li>\n<\/ul>\n\n\n\n<p><strong>Diputados provinciales<\/strong><\/p>\n\n\n\n<ul>\n<li>&nbsp;Albornoz, Lihuen<\/li>\n\n\n\n<li>Sotorres, Edgard<\/li>\n\n\n\n<li>Vargas, Karen Aldana<\/li>\n\n\n\n<li>Ceballos, Franco<\/li>\n\n\n\n<li>Recabarren, Valeria<\/li>\n<\/ul>\n\n\n\n<p>Los municipios en los que, adem\u00e1s de estos candidatos por secci\u00f3n electoral, los votantes encontrar\u00e1n candidatos a concejal en las&nbsp;<strong>elecciones 2025<\/strong>&nbsp;son Lavalle, Las Heras, Ciudad, Guaymall\u00e9n, Godoy Cruz, San Mart\u00edn, Jun\u00edn, Tunuy\u00e1n, Tupungato, San Carlos, General Alvear y Malarg\u00fce.<\/p>\n\n\n\n<h2 class=\"wp-block-heading\">Empez\u00f3 la veda electoral de las elecciones 2025: qu\u00e9 se puede hacer y qu\u00e9 no<\/h2>\n\n\n\n<p>La\u00a0veda en las\u00a0<strong>elecciones\u00a0<\/strong>comenz\u00f3 este viernes a las 8\u00a0y dura 48 horas, es decir, que termina 3 horas despu\u00e9s de cerrados los comicios del domingo.<\/p>\n\n\n\n<p>Est\u00e1 prohibido realizar&nbsp;<strong>reuniones proselitistas<\/strong>, actos p\u00fablicos de&nbsp;<strong>campa\u00f1a<\/strong>, la distribuci\u00f3n de&nbsp;<strong>propaganda<\/strong>&nbsp;y abrir locales partidarios.<\/p>\n\n\n\n<p>La veda por las elecciones 2025 se extiende hasta el domingo 26 de octubre a las 21, horario en el que se podr\u00e1n dar a conocer los resultados oficiales.<\/p>\n\n\n\n<p>Tampoco se pueden realizar publicaciones, difundir&nbsp;<strong>encuestas<\/strong>, sondeos ni proyecciones de los&nbsp;<strong>resultados de las elecciones 2025&nbsp;<\/strong>hasta terminada la veda electoral, esto es, hasta las 21 del domingo.<\/p>\n\n\n\n<p>No se pueden vender&nbsp;<strong>bebidas alcoh\u00f3licas<\/strong>&nbsp;desde las 20 del s\u00e1bado en supermercados, kioscos, bares o restaurantes. No podr\u00e1n abrir los boliches.<\/p>\n\n\n\n<p>Est\u00e1&nbsp;<strong>prohibido&nbsp;<\/strong>cargar o portar&nbsp;<strong>armas de fuego<\/strong>.<\/p>\n\n\n\n<p>No se pueden realizar\u00a0<strong>espect\u00e1culos\u00a0<\/strong>al aire libre o en espacios cerrados, eventos deportivos, actos religiosos o\u00a0<strong>reuniones masivas<\/strong>\u00a0que no tengan que ver con las\u00a0<strong>elecciones<\/strong>\u00a0hasta 3 horas despu\u00e9s de cerrados los comicios.<\/p>\n\n\n\n<p><strong>Fuente: www.diariouno.com.ar<\/strong><\/p>\n","protected":false},"excerpt":{"rendered":"<p>Cerca de 1.000 son los\u00a0candidatos\u00a0que se presentan en las\u00a0elecciones 2025\u00a0en Mendoza. En esta nota te presentamos el mapa pol\u00edtico por categor\u00eda, municipio y fuerza pol\u00edtica. En las&nbsp;elecciones legislativas&nbsp;de este domingo 26 de octubre quedar\u00e1n definidos cinco diputados nacionales, 19 senadores provinciales y 24 diputados provinciales. En Mendoza se votar\u00e1 con dos\u00a0boletas \u00fanicas, una para la [&hellip;]<\/p>\n","protected":false},"author":2,"featured_media":15414,"comment_status":"open","ping_status":"open","sticky":false,"template":"","format":"standard","meta":[],"categories":[47],"tags":[],"_links":{"self":[{"href":"https:\/\/pasaenmendoza.com\/index.php?rest_route=\/wp\/v2\/posts\/15413"}],"collection":[{"href":"https:\/\/pasaenmendoza.com\/index.php?rest_route=\/wp\/v2\/posts"}],"about":[{"href":"https:\/\/pasaenmendoza.com\/index.php?rest_route=\/wp\/v2\/types\/post"}],"author":[{"embeddable":true,"href":"https:\/\/pasaenmendoza.com\/index.php?rest_route=\/wp\/v2\/users\/2"}],"replies":[{"embeddable":true,"href":"https:\/\/pasaenmendoza.com\/index.php?rest_route=%2Fwp%2Fv2%2Fcomments&post=15413"}],"version-history":[{"count":1,"href":"https:\/\/pasaenmendoza.com\/index.php?rest_route=\/wp\/v2\/posts\/15413\/revisions"}],"predecessor-version":[{"id":15415,"href":"https:\/\/pasaenmendoza.com\/index.php?rest_route=\/wp\/v2\/posts\/15413\/revisions\/15415"}],"wp:featuredmedia":[{"embeddable":true,"href":"https:\/\/pasaenmendoza.com\/index.php?rest_route=\/wp\/v2\/media\/15414"}],"wp:attachment":[{"href":"https:\/\/pasaenmendoza.com\/index.php?rest_route=%2Fwp%2Fv2%2Fmedia&parent=15413"}],"wp:term":[{"taxonomy":"category","embeddable":true,"href":"https:\/\/pasaenmendoza.com\/index.php?rest_route=%2Fwp%2Fv2%2Fcategories&post=15413"},{"taxonomy":"post_tag","embeddable":true,"href":"https:\/\/pasaenmendoza.com\/index.php?rest_route=%2Fwp%2Fv2%2Ftags&post=15413"}],"curies":[{"name":"wp","href":"https:\/\/api.w.org\/{rel}","templated":true}]}}