{"id":1542,"date":"2023-09-19T13:52:44","date_gmt":"2023-09-19T11:52:44","guid":{"rendered":"https:\/\/pasaenmendoza.com\/?p=1542"},"modified":"2023-09-19T14:04:15","modified_gmt":"2023-09-19T12:04:15","slug":"cornejo-al-post-prision-para-ladrones-e-incentivos-para-docentes-y-medicos","status":"publish","type":"post","link":"https:\/\/pasaenmendoza.com\/?p=1542","title":{"rendered":"Cornejo: Prisi\u00f3n para ladrones e Incentivos para Docentes y M\u00e9dicos"},"content":{"rendered":"\n<p>l candidato a gobernador de Cambia Mendoza avisa que 2024 ser\u00e1 de cambios sociales y econ\u00f3micos, no importa qui\u00e9n presida a Argentina.<\/p>\n\n\n\n<p>A&nbsp;<strong>Alfredo Cornejo<\/strong>&nbsp;se lo percibe m\u00e1s energizado en estas horas que transcurren y que nos acercamos al domingo 24, d\u00eda de las&nbsp;elecciones generales provinciales&nbsp;a gobernador. Se nota su disposici\u00f3n para responder con m\u00e1s firmeza cada pregunta que se le formula. En el recorrido de entrevistas que lleva adelante ha tenido que repetir las respuestas a las preguntas recurrentes, lo que le demanda una dosis extra de calma para mantener el semblante. Son los gajes del oficio del dirigente pol\u00edtico en campa\u00f1a.&nbsp;<\/p>\n\n\n\n<p>-La oposici\u00f3n parte de la base de que yo he estado gobernando, y no es as\u00ed, no he estado gobernando estos cuatro a\u00f1os, no se puede negar que soy parte de ese equipo, ahora \u00bfque yo he estado gobernando? es bastante claro que no ha sido as\u00ed. Me estar\u00edan criticando si hubiese estado gobernando, es tan obvio que no deber\u00eda responderlo yo, \u00e9se es el mensaje de ellos.&nbsp;<\/p>\n\n\n\n<p>La cita que abre esta entrevista es una de las explicaciones que utiliza como punto l\u00edmite que intenta fijar como un cord\u00f3n imaginario para resguardarse de la inferencia a la que la oposici\u00f3n apela para &#8220;limarlo&#8221; como candidato.&nbsp;<\/p>\n\n\n\n<p>Esa acci\u00f3n se transparent\u00f3 m\u00e1s durante el&nbsp;<a rel=\"noreferrer noopener\" href=\"https:\/\/www.mendozapost.com\/tools\/redirect.php?t=3&amp;i=293795&amp;s=68ae161f0f429d1401e9d238d3adb8db\" target=\"_blank\">Debate \u00danico P\u00fablico Obligatorio (DUPO) de candidatos el domingo 17 en el Le Parc<\/a>.&nbsp;A Cornejo despu\u00e9s del DUPO se lo vio distendido y seguro de haber salido ileso del trance donde siempre fue el blanco de las cr\u00edticas de los otro cuatro candidatos. Las personas cercanas a los atriles lo notaron tenso al inicio del evento, y en el transcurso logr\u00f3 concentrarse para transmitir la seguridad de quien est\u00e1 primero en la carrera electoral.&nbsp;<\/p>\n\n\n\n<p>Esta&nbsp;conversaci\u00f3n prelectoral con el POST fue desde lo emergente: c\u00f3mo son los servicios de seguridad p\u00fablica, salud y educaci\u00f3n; a lo estructural como la distribuci\u00f3n y administraci\u00f3n del agua, que dicho sea de paso este costado es cr\u00edtico por lo cual ha pasado a la columna de las &#8220;emergencias&#8221;.<\/p>\n\n\n\n<p>En el plano de las proyecciones con m\u00e1s trascendencia y que presuntamente mover\u00e1n la aguja en la vida productiva de Mendoza, el candidato hace un an\u00e1lisis de las inversiones que tiene apuntadas para direccionar los 1023 millones de d\u00f3lares que Mendoza viene recibiendo en cuotas, por el resarcimiento de los perjuicios ocasionados durante el r\u00e9gimen de la promoci\u00f3n industrial en la \u00e9poca menemista.<\/p>\n\n\n\n<p><strong>Robos y estafas, el combo inseguro<\/strong><\/p>\n\n\n\n<p>Cornejo comienza apuntando a la seguridad, un espacio de gesti\u00f3n que&nbsp; conoce y se siente c\u00f3modo para proponer soluciones efectivas a calamidades cotidianas que sufre y mal predispone la poblaci\u00f3n mendocina.<\/p>\n\n\n\n<p>-Se nota y se hace sentir cada vez m\u00e1s el robo de elementos y materiales que se comercializan en el mercados ilegales, eso se ve con los robos de transformadores, por ejemplo&#8230;<\/p>\n\n\n\n<p>-Es as\u00ed. Nuestra propuesta de Gobierno es mejorar la&nbsp;<strong>seguridad&nbsp;<\/strong>con mayor inteligencia criminal en la prevenci\u00f3n del delito, mejorando la videovigilancia, un programa de (tolkenizaci\u00f3n) o aportar c\u00f3digos de identificaci\u00f3n de todos los elementos muebles transables, como son las tablets, los tel\u00e9fonos m\u00f3viles, los neum\u00e1ticos, las herramientas, de manera tal que est\u00e9n con un c\u00f3digo para permitir la compra y venta del usado, pero legal y no que se mezcle con el mercado ilegal producido del robo.&nbsp;<\/p>\n\n\n\n<p><em>-La videovigilancia, la homogenizaci\u00f3n de c\u00e1maras, de identificaci\u00f3n facial, 4 mil c\u00e1maras perfectamente conectadas y renovadas en esa direcci\u00f3n. Todas esas son propuestas, te las estoy sintetizando . Hacer como con los delitos violentos ,prisi\u00f3n preventiva contra quienes cometen los robos de neum\u00e1ticos, tel\u00e9fonos m\u00f3viles como hicimos en los delitos violentos en el 2017.<\/em><\/p>\n\n\n\n<p>-\u00bfQu\u00e9 har\u00e1 con la estafa, la nueva calamidad que ha crecido con el uso de las redes sociales?<\/p>\n\n\n\n<p>&nbsp;&#8211;&nbsp;Vamos a tener un castigo ejemplar contra la estafa, creemos que este delito afecta al clima de negocios en todo el pa\u00eds, y en Mendoza tambi\u00e9n se nota, entonces&nbsp;tendremos tratamiento especial sobre esto.<\/p>\n\n\n\n<p>-Tambi\u00e9n la conflictividad entre particulares va en aumento en la medida que crece la crisis&#8230;<\/p>\n\n\n\n<p>&nbsp;-Eso entra en el terreno de la&nbsp;<strong>administraci\u00f3n de justicia<\/strong>, vamos a continuar en la l\u00ednea de las OCL, Oficinas de Conciliaci\u00f3n Laboral. Vamos a aplicar ese criterio con las oficinas de conciliaci\u00f3n civil. Buscaremos bajar la tasa de litigios con resoluci\u00f3n de los conflictos civiles, antes de la judicializaci\u00f3n de los casos.&nbsp;&nbsp;<\/p>\n\n\n\n<p><strong>Urgencias m\u00e9dicas<\/strong><\/p>\n\n\n\n<p>La crisis sanitaria se vio acentuada despu\u00e9s de la pandemia con el reclamo salarial y posterior \u00e9xodo de personal de salud y en particular con especialidades espec\u00edficas<\/p>\n\n\n\n<p>-Otro problema emergente es la falta de profesionales de la salud&#8230;<\/p>\n\n\n\n<p>-La&nbsp;propuesta es digitalizar todos los servicios, sostener la red de salud p\u00fablica, generar promociones con un cambio de orientaci\u00f3n econ\u00f3mica que es imprescindible, generar est\u00edmulos a las tres especialidades cr\u00edticas de la medicina para las residencias, como es el caso de la terapia intensiva, de la pediatr\u00eda y de la cl\u00ednica m\u00e9dica.&nbsp;<\/p>\n\n\n\n<p>-Adem\u00e1s hay que seguir profundizando la inversi\u00f3n en diagn\u00f3stico y en metros cuadrados en los hospitales p\u00fablicos de Mendoza y centros de salud, e incorporar m\u00e1s espacios de telemedicina para poder atender m\u00e1s casos desde el Notti y desde los principales centros de atenci\u00f3n, para hacer llegar la pediatr\u00eda a los lugares m\u00e1s alejados.<\/p>\n\n\n\n<p>De maestros, bancos y escuelas&nbsp;<\/p>\n\n\n\n<p>La otra cara del d\u00e9ficit aflor\u00f3 despu\u00e9s de la pandemia y los edificios educativos &#8220;rechillaron&#8221; por falta de mantenimiento. Tambi\u00e9n se retom\u00f3 el debate salarial del plantel docente estatal. Cornejo se enfoca en este t\u00f3pico.<\/p>\n\n\n\n<p>-\u00bfQu\u00e9 hay que hacer en Educaci\u00f3n que es una de las \u00e1reas con m\u00e1s cr\u00edticas que recibe la actual gesti\u00f3n?<\/p>\n\n\n\n<p>-Vamos a poner incentivos a la docencia, incentivos que sean positivos, a la capacitaci\u00f3n en las \u00e1reas cr\u00edticas; retener al estudiante secundario, estimul\u00e1ndolos en materias y tareas y especialidades que sean del inter\u00e9s de los adolescentes, mitigando la deserci\u00f3n escolar; vincular la educaci\u00f3n para el trabajo con promociones para el empleo joven en oficios que est\u00e1n desapareciendo u oficios nuevos.&nbsp;<\/p>\n\n\n\n<p>-\u00bfTiene previsto atender el recurrente el reclamo del estado de las escuelas?&nbsp;<\/p>\n\n\n\n<p>-Hay en carpeta un plan de inversi\u00f3n de infraestructura y mantenimiento de escuelas. Ser\u00e1 mucho m\u00e1s \u00e1gil que el que tenemos en la actualidad. Haremos cambios sustantivos en las licitaciones, no licitaremos la reparaci\u00f3n de escuela por escuela, sino vamos a licitar horas y metros cuadrados de trabajo con especificidades generales seg\u00fan cada oasis de la provincia.<\/p>\n\n\n\n<p>-\u00bfCu\u00e1l es el beneficio de ese cambio en las licitaciones de obras escolares?<\/p>\n\n\n\n<p>-Se busca con esto que participen empresas locales en la reparaci\u00f3n de escuelas y la DGE al tener disponibles las horas y los metros cuadrados podr\u00e1 mantener con mucha mayor agilidad los establecimientos escolares. Con la burocracia actual de licitar cada reparaci\u00f3n de cada escuela se hace muy lento el procedimiento.<\/p>\n\n\n\n<p>Viviendas y obras viales<\/p>\n\n\n\n<p>De tanto describir sus ideas y repasar sus propios dichos Cornejo ha ido puliendo las explicaciones de las medidas aplicables en un presunto segundo mandato provincial. Hay que prestar atenci\u00f3n a sus esquemas de gesti\u00f3n en \u00e1reas que terminan siendo neur\u00e1lgicas para el rendimiento del Estado para la atenci\u00f3n de la demanda como es la obra p\u00fablica y de la vivienda.&nbsp;<\/p>\n\n\n\n<p><strong>Se nota que tiene pensado hacer m\u00e1s reformas administrativas en m\u00e1s sectores del Estado \u00bfqu\u00e9 har\u00eda con la obra p\u00fablica si vuelve al gobierno?&nbsp;<\/strong><\/p>\n\n\n\n<p>-Cuando fui gobernador compramos con Vialidad Provincial 70 m\u00e1quinas nuevas y el mantenimiento de las rutas rurales lo quiero hacer con los municipios en convenio de complementaci\u00f3n como en su momento hicimos con Jun\u00edn, Rivadavia y Alvear y creo que es un modelo que se puede replicar en todos los municipios ,donde Vialidad pone m\u00e1quinas, motoristas y personal, pero tambi\u00e9n el municipio pone personal, combustible y trabajamos el mantenimiento de las rutas, de los caminos m\u00e1s secundarios de la ruralidad de Mendoza.<\/p>\n\n\n\n<p>-\u00bfDentro de la inversi\u00f3n p\u00fablica contempla la construcci\u00f3n y\/o financiaci\u00f3n de viviendas para distintos sectores que esperan una soluci\u00f3n?<\/p>\n\n\n\n<p>-Nosotros creemos que este plano se ha retirado el Estado nacional, hay que poner inversi\u00f3n provincial para la vivienda social como venimos haciendo y c\u00f3mo hice durante mi gobierno, cuando hicimos 6.800 viviendas. Pero s\u00ed hay una reorientaci\u00f3n de la pol\u00edtica econ\u00f3mica hacia una estabilidad entonces bajar\u00e1 la tasa de inter\u00e9s y creo que la prioridad tiene que estar en subsidiar y el IPV deber\u00eda financiar la tasa de inter\u00e9s de cr\u00e9ditos hipotecarios para parejas j\u00f3venes parejas. El IPV pasar\u00eda a ser cofinanciador con la hipoteca conjunta del banco y el IPV.<\/p>\n\n\n\n<p>&nbsp;-(Omar) Parisi ya ha pasado por el IPV en el Gobierno de Paco P\u00e9rez, dice que va a hacer 16 mil viviendas cuando en el IPV el promedio de viviendas que hace en cuatro a\u00f1os de gesti\u00f3n son 6 mil. Entonces yo me pregunto&#8230; y por lo menos ah\u00ed hay una propuesta que uno puede debatir, yo creo que nosotros podemos hacer m\u00e1s de 16 mil viviendas si se restablece el cr\u00e9dito hipotecario y nuestra propuesta es que el IPV debe hacer la vivienda social, pero, adem\u00e1s debe actuar en el sistema como financista contribuyendo a subsidiar la tasa hipotecaria cuando se restablezca el cr\u00e9dito hipotecario, que no est\u00e1 restablecido.&nbsp;&nbsp;<\/p>\n\n\n\n<p><strong>Los 1023 millones de d\u00f3lares<\/strong><\/p>\n\n\n\n<p>Esto dec\u00edamos<a rel=\"noreferrer noopener\" href=\"https:\/\/www.mendozapost.com\/entrevista\/278355-cornejo-promete-un-plan-hidrico-y-mas-matematicas-e-ingles-en-las-escuelas\/\" target=\"_blank\">&nbsp;hace 112 d\u00edas en la \u00faltima entrevista del POST a Cornejo<\/a>: &#8220;Se ve a s\u00ed mismo, en el futuro, como un gobernador desarrollando un&nbsp;<strong>plan h\u00eddrico<\/strong>&nbsp;financiado con fondos mendocinos, pagados por la Naci\u00f3n a la Provincia como resarcimiento de los perjuicios ocasionados por el r\u00e9gimen de Promoci\u00f3n Industrial aplicado durante la d\u00e9cada menemista. Cornejo se compromete, si resulta electo, a ocupar los 1023 millones de d\u00f3lares que estaban etiquetados para la frenada hidroel\u00e9ctrica Portezuelo del Viento, ahora ser\u00e1n la base para costear un&nbsp;<strong>plan de recuperaci\u00f3n<\/strong>&nbsp;de la dotaci\u00f3n de agua para riego y consumo humano&#8221;. En esta ocasi\u00f3n evoluciona en su respuesta. Veamos.<\/p>\n\n\n\n<p>-\u00bfSigue pensando en destinar los 1023 millones de d\u00f3lares a obras h\u00eddricas?<\/p>\n\n\n\n<p>-Los 1023 millones de d\u00f3lares que se consiguieron durante mi Gobierno de resarcimiento de la producci\u00f3n industrial van a ser aplicados a proyectos h\u00eddricos, hidroel\u00e9ctricos que le den competitividad a la agricultura y la agroindustria pero que conserven el agua.<\/p>\n\n\n\n<p>-\u00bfY sobre el consumo humano?<\/p>\n\n\n\n<p>-De la \u00e9tica que ya existe del agua&nbsp;<strong>vamos a hacer una cosa pr\u00e1ctica<\/strong>; vamos a invertir en la&nbsp;<strong>medici\u00f3n del consumo de agua residencial&nbsp;<\/strong>y tambi\u00e9n en el consumo agr\u00edcola e industrial.<\/p>\n\n\n\n<p>Campa\u00f1a, candidatos y municipios<\/p>\n\n\n\n<p>Hay una reconfiguraci\u00f3n en los departamentos que son gobernados por Cambia Mendoza. De los once que definir\u00e1n sus intendentes diez responden a CM (el otro es Luj\u00e1n que es de LUM) y solo tres de ellos, Capital, Malarg\u00fce y San Mart\u00edn sus jefes comunales van por la reelecci\u00f3n, ellos son Ulpiano Suarez, Juan Manuel Ojeda y Ra\u00fal Rufeil respectivamente. Es un escenario in\u00e9dito que puede incidir en el resultado electoral.<\/p>\n\n\n\n<p>-\u00bfQu\u00e9 incidencia tendr\u00e1n en la elecci\u00f3n provincial los candidatos a intendentes de las once municipalidades que tambi\u00e9n eligen este domingo?<\/p>\n\n\n\n<p>-Ser\u00e1n muy importantes, partimos de una disminuci\u00f3n porque nosotros no llevamos reelectos a los candidatos por la cl\u00e1usula que yo mismo impuls\u00e9, que s\u00f3lo permite una reelecci\u00f3n consecutiva, pero s\u00ed que van a ser relevantes, son un cambio, el resto presenta a la misma gente, Celso Jaque es candidato de Malarg\u00fce, Jorge Gim\u00e9nez es candidato a intendente de San Mart\u00edn. Yo muestro a Marcos Calvente, un ingeniero joven en Guaymall\u00e9n; a Francisco Lo Presti de 30 y pico de a\u00f1os, abogado en Las Heras; muestro Diego Costarelli en Godoy Cruz; muestro a Natalio Mema en Luj\u00e1n, eso s\u00ed es un proyecto renovador.<\/p>\n\n\n\n<p>-Se ha quejado&nbsp; de la campa\u00f1a en su contra, eso se not\u00f3 en el debate \u00bfpor qu\u00e9 cree que pasa?<\/p>\n\n\n\n<p>-Es una campa\u00f1a negativa, que busca representar el descontento social sin ning\u00fan programa espec\u00edfico, ning\u00fan plan de acci\u00f3n espec\u00edfico, sino alimentando la decepci\u00f3n, el odio, tratando de representar esa decepci\u00f3n, ese mal humor, contra una propuesta probada, que en contextos recesivos funcion\u00f3 y adem\u00e1s, creo que lo que ofrecemos es solvencia para generar cambios en Mendoza.&nbsp;<\/p>\n\n\n\n<p>-Vamos a liderar los cambios que necesita Mendoza porque sabemos c\u00f3mo hacerlo, pero tambi\u00e9n porque est\u00e1 probado que en contextos de crisis hemos funcionado bien y con un equipo renovado, con candidatos a intendente bastante j\u00f3venes en el Gran Mendoza, una candidata a vicegobernadora (Hebe Casado) que viene desde fuera del sector p\u00fablico que es representativa territorialmente. Me parece que es una dosis de renovaci\u00f3n, una garant\u00eda de cambio ordenado. &nbsp;<\/p>\n\n\n\n<p><strong>El pa\u00eds que viene, en 8 puntos<\/strong><\/p>\n\n\n\n<p>En la noche del domingo 17, durante el Debate el candidato a de Cambia Mendoza, Cornejo postul\u00f3 que se ven\u00eda una nueva etapa en Argentina dado que el electorado ha cambiado su norte econ\u00f3mico y ahora adher\u00eda a otro r\u00e9gimen econ\u00f3mico vinculado a la pr\u00e9dica de Javier Milei y Patricia Bullrich. Este es el an\u00e1lisis de Cornejo sobre este nuevo escenario nacional que se dar\u00e1 a\u00fan si es electo el ministro de Econom\u00eda, Sergio Massa.<\/p>\n\n\n\n<p>&nbsp;<\/p>\n\n\n\n<p><strong>\u2022 Segunda vuelta y cambio brusco.<\/strong>&nbsp;<em>Creo que habr\u00e1 segunda vuelta, pero independientemente de mi opini\u00f3n me parece que hoy no se sabe cu\u00e1l va a ser, hay un nivel de incertidumbre bastante alto. S\u00ed es seguro que el cambio de orientaci\u00f3n econ\u00f3mica ser\u00e1 bastante brusco, porque hay otra demanda social de cambio de r\u00e9gimen econ\u00f3mico y ese cambio se va a dar ahora.<\/em><\/p>\n\n\n\n<p><strong>\u2022 Elegir qui\u00e9n puede hacer el cambio.&nbsp;<\/strong><em>En las PASO la pregunta era: \u00bfcon qu\u00e9 mano se va a castigar al Gobierno nacional? Hoy el interrogante es: \u00bfcon qu\u00e9 voto se va a dar administraci\u00f3n y mandato de este cambio de r\u00e9gimen econ\u00f3mico?<\/em><\/p>\n\n\n\n<p><strong>\u2022 Voto liberal dominante.&nbsp;<\/strong><em>Identifico que el voto a Javier Milei y el voto a Patricia Bullrich es un cambio de orientaci\u00f3n econ\u00f3mica trascendente. A diferencia del 2015 hay una demanda de cambio del r\u00e9gimen econ\u00f3mico muy superior a cuando gan\u00f3 Macri en el pa\u00eds o nosotros en Mendoza.<\/em><\/p>\n\n\n\n<p><strong>\u2022 Gobernar bajo presi\u00f3n.<\/strong>&nbsp;<em>El 2024 va a ser duro porque el cambio de r\u00e9gimen econ\u00f3mico, a nivel nacional va a generar una etapa con alguna conflictividad. Y si va a generar conflictividad es mejor tener un liderazgo concreto a nivel provincial. Est\u00e1 probado que de los cuatro a\u00f1os que gobern\u00e9 tres fueron con recesi\u00f3n econ\u00f3mica y el Estado provincial funcion\u00f3 mucho mejor.&nbsp;El instrumento de pol\u00edtica econ\u00f3mica que tiene el Gobierno provincial que es el presupuesto fue manejado adecuadamente. Se aument\u00f3 la inversi\u00f3n en obra p\u00fablica, se baj\u00f3 el empleo p\u00fablico, pero se aument\u00f3 el salario real del sector p\u00fablico, de hecho, reapareci\u00f3 la inflaci\u00f3n y terminamos con cl\u00e1usula gatillo de actualizaci\u00f3n.<\/em><\/p>\n\n\n\n<p><strong>\u2022 La conflictividad al palo.&nbsp;<\/strong><em>La demanda de cambio de r\u00e9gimen pol\u00edtico y econ\u00f3mico va a hacer que el gobierno, sea cual sea, vaya en esa orientaci\u00f3n. Eso&nbsp; se dar\u00e1 aunque gane Sergio Massa. Es cierto que no es lo mismo la sostenibilidad de esos cambios y la gobernabilidad con uno que con otro, a priori vamos a ver, pero s\u00ed creo que, en cualquiera de esos casos, cualquiera que gane, la gobernabilidad va a estar siempre en riesgo; porque hacer cambios profundos en el r\u00e9gimen econ\u00f3mico trae l\u00edos, conflictos, turbulencia.&nbsp;<\/em><\/p>\n\n\n\n<p><strong>\u2022 Uno malo y tres buenos.<\/strong>&nbsp;<em>Despu\u00e9s de un a\u00f1o de conflictividad como se prev\u00e9, que ser\u00e1 2024, tendremos un contexto de crecimiento econ\u00f3mico. Entonces estoy preparado, estoy probado para un 2024 traum\u00e1tico y mucho mejor preparado para un 2025, 2026, 2027 de crecimiento, que es el escenario que vislumbro.&nbsp; &nbsp;<\/em><\/p>\n\n\n\n<p><strong>\u2022 Las tricheras provinciales.<\/strong>&nbsp;<em>El papel de los gobernadores va a ser clave, por lo menos de las 8 provincias m\u00e1s relevantes en materia econ\u00f3mica; va a ser relevante por la gobernabilidad si el gobierno nacional se anima a esos cambios.<\/em><\/p>\n\n\n\n<p><strong>\u2022 Dominar la inseguridad.<\/strong>&nbsp;<em>Mendoza debe gestionar bien sus competencias provinciales, debe gestionarlas mejor, yo doy garant\u00eda de eso, hay cosas que hay que mejorar como logr\u00e9 hacer&nbsp; en su momento; el combate al delito violento lo mejoramos, metimos 10 mil personas m\u00e1s presas en un a\u00f1o y en el robo, los delitos mas blandos, robos de neum\u00e1ticos, de tel\u00e9fonos m\u00f3viles, de elementos de trabajo, hoy hay que apuntar tambi\u00e9n a meter presos a esos delincuentes que est\u00e1n en esa tarea y hay propuestas. Ese es el cambio concreto, cada una de las funciones sustantivas del Estado provincial.&nbsp;<\/em><\/p>\n\n\n\n<p>FUENTE: mendozapost.<\/p>\n","protected":false},"excerpt":{"rendered":"<p>l candidato a gobernador de Cambia Mendoza avisa que 2024 ser\u00e1 de cambios sociales y econ\u00f3micos, no importa qui\u00e9n presida a Argentina. A&nbsp;Alfredo Cornejo&nbsp;se lo percibe m\u00e1s energizado en estas horas que transcurren y que nos acercamos al domingo 24, d\u00eda de las&nbsp;elecciones generales provinciales&nbsp;a gobernador. Se nota su disposici\u00f3n para responder con m\u00e1s firmeza [&hellip;]<\/p>\n","protected":false},"author":2,"featured_media":1543,"comment_status":"open","ping_status":"open","sticky":true,"template":"","format":"standard","meta":[],"categories":[47],"tags":[],"_links":{"self":[{"href":"https:\/\/pasaenmendoza.com\/index.php?rest_route=\/wp\/v2\/posts\/1542"}],"collection":[{"href":"https:\/\/pasaenmendoza.com\/index.php?rest_route=\/wp\/v2\/posts"}],"about":[{"href":"https:\/\/pasaenmendoza.com\/index.php?rest_route=\/wp\/v2\/types\/post"}],"author":[{"embeddable":true,"href":"https:\/\/pasaenmendoza.com\/index.php?rest_route=\/wp\/v2\/users\/2"}],"replies":[{"embeddable":true,"href":"https:\/\/pasaenmendoza.com\/index.php?rest_route=%2Fwp%2Fv2%2Fcomments&post=1542"}],"version-history":[{"count":2,"href":"https:\/\/pasaenmendoza.com\/index.php?rest_route=\/wp\/v2\/posts\/1542\/revisions"}],"predecessor-version":[{"id":1548,"href":"https:\/\/pasaenmendoza.com\/index.php?rest_route=\/wp\/v2\/posts\/1542\/revisions\/1548"}],"wp:featuredmedia":[{"embeddable":true,"href":"https:\/\/pasaenmendoza.com\/index.php?rest_route=\/wp\/v2\/media\/1543"}],"wp:attachment":[{"href":"https:\/\/pasaenmendoza.com\/index.php?rest_route=%2Fwp%2Fv2%2Fmedia&parent=1542"}],"wp:term":[{"taxonomy":"category","embeddable":true,"href":"https:\/\/pasaenmendoza.com\/index.php?rest_route=%2Fwp%2Fv2%2Fcategories&post=1542"},{"taxonomy":"post_tag","embeddable":true,"href":"https:\/\/pasaenmendoza.com\/index.php?rest_route=%2Fwp%2Fv2%2Ftags&post=1542"}],"curies":[{"name":"wp","href":"https:\/\/api.w.org\/{rel}","templated":true}]}}