{"id":15422,"date":"2025-10-27T14:38:45","date_gmt":"2025-10-27T13:38:45","guid":{"rendered":"https:\/\/pasaenmendoza.com\/?p=15422"},"modified":"2025-10-27T14:38:47","modified_gmt":"2025-10-27T13:38:47","slug":"el-tiempo-en-mendoza-para-este-lunes-ventoso-frio-y-con-algunas-lluvias","status":"publish","type":"post","link":"https:\/\/pasaenmendoza.com\/?p=15422","title":{"rendered":"El tiempo en Mendoza para este lunes: ventoso, fr\u00edo y con algunas lluvias"},"content":{"rendered":"\n<p>La&nbsp;<strong>temperatura m\u00e1xima para este lunes estar\u00e1 en los 14 grados cent\u00edgrados<\/strong>, mientras que la m\u00ednima ser\u00e1 de 6 grados cent\u00edgrados.<\/p>\n\n\n\n<p>Estar\u00e1 \u201c<em>mayormente\u00a0<strong>nublado y ventoso\u00a0<\/strong>con marcado descenso de la temperatura y\u00a0<strong>precipitaciones aisladas<\/strong>, vientos moderados a algo fuertes del sector sur<\/em>\u201c.<\/p>\n\n\n\n<p>Se produjo en horas de la madrugada el ingreso de<strong>&nbsp;frente fr\u00edo.<\/strong><\/p>\n\n\n\n<p>El tiempo en alta monta\u00f1a: \u201c<em>Precipitaciones en cordillera<\/em>\u201c.<\/p>\n\n\n\n<h2 class=\"wp-block-heading\" id=\"h-alerta-por-vientos\">Alerta por vientos<\/h2>\n\n\n\n<p>El Servicio Meteorol\u00f3gico Nacional dispuso&nbsp;<strong>un alerta en nivel amarillo para el Este de Las Heras, La Paz, Lavalle, San Mart\u00edn y Santa Rosa, para la ma\u00f1ana y tarde.<\/strong><\/p>\n\n\n\n<p>Esto implica que el \u00e1rea ser\u00e1 afectada por\u00a0<strong>vientos del sur o sudeste con velocidades entre 40 y 50 kil\u00f3metros por hora con r\u00e1fagas que pueden superar los 70 kil\u00f3metros<\/strong>\u00a0por hora.<\/p>\n\n\n\n<p><strong>Fuente: www.elsol.com.ar<\/strong><\/p>\n","protected":false},"excerpt":{"rendered":"<p>La&nbsp;temperatura m\u00e1xima para este lunes estar\u00e1 en los 14 grados cent\u00edgrados, mientras que la m\u00ednima ser\u00e1 de 6 grados cent\u00edgrados. Estar\u00e1 \u201cmayormente\u00a0nublado y ventoso\u00a0con marcado descenso de la temperatura y\u00a0precipitaciones aisladas, vientos moderados a algo fuertes del sector sur\u201c. Se produjo en horas de la madrugada el ingreso de&nbsp;frente fr\u00edo. El tiempo en alta monta\u00f1a: [&hellip;]<\/p>\n","protected":false},"author":2,"featured_media":15423,"comment_status":"open","ping_status":"open","sticky":false,"template":"","format":"standard","meta":[],"categories":[52],"tags":[],"_links":{"self":[{"href":"https:\/\/pasaenmendoza.com\/index.php?rest_route=\/wp\/v2\/posts\/15422"}],"collection":[{"href":"https:\/\/pasaenmendoza.com\/index.php?rest_route=\/wp\/v2\/posts"}],"about":[{"href":"https:\/\/pasaenmendoza.com\/index.php?rest_route=\/wp\/v2\/types\/post"}],"author":[{"embeddable":true,"href":"https:\/\/pasaenmendoza.com\/index.php?rest_route=\/wp\/v2\/users\/2"}],"replies":[{"embeddable":true,"href":"https:\/\/pasaenmendoza.com\/index.php?rest_route=%2Fwp%2Fv2%2Fcomments&post=15422"}],"version-history":[{"count":1,"href":"https:\/\/pasaenmendoza.com\/index.php?rest_route=\/wp\/v2\/posts\/15422\/revisions"}],"predecessor-version":[{"id":15424,"href":"https:\/\/pasaenmendoza.com\/index.php?rest_route=\/wp\/v2\/posts\/15422\/revisions\/15424"}],"wp:featuredmedia":[{"embeddable":true,"href":"https:\/\/pasaenmendoza.com\/index.php?rest_route=\/wp\/v2\/media\/15423"}],"wp:attachment":[{"href":"https:\/\/pasaenmendoza.com\/index.php?rest_route=%2Fwp%2Fv2%2Fmedia&parent=15422"}],"wp:term":[{"taxonomy":"category","embeddable":true,"href":"https:\/\/pasaenmendoza.com\/index.php?rest_route=%2Fwp%2Fv2%2Fcategories&post=15422"},{"taxonomy":"post_tag","embeddable":true,"href":"https:\/\/pasaenmendoza.com\/index.php?rest_route=%2Fwp%2Fv2%2Ftags&post=15422"}],"curies":[{"name":"wp","href":"https:\/\/api.w.org\/{rel}","templated":true}]}}