{"id":15425,"date":"2025-10-27T14:46:35","date_gmt":"2025-10-27T13:46:35","guid":{"rendered":"https:\/\/pasaenmendoza.com\/?p=15425"},"modified":"2025-10-27T14:46:36","modified_gmt":"2025-10-27T13:46:36","slug":"triunfo-en-todo-el-pais-milei-gano-con-el-407-y-convoco-a-los-gobernadores","status":"publish","type":"post","link":"https:\/\/pasaenmendoza.com\/?p=15425","title":{"rendered":"Triunfo en todo el pa\u00eds: Milei gan\u00f3 con el 40,7% y convoc\u00f3 a los gobernadores"},"content":{"rendered":"\n<p>\u00a0El Gobierno nacional logr\u00f3 un amplio triunfo en las\u00a0<strong>elecciones\u00a0legislativas 2025<\/strong>, con el\u00a0<strong>40,72% de los votos<\/strong>\u00a0en todo el pa\u00eds. La Libertad Avanza fue la fuerza m\u00e1s votada y se impuso en\u00a0<strong>14 distritos<\/strong>, entre ellos la\u00a0<strong>Ciudad y la provincia de Buenos Aires, Mendoza, Santa Fe, C\u00f3rdoba, Entre R\u00edos, Chaco, San Luis, Salta, Jujuy, R\u00edo Negro, Neuqu\u00e9n, Chubut y Tierra del Fuego<\/strong>.<\/p>\n\n\n\n<p>En segundo lugar qued\u00f3 la alianza&nbsp;<strong>Fuerza Patria<\/strong>, con&nbsp;<strong>31,67%<\/strong>, que retuvo los gobiernos de&nbsp;<strong>Formosa, Tucum\u00e1n, Catamarca, San Juan, Santa Cruz y La Pampa<\/strong>, aunque con m\u00e1rgenes menores a los de elecciones anteriores.<\/p>\n\n\n\n<p>La tercera fuerza fue\u00a0<strong>Provincias Unidas<\/strong>, que reuni\u00f3\u00a0<strong>7,13% de los votos<\/strong>\u00a0y logr\u00f3 una victoria ajustada en\u00a0<strong>Corrientes<\/strong>, con el gobernador\u00a0<strong>Gustavo Vald\u00e9s<\/strong>. El\u00a0<strong>Frente de Izquierda<\/strong>\u00a0obtuvo casi\u00a0<strong>4%<\/strong>\u00a0y conservar\u00e1 tres bancas de las cuatro que pon\u00eda en juego.<\/p>\n\n\n\n<p>Con estos resultados,\u00a0<strong>La Libertad Avanza<\/strong>\u00a0incorporar\u00e1\u00a0<strong>64 diputados y 13 senadores<\/strong>\u00a0desde diciembre, alcanzando\u00a0<strong>101 bancas propias en la C\u00e1mara baja<\/strong>\u00a0y 19 en el Senado. El bloque oficialista podr\u00eda contar con el tercio necesario para sostener vetos y abrir negociaciones legislativas.<\/p>\n\n\n\n<p>El presidente\u00a0<strong>Javier Milei<\/strong>\u00a0celebr\u00f3 el resultado poco despu\u00e9s de las 22.30 y calific\u00f3 la jornada como un\u00a0<strong>&#8220;punto bisagra&#8221;<\/strong>\u00a0para el pa\u00eds. Agradeci\u00f3 a su equipo y a &#8220;<strong>los dos arquitectos de este milagro: Karina Milei y Santiago Caputo<\/strong>&#8220;. En su discurso, convoc\u00f3 a los\u00a0<strong>gobernadores<\/strong>\u00a0a firmar un acuerdo nacional para avanzar en\u00a0<strong>reformas previsionales, impositivas y laborales<\/strong>.<\/p>\n\n\n\n<p>La\u00a0<strong>ministra de Seguridad, Patricia Bullrich<\/strong>, destac\u00f3 el respaldo obtenido en la Ciudad de Buenos Aires, donde super\u00f3 el\u00a0<strong>50%<\/strong>\u00a0de los votos en la categor\u00eda de Senado. En la provincia de Buenos Aires,\u00a0<strong>Diego Santilli<\/strong>\u00a0obtuvo\u00a0<strong>41,51%<\/strong>, frente a\u00a0<strong>40,86%<\/strong>\u00a0de Fuerza Patria.<\/p>\n\n\n\n<p>Seg\u00fan la&nbsp;<strong>C\u00e1mara Nacional Electoral<\/strong>, vot\u00f3 el&nbsp;<strong>68% del padr\u00f3n<\/strong>, cifra inferior a las elecciones de 2021 y 2023. Las elecciones marcaron el&nbsp;<strong>debut de la boleta \u00fanica de papel<\/strong>, que tuvo buena aceptaci\u00f3n general. El&nbsp;<strong>voto nulo<\/strong>&nbsp;aument\u00f3 del&nbsp;<strong>0,8% al 2,3%<\/strong>, principalmente por errores en la marcaci\u00f3n.<\/p>\n\n\n\n<p>El&nbsp;<strong>jefe de Gabinete, Guillermo Francos<\/strong>, calific\u00f3 el nuevo sistema como &#8220;<strong>eficiente, r\u00e1pido y seguro<\/strong>&#8220;. Milei tambi\u00e9n destac\u00f3 su implementaci\u00f3n: &#8220;<strong>La boleta \u00fanica termina con la trampa<\/strong>&#8220;, dijo.<\/p>\n\n\n\n<p>El escrutinio provisorio cerr\u00f3 a las 23 con\u00a0<strong>el 90% de las mesas computadas<\/strong>\u00a0y confirm\u00f3 la tendencia nacional favorable al oficialismo.<\/p>\n\n\n\n<p><strong>Fuente: www.mendozapost.com<\/strong><\/p>\n","protected":false},"excerpt":{"rendered":"<p>\u00a0El Gobierno nacional logr\u00f3 un amplio triunfo en las\u00a0elecciones\u00a0legislativas 2025, con el\u00a040,72% de los votos\u00a0en todo el pa\u00eds. La Libertad Avanza fue la fuerza m\u00e1s votada y se impuso en\u00a014 distritos, entre ellos la\u00a0Ciudad y la provincia de Buenos Aires, Mendoza, Santa Fe, C\u00f3rdoba, Entre R\u00edos, Chaco, San Luis, Salta, Jujuy, R\u00edo Negro, Neuqu\u00e9n, Chubut [&hellip;]<\/p>\n","protected":false},"author":2,"featured_media":15426,"comment_status":"open","ping_status":"open","sticky":false,"template":"","format":"standard","meta":[],"categories":[47],"tags":[],"_links":{"self":[{"href":"https:\/\/pasaenmendoza.com\/index.php?rest_route=\/wp\/v2\/posts\/15425"}],"collection":[{"href":"https:\/\/pasaenmendoza.com\/index.php?rest_route=\/wp\/v2\/posts"}],"about":[{"href":"https:\/\/pasaenmendoza.com\/index.php?rest_route=\/wp\/v2\/types\/post"}],"author":[{"embeddable":true,"href":"https:\/\/pasaenmendoza.com\/index.php?rest_route=\/wp\/v2\/users\/2"}],"replies":[{"embeddable":true,"href":"https:\/\/pasaenmendoza.com\/index.php?rest_route=%2Fwp%2Fv2%2Fcomments&post=15425"}],"version-history":[{"count":1,"href":"https:\/\/pasaenmendoza.com\/index.php?rest_route=\/wp\/v2\/posts\/15425\/revisions"}],"predecessor-version":[{"id":15427,"href":"https:\/\/pasaenmendoza.com\/index.php?rest_route=\/wp\/v2\/posts\/15425\/revisions\/15427"}],"wp:featuredmedia":[{"embeddable":true,"href":"https:\/\/pasaenmendoza.com\/index.php?rest_route=\/wp\/v2\/media\/15426"}],"wp:attachment":[{"href":"https:\/\/pasaenmendoza.com\/index.php?rest_route=%2Fwp%2Fv2%2Fmedia&parent=15425"}],"wp:term":[{"taxonomy":"category","embeddable":true,"href":"https:\/\/pasaenmendoza.com\/index.php?rest_route=%2Fwp%2Fv2%2Fcategories&post=15425"},{"taxonomy":"post_tag","embeddable":true,"href":"https:\/\/pasaenmendoza.com\/index.php?rest_route=%2Fwp%2Fv2%2Ftags&post=15425"}],"curies":[{"name":"wp","href":"https:\/\/api.w.org\/{rel}","templated":true}]}}