{"id":15431,"date":"2025-10-27T14:52:54","date_gmt":"2025-10-27T13:52:54","guid":{"rendered":"https:\/\/pasaenmendoza.com\/?p=15431"},"modified":"2025-10-27T14:52:55","modified_gmt":"2025-10-27T13:52:55","slug":"fuerte-choque-en-los-corralitos-uno-de-los-conductores-manejaba-ebrio","status":"publish","type":"post","link":"https:\/\/pasaenmendoza.com\/?p=15431","title":{"rendered":"Fuerte choque en Los Corralitos: uno de los conductores manejaba ebrio"},"content":{"rendered":"\n<p>Un&nbsp;<strong>fuerte choque entre dos veh\u00edculos<\/strong>&nbsp;ocurri\u00f3 durante la ma\u00f1ana de este lunes, alrededor de las 06.35, en la intersecci\u00f3n de&nbsp;<strong>Severo del Castillo y Callej\u00f3n Lemos<\/strong>, de<strong>&nbsp;Los Corralitos, Guaymall\u00e9n.&nbsp;<\/strong><\/p>\n\n\n\n<p>El incidente tuvo como protagonista a una\u00a0<strong>camioneta Toyota Hilux<\/strong>, cuyo conductor dio positivo en la prueba de alcoholemia, superando el gramo de alcohol en sangre.\u00a0 Se constat\u00f3 que el conductor de la camioneta dio como\u00a0<strong>resultado positivo de 1,2 g\/l.<\/strong><\/p>\n\n\n\n<p>Seg\u00fan los reportes de la Delegaci\u00f3n Vial Gran Mendoza, la camioneta se desplazaba hacia el norte por la calle Severo del Castillo cuando colision\u00f3 con un\u00a0<strong>Fiat Siena<\/strong>\u00a0que circulaba en sentido contrario.<\/p>\n\n\n\n<p>Se investiga si uno de los veh\u00edculos intent\u00f3 girar, lo que provoc\u00f3 el impacto.<\/p>\n\n\n\n<p><strong>Lesiones<\/strong><\/p>\n\n\n\n<p>Tras el choque, el conductor del Fiat sufri\u00f3 un traumatismo enc\u00e9falo-craneano (TEC) sin p\u00e9rdida de conocimiento y fue trasladado al Hospital Central. Su estado es estable.<\/p>\n\n\n\n<p>Por su parte, el conductor de la camioneta fue trasladado a la Comisar\u00eda 58. En el veh\u00edculo, tambi\u00e9n viajaban dos acompa\u00f1antes, quienes no presentaron lesiones. Las autoridades contin\u00faan investigando las causas exactas del accidente y la situaci\u00f3n legal del conductor de la camioneta Hilux, quien deber\u00e1 responder por conducir bajo los efectos del alcohol.<\/p>\n\n\n\n<p><strong>Fuente: www.mendozapost.com<\/strong><\/p>\n","protected":false},"excerpt":{"rendered":"<p>Un&nbsp;fuerte choque entre dos veh\u00edculos&nbsp;ocurri\u00f3 durante la ma\u00f1ana de este lunes, alrededor de las 06.35, en la intersecci\u00f3n de&nbsp;Severo del Castillo y Callej\u00f3n Lemos, de&nbsp;Los Corralitos, Guaymall\u00e9n.&nbsp; El incidente tuvo como protagonista a una\u00a0camioneta Toyota Hilux, cuyo conductor dio positivo en la prueba de alcoholemia, superando el gramo de alcohol en sangre.\u00a0 Se constat\u00f3 que [&hellip;]<\/p>\n","protected":false},"author":2,"featured_media":15432,"comment_status":"open","ping_status":"open","sticky":false,"template":"","format":"standard","meta":[],"categories":[48],"tags":[],"_links":{"self":[{"href":"https:\/\/pasaenmendoza.com\/index.php?rest_route=\/wp\/v2\/posts\/15431"}],"collection":[{"href":"https:\/\/pasaenmendoza.com\/index.php?rest_route=\/wp\/v2\/posts"}],"about":[{"href":"https:\/\/pasaenmendoza.com\/index.php?rest_route=\/wp\/v2\/types\/post"}],"author":[{"embeddable":true,"href":"https:\/\/pasaenmendoza.com\/index.php?rest_route=\/wp\/v2\/users\/2"}],"replies":[{"embeddable":true,"href":"https:\/\/pasaenmendoza.com\/index.php?rest_route=%2Fwp%2Fv2%2Fcomments&post=15431"}],"version-history":[{"count":1,"href":"https:\/\/pasaenmendoza.com\/index.php?rest_route=\/wp\/v2\/posts\/15431\/revisions"}],"predecessor-version":[{"id":15433,"href":"https:\/\/pasaenmendoza.com\/index.php?rest_route=\/wp\/v2\/posts\/15431\/revisions\/15433"}],"wp:featuredmedia":[{"embeddable":true,"href":"https:\/\/pasaenmendoza.com\/index.php?rest_route=\/wp\/v2\/media\/15432"}],"wp:attachment":[{"href":"https:\/\/pasaenmendoza.com\/index.php?rest_route=%2Fwp%2Fv2%2Fmedia&parent=15431"}],"wp:term":[{"taxonomy":"category","embeddable":true,"href":"https:\/\/pasaenmendoza.com\/index.php?rest_route=%2Fwp%2Fv2%2Fcategories&post=15431"},{"taxonomy":"post_tag","embeddable":true,"href":"https:\/\/pasaenmendoza.com\/index.php?rest_route=%2Fwp%2Fv2%2Ftags&post=15431"}],"curies":[{"name":"wp","href":"https:\/\/api.w.org\/{rel}","templated":true}]}}