{"id":15437,"date":"2025-10-27T21:59:28","date_gmt":"2025-10-27T20:59:28","guid":{"rendered":"https:\/\/pasaenmendoza.com\/?p=15437"},"modified":"2025-10-27T21:59:29","modified_gmt":"2025-10-27T20:59:29","slug":"reinas-de-vendimia-unidas-contra-el-cancer-de-mama-y-el-mensaje-de-un-fotografo-que-emociona-a-mendoza","status":"publish","type":"post","link":"https:\/\/pasaenmendoza.com\/?p=15437","title":{"rendered":"Reinas de Vendimia unidas contra el c\u00e1ncer de mama y el mensaje de un fot\u00f3grafo que emociona a Mendoza"},"content":{"rendered":"\n<p>Un proyecto de impacto social, gestado por el<strong>\u00a0fot\u00f3grafo<\/strong>\u00a0mendocino\u00a0<strong>Emmanuel D\u00edaz<\/strong>\u00a0con el apoyo de\u00a0<strong>CORENAVE\u00a0<\/strong>y\u00a0<strong>COVINAVE<\/strong>, acaba de poner en marcha una de las propuestas m\u00e1s emotivas del mes rosa. Bajo el lema \u201ctodo el a\u00f1o es<strong>\u00a0rosa<\/strong>\u201d, el artista reuni\u00f3 a\u00a0<strong>reinas<\/strong>\u00a0y<strong>\u00a0virreinas<\/strong>\u00a0nacionales de la<strong>\u00a0Vendimia<\/strong>\u00a0de mandatos cumplidos, junto con las 18\u00a0<strong>representantes<\/strong>\u00a0departamentales, para una producci\u00f3n<strong>\u00a0fotogr\u00e1fica<\/strong>\u00a0que busca\u00a0<strong>concientizar\u00a0<\/strong>sobre el\u00a0<strong>c\u00e1ncer de mama<\/strong>\u00a0desde un lugar de uni\u00f3n, belleza y esperanza.<\/p>\n\n\n\n<p>El autor es&nbsp;<strong>Emmanuel D\u00edaz<\/strong>,&nbsp;<strong>fot\u00f3grafo<\/strong>&nbsp;profesional de 37 a\u00f1os, oriundo de La Paz y, desde hace 4 a\u00f1os residente en la ciudad de Mendoza.<\/p>\n\n\n\n<p>\u201cTras 18 a\u00f1os dedicados a la\u00a0<strong>fotograf\u00eda<\/strong>, este a\u00f1o di un gran paso al abrir mi propio estudio en la Galer\u00eda Kolton, en pleno coraz\u00f3n de la ciudad. A lo largo de mi carrera siempre me he sentido profundamente comprometido con las causas sociales, buscando transmitir mensajes significativos a trav\u00e9s de mi mirada\u201d, expres\u00f3.<\/p>\n\n\n\n<p>En esta oportunidad, su c\u00e1mara se transform\u00f3 en un veh\u00edculo de<strong>&nbsp;empat\u00eda<\/strong>. Con motivo del mes de la concientizaci\u00f3n sobre el&nbsp;<strong>c\u00e1ncer de mama<\/strong>, propuso a&nbsp;<strong>CORENAVE<\/strong>&nbsp;y&nbsp;<strong>COVINAVE<\/strong>&nbsp;realizar una producci\u00f3n&nbsp;<strong>fotogr\u00e1fica<\/strong>&nbsp;especial, diferente a todo lo hecho hasta ahora. La idea fue reunir a las&nbsp;<strong>reinas de la Vendimia<\/strong>&nbsp;vestidas de rosa, s\u00edmbolo universal de la lucha contra esta&nbsp;<strong>enfermedad,<\/strong>&nbsp;para enviar un mensaje visual de prevenci\u00f3n, unidad y amor propio.<\/p>\n\n\n\n<h2 class=\"wp-block-heading\">Un sue\u00f1o compartido en el mes rosa y las reinas concientizando<\/h2>\n\n\n\n<p>El proyecto no habr\u00eda sido posible sin el acompa\u00f1amiento de las instituciones<strong>&nbsp;vendimiales<\/strong>&nbsp;y el trabajo colaborativo de numerosos profesionales. \u201cDeseo agradecer especialmente a Blond Peluquer\u00eda, con Arian Arreguez a la cabeza, y a la Academia Amel\u00ed, que aport\u00f3 maquilladoras y asistentes de peluquer\u00eda. Tambi\u00e9n contamos con la edici\u00f3n de videos y reels, que incluyen los testimonios de las<strong>&nbsp;reinas<\/strong>, sumando una dimensi\u00f3n audiovisual al proyecto\u201d, detalla Emmanuel.<\/p>\n\n\n\n<p>A pesar de la magnitud del trabajo, el<strong>&nbsp;fot\u00f3grafo&nbsp;<\/strong>aclara que se trat\u00f3 de una producci\u00f3n autogestionada, impulsada con esfuerzo y pasi\u00f3n. \u201cAgradezco profundamente a Javier Guevara por colaborar con el mobiliario antiguo, a todos los municipios de la provincia por permitir la participaci\u00f3n de las<strong>&nbsp;reinas<\/strong>&nbsp;departamentales con sus atributos, y al gobierno de Mendoza por acompa\u00f1arnos con la presencia de la<strong>&nbsp;reina<\/strong>&nbsp;y&nbsp;<strong>virreina<\/strong>&nbsp;Nacional\u201d, subraya.<\/p>\n\n\n\n<h2 class=\"wp-block-heading\">La sensibilidad detr\u00e1s de la lente del fot\u00f3grafo<\/h2>\n\n\n\n<p>La iniciativa naci\u00f3 de una inquietud muy personal. \u201cS\u00ed, la iniciativa surge de mi parte, como\u00a0<strong>fot\u00f3grafo<\/strong>\u00a0que hace tantos a\u00f1os est\u00e1 en el mundo de la\u00a0<strong>Vendimia<\/strong>\u201d, explica Emmanuel. \u201cHabl\u00e9 con CORENAVE, con COVINAVE y con mi prima\u00a0<strong>Ana Laura Verde,\u00a0<\/strong>que fue<strong>\u00a0reina nacional<\/strong>\u00a0por el departamento de La Paz. Ella fue quien me impuls\u00f3 a seguir adelante con la idea\u201d, detalla.<\/p>\n\n\n\n<p>Pero el proyecto cobr\u00f3 un significado m\u00e1s profundo cuando aparecieron historias de vida atravesadas por la&nbsp;<strong>enfermedad<\/strong>. \u201cSabemos de al menos dos&nbsp;<strong>reinas<\/strong>&nbsp;de mandato cumplido que perdieron a sus mam\u00e1s por&nbsp;<strong>c\u00e1ncer de mama<\/strong>:&nbsp;<strong>Julieta Lagos<\/strong>&nbsp;y&nbsp;<strong>Martina Mercol<\/strong>. Tengo una foto muy bella de ellas dos juntas\u201d, se\u00f1ala.<\/p>\n\n\n\n<p>El poder de esa imagen resume el esp\u00edritu de la campa\u00f1a: unir belleza y sensibilidad, historia y conciencia, tradici\u00f3n y salud. \u201cEsto no se trata solo de una producci\u00f3n est\u00e9tica. Es un mensaje que busca llegar al coraz\u00f3n, recordar la importancia de los chequeos y de acompa\u00f1ar a quienes atraviesan esta&nbsp;<strong>enfermedad\u201d<\/strong>, resume.<\/p>\n\n\n\n<h2 class=\"wp-block-heading\">La campa\u00f1a rosa que emociona en redes<\/h2>\n\n\n\n<p>El proyecto comenz\u00f3 a difundirse en redes sociales de forma gradual. \u201cHasta el momento han salido dos flyers y en estos d\u00edas salen dos m\u00e1s; luego otros dos y as\u00ed sucesivamente\u201d, cuenta Emmanuel. \u201cPorque son muchas&nbsp;<strong>reinas<\/strong>, y le hemos buscado la vuelta para que todos los d\u00edas se publiquen fotos individuales o en tr\u00edos, para mantener viva la campa\u00f1a\u201d.<\/p>\n\n\n\n<p>Las im\u00e1genes, capturadas con delicadeza y respeto, muestran a las<strong>\u00a0reinas<\/strong>\u00a0de diferentes \u00e9pocas y departamentos, todas vestidas de\u00a0<strong>rosa,\u00a0<\/strong>s\u00edmbolo de esperanza y prevenci\u00f3n. Cada una aporta su presencia y su historia a una causa que trasciende la<strong>\u00a0Vendimia\u00a0<\/strong>y alcanza a toda la sociedad mendocina.<\/p>\n\n\n\n<p>\u201cEl broche de oro del proyecto es la foto final, todas juntas, con un mensaje colectivo de concientizaci\u00f3n. La idea es plasmarla en una lona o vinilo gigante, o incluso exponerla en un local comercial de calle San Mart\u00edn o en un espacio cultural de la ciudad, para darle visibilidad p\u00fablica\u201d, anticipa el&nbsp;<strong>fot\u00f3grafo.<\/strong>&nbsp;\u201cEstamos tratando de ver si podemos exhibirla en Cultura o en alg\u00fan lugar que nos permita darle esa visibilizaci\u00f3n final\u201d.<\/p>\n\n\n\n<h2 class=\"wp-block-heading\">Un proyecto hecho a pulm\u00f3n y con el coraz\u00f3n de las reinas de la Vendimia<\/h2>\n\n\n\n<p>Emmanuel remarca que esta propuesta naci\u00f3 de manera espont\u00e1nea, sin fines comerciales ni institucionales, sino como un aporte desde el arte y la comunidad. \u201cEl proyecto arranc\u00f3 ayer. Sali\u00f3 a las redes muy tranquilo, muy a pulm\u00f3n, en mis redes y en las de CORENAVE, COVINAVE y todas las chicas. Lo importante es el mensaje: que las&nbsp;<strong>reinas<\/strong>, \u00edconos de nuestra cultura, se unan por algo tan esencial como la salud y la prevenci\u00f3n\u201d.<\/p>\n\n\n\n<p>Su trabajo no solo retrata rostros y coronas, sino tambi\u00e9n emociones. \u201cMe encanta que por lo menos valoren el trabajo de las chicas. El m\u00edo es m\u00e1s profesional, claro, pero tiene un fin m\u00e1s profundo: usar la<strong>\u00a0fotograf\u00eda\u00a0<\/strong>y el dise\u00f1o para generar conciencia\u201d, comenta. Actualmente, Emmanuel estudia Dise\u00f1o Gr\u00e1fico y Publicidad, con la intenci\u00f3n de unir ambas disciplinas en proyectos con impacto social.<\/p>\n\n\n\n<p>\u201cLa idea es buscarle una vuelta de rosca a mi profesi\u00f3n, como&nbsp;<strong>fot\u00f3grafo<\/strong>, como retratista, y dar un mensaje de concientizaci\u00f3n, en este caso a trav\u00e9s de la&nbsp;<strong>fotograf\u00eda<\/strong>\u201d, explica. \u201cEstoy feliz de haberlo hecho, de ver c\u00f3mo las reinas se comprometieron con tanto amor. Esto demuestra que la Vendimia tambi\u00e9n puede ser un canal para transformar realidades y tocar corazones\u201d.<\/p>\n\n\n\n<h2 class=\"wp-block-heading\">Testimonios que laten y ayudan a concientizar<\/h2>\n\n\n\n<p>Adem\u00e1s de las<strong>\u00a0im\u00e1genes<\/strong>, el proyecto incluir\u00e1 videos y reels con testimonios de las reinas, quienes compartir\u00e1n sus reflexiones sobre la importancia de los controles anuales, el apoyo entre mujeres y la necesidad de mantener viva la conciencia durante todo el a\u00f1o. \u201cNo quer\u00edamos que fuera una campa\u00f1a m\u00e1s. Quer\u00edamos que tuviera alma\u201d, resume Emmanuel.<\/p>\n\n\n\n<p>Las reinas&nbsp;<strong>Julieta Lagos<\/strong>&nbsp;y&nbsp;<strong>Martina Mercol<\/strong>, quienes perdieron a sus&nbsp;<strong>madres<\/strong>&nbsp;por&nbsp;<strong>c\u00e1ncer de mama<\/strong>, encarnan la dimensi\u00f3n m\u00e1s humana de esta propuesta. Su participaci\u00f3n simboliza la memoria, la lucha y la continuidad de un mensaje que salva vidas.<\/p>\n\n\n\n<p>\u201cTodo el a\u00f1o es&nbsp;<strong>rosa<\/strong>\u201d, repite Emmanuel como un mantra que resume el esp\u00edritu del trabajo. \u201cNo se trata solo de posar para una foto, sino de recordar que la prevenci\u00f3n y la detecci\u00f3n temprana pueden salvar vidas. Que detr\u00e1s de cada lazo rosa hay una historia, una madre, una hermana, una amiga. Que todos tenemos un rol en esta causa\u201d.<\/p>\n\n\n\n<h2 class=\"wp-block-heading\">Conmovedores mensajes de dos reinas cuyas mam\u00e1s fallecieron<\/h2>\n\n\n\n<p><strong>Martina Mercol<\/strong>,<strong>&nbsp;Virreina Nacional de la Vendimia<\/strong>&nbsp;2019, y<strong>&nbsp;Julieta Lagos<\/strong>,<strong>&nbsp;Reina Nacional de la Vendimia<\/strong>&nbsp;2018, dejaron su mensaje y participaron de esta propuesta porque el tema los toca de cerca.<\/p>\n\n\n\n<p>\u201cAmbas vivimos de cerca la lucha incansable de nuestras<strong>\u00a0mam\u00e1s<\/strong>\u00a0por vencer el\u00a0<strong>c\u00e1ncer de mama<\/strong>. Acompa\u00f1arlas en ese camino nos marc\u00f3 profundamente y nos ense\u00f1\u00f3 el valor inmenso de la detecci\u00f3n temprana, del amor y de la esperanza\u201d, se\u00f1alaron.<\/p>\n\n\n\n<p>\u201cDesde nuestras experiencias personales, queremos aprovechar este mes tan importante para recordar a todas las&nbsp;<strong>mujeres<\/strong>&nbsp;\u2014sin importar la edad\u2014 que realizar los controles a tiempo puede salvar vidas. Muchas veces el c\u00e1ncer de mama no presenta s\u00edntomas en sus etapas iniciales, por eso los chequeos peri\u00f3dicos son esenciales\u201d.<\/p>\n\n\n\n<p>Para ellas, hablar del tema, informar y animar a otras mujeres a cuidarse es una forma de honrar a quienes&nbsp;<strong>lucharon<\/strong>&nbsp;y siguen<strong>&nbsp;luchando<\/strong>.<\/p>\n\n\n\n<p>\u201cPorque la\u00a0<strong>prevenci\u00f3n<\/strong>\u00a0no solo salva vidas: tambi\u00e9n da tranquilidad, permite actuar a tiempo y nos recuerda que el autocuidado es una forma de amor propio. Cuidate, controlate, habl\u00e1 del tema. La detecci\u00f3n temprana hace la diferencia\u201d, concluyeron.<\/p>\n\n\n\n<p><strong>Fuente: www.diariouno.com.ar<\/strong><\/p>\n","protected":false},"excerpt":{"rendered":"<p>Un proyecto de impacto social, gestado por el\u00a0fot\u00f3grafo\u00a0mendocino\u00a0Emmanuel D\u00edaz\u00a0con el apoyo de\u00a0CORENAVE\u00a0y\u00a0COVINAVE, acaba de poner en marcha una de las propuestas m\u00e1s emotivas del mes rosa. Bajo el lema \u201ctodo el a\u00f1o es\u00a0rosa\u201d, el artista reuni\u00f3 a\u00a0reinas\u00a0y\u00a0virreinas\u00a0nacionales de la\u00a0Vendimia\u00a0de mandatos cumplidos, junto con las 18\u00a0representantes\u00a0departamentales, para una producci\u00f3n\u00a0fotogr\u00e1fica\u00a0que busca\u00a0concientizar\u00a0sobre el\u00a0c\u00e1ncer de mama\u00a0desde un lugar de [&hellip;]<\/p>\n","protected":false},"author":2,"featured_media":15438,"comment_status":"open","ping_status":"open","sticky":false,"template":"","format":"standard","meta":[],"categories":[50],"tags":[],"_links":{"self":[{"href":"https:\/\/pasaenmendoza.com\/index.php?rest_route=\/wp\/v2\/posts\/15437"}],"collection":[{"href":"https:\/\/pasaenmendoza.com\/index.php?rest_route=\/wp\/v2\/posts"}],"about":[{"href":"https:\/\/pasaenmendoza.com\/index.php?rest_route=\/wp\/v2\/types\/post"}],"author":[{"embeddable":true,"href":"https:\/\/pasaenmendoza.com\/index.php?rest_route=\/wp\/v2\/users\/2"}],"replies":[{"embeddable":true,"href":"https:\/\/pasaenmendoza.com\/index.php?rest_route=%2Fwp%2Fv2%2Fcomments&post=15437"}],"version-history":[{"count":1,"href":"https:\/\/pasaenmendoza.com\/index.php?rest_route=\/wp\/v2\/posts\/15437\/revisions"}],"predecessor-version":[{"id":15439,"href":"https:\/\/pasaenmendoza.com\/index.php?rest_route=\/wp\/v2\/posts\/15437\/revisions\/15439"}],"wp:featuredmedia":[{"embeddable":true,"href":"https:\/\/pasaenmendoza.com\/index.php?rest_route=\/wp\/v2\/media\/15438"}],"wp:attachment":[{"href":"https:\/\/pasaenmendoza.com\/index.php?rest_route=%2Fwp%2Fv2%2Fmedia&parent=15437"}],"wp:term":[{"taxonomy":"category","embeddable":true,"href":"https:\/\/pasaenmendoza.com\/index.php?rest_route=%2Fwp%2Fv2%2Fcategories&post=15437"},{"taxonomy":"post_tag","embeddable":true,"href":"https:\/\/pasaenmendoza.com\/index.php?rest_route=%2Fwp%2Fv2%2Ftags&post=15437"}],"curies":[{"name":"wp","href":"https:\/\/api.w.org\/{rel}","templated":true}]}}