{"id":15440,"date":"2025-10-27T22:02:25","date_gmt":"2025-10-27T21:02:25","guid":{"rendered":"https:\/\/pasaenmendoza.com\/?p=15440"},"modified":"2025-10-27T22:02:26","modified_gmt":"2025-10-27T21:02:26","slug":"mendoza-reporta-diez-casos-sospechosos-de-dengue-en-los-ultimos-meses","status":"publish","type":"post","link":"https:\/\/pasaenmendoza.com\/?p=15440","title":{"rendered":"Mendoza reporta diez casos sospechosos de dengue en los \u00faltimos meses"},"content":{"rendered":"\n<p>El\u00a0<strong>Ministerio de Salud de Mendoza<\/strong>\u00a0inform\u00f3 que, desde fines de julio, se registraron\u00a0<strong>10 casos sospechosos de dengue<\/strong>, de los cuales\u00a0<strong>6 ya fueron descartados<\/strong>\u00a0y los restantes contin\u00faan en an\u00e1lisis. Hasta el momento,\u00a0<strong>no se confirmaron casos positivos<\/strong>\u00a0en la provincia.<\/p>\n\n\n\n<p>Con el aumento de las temperaturas en las \u00faltimas semanas, se observa&nbsp;<strong>mayor proliferaci\u00f3n de mosquitos<\/strong>, lo que motiv\u00f3 un llamado a la poblaci\u00f3n para&nbsp;<strong>extremar las medidas de prevenci\u00f3n<\/strong>, como limpieza de reservorios de agua y descacharreo.<\/p>\n\n\n\n<h3 class=\"wp-block-heading\"><strong>Datos hist\u00f3ricos y contexto epidemiol\u00f3gico<\/strong><\/h3>\n\n\n\n<p>La directora de Epidemiolog\u00eda,&nbsp;<strong>Andrea Falaschi<\/strong>, destac\u00f3 que los n\u00fameros actuales son&nbsp;<strong>similares a la temporada pasada<\/strong>, que mostr\u00f3 un descenso de casos respecto al per\u00edodo 2024-2025.<\/p>\n\n\n\n<p>Entre la\u00a0<strong>SE31\/24 (28 de julio de 2024) y la SE30\/25 (26 de julio de 2025)<\/strong>, se notificaron\u00a0<strong>1.829 casos sospechosos<\/strong>\u00a0de dengue, con\u00a0<strong>18 confirmados<\/strong>: 11 aut\u00f3ctonos y 7 importados.<\/p>\n\n\n\n<p>Desde la\u00a0<strong>SE31 de 2025<\/strong>, inicio de la temporada 2025-2026, solo se registraron\u00a0<strong>10 notificaciones de sospecha<\/strong>, sin positivos\u00a0confirmados.<\/p>\n\n\n\n<h3 class=\"wp-block-heading\"><strong>Factores de riesgo para esta temporada<\/strong><\/h3>\n\n\n\n<p>El \u00faltimo\u00a0<strong>Bolet\u00edn Epidemiol\u00f3gico<\/strong>\u00a0indic\u00f3 que la temporada 2025-2026 presenta un\u00a0<strong>mayor riesgo<\/strong>\u00a0debido a:<\/p>\n\n\n\n<p><strong>Cambio clim\u00e1tico regional<\/strong>.<\/p>\n\n\n\n<p><strong>Circulaci\u00f3n de nuevos serotipos<\/strong>&nbsp;del virus en el pa\u00eds y la regi\u00f3n.<\/p>\n\n\n\n<p>El informe enfatiza que&nbsp;<strong>la vigilancia activa, el control sostenido y la participaci\u00f3n comunitaria<\/strong>&nbsp;son esenciales para&nbsp;<strong>minimizar el impacto y prevenir brotes graves<\/strong>.<\/p>\n\n\n\n<p>Actualmente, en Mendoza&nbsp;<strong>no se requiere vacunaci\u00f3n<\/strong>, pero s\u00ed se recomienda mantener&nbsp;<strong>higiene, descacharreo y desinfecci\u00f3n de reservorios de agua<\/strong>, sobre todo durante las olas de calor provocadas por fen\u00f3menos como el&nbsp;<strong>Zonda<\/strong>.<\/p>\n\n\n\n<h3 class=\"wp-block-heading\"><strong>Situaci\u00f3n del dengue en Argentina<\/strong><\/h3>\n\n\n\n<p>En el pa\u00eds, la vigilancia del dengue se organiza por&nbsp;<strong>temporadas epidemiol\u00f3gicas<\/strong>, delimitadas entre la&nbsp;<strong>SE31 de un a\u00f1o y la SE30 del siguiente<\/strong>, abarcando los meses de&nbsp;<strong>mayor riesgo por calor y humedad<\/strong>, que favorecen la reproducci\u00f3n del mosquito&nbsp;<strong>Aedes aegypti<\/strong>.<\/p>\n\n\n\n<p>El an\u00e1lisis de los \u00faltimos a\u00f1os muestra un\u00a0<strong>descenso sostenido de casos para la SE38\/2025<\/strong>, en comparaci\u00f3n con los m\u00e1ximos registrados durante las epidemias de\u00a0<strong>2023 y 2024<\/strong>, aunque las autoridades reiteran la necesidad de\u00a0<strong>mantener la prevenci\u00f3n activa<\/strong>.<\/p>\n\n\n\n<p><strong>Fuente: www.diariomendoza.com.ar<\/strong><\/p>\n","protected":false},"excerpt":{"rendered":"<p>El\u00a0Ministerio de Salud de Mendoza\u00a0inform\u00f3 que, desde fines de julio, se registraron\u00a010 casos sospechosos de dengue, de los cuales\u00a06 ya fueron descartados\u00a0y los restantes contin\u00faan en an\u00e1lisis. Hasta el momento,\u00a0no se confirmaron casos positivos\u00a0en la provincia. Con el aumento de las temperaturas en las \u00faltimas semanas, se observa&nbsp;mayor proliferaci\u00f3n de mosquitos, lo que motiv\u00f3 un [&hellip;]<\/p>\n","protected":false},"author":2,"featured_media":15441,"comment_status":"open","ping_status":"open","sticky":false,"template":"","format":"standard","meta":[],"categories":[58],"tags":[],"_links":{"self":[{"href":"https:\/\/pasaenmendoza.com\/index.php?rest_route=\/wp\/v2\/posts\/15440"}],"collection":[{"href":"https:\/\/pasaenmendoza.com\/index.php?rest_route=\/wp\/v2\/posts"}],"about":[{"href":"https:\/\/pasaenmendoza.com\/index.php?rest_route=\/wp\/v2\/types\/post"}],"author":[{"embeddable":true,"href":"https:\/\/pasaenmendoza.com\/index.php?rest_route=\/wp\/v2\/users\/2"}],"replies":[{"embeddable":true,"href":"https:\/\/pasaenmendoza.com\/index.php?rest_route=%2Fwp%2Fv2%2Fcomments&post=15440"}],"version-history":[{"count":1,"href":"https:\/\/pasaenmendoza.com\/index.php?rest_route=\/wp\/v2\/posts\/15440\/revisions"}],"predecessor-version":[{"id":15442,"href":"https:\/\/pasaenmendoza.com\/index.php?rest_route=\/wp\/v2\/posts\/15440\/revisions\/15442"}],"wp:featuredmedia":[{"embeddable":true,"href":"https:\/\/pasaenmendoza.com\/index.php?rest_route=\/wp\/v2\/media\/15441"}],"wp:attachment":[{"href":"https:\/\/pasaenmendoza.com\/index.php?rest_route=%2Fwp%2Fv2%2Fmedia&parent=15440"}],"wp:term":[{"taxonomy":"category","embeddable":true,"href":"https:\/\/pasaenmendoza.com\/index.php?rest_route=%2Fwp%2Fv2%2Fcategories&post=15440"},{"taxonomy":"post_tag","embeddable":true,"href":"https:\/\/pasaenmendoza.com\/index.php?rest_route=%2Fwp%2Fv2%2Ftags&post=15440"}],"curies":[{"name":"wp","href":"https:\/\/api.w.org\/{rel}","templated":true}]}}