{"id":1545,"date":"2023-09-19T14:02:12","date_gmt":"2023-09-19T12:02:12","guid":{"rendered":"https:\/\/pasaenmendoza.com\/?p=1545"},"modified":"2023-09-19T14:02:13","modified_gmt":"2023-09-19T12:02:13","slug":"soy-la-continuidad-del-proyecto-de-biffi-cornejo-y-tadeo","status":"publish","type":"post","link":"https:\/\/pasaenmendoza.com\/?p=1545","title":{"rendered":"&#8220;Soy la continuidad del proyecto de Biffi, Cornejo y Tadeo&#8221;"},"content":{"rendered":"\n<p>Diego Costarelli est\u00e1 con el acelerador a fondo militando todos los d\u00edas por los barrios de Godoy Cruz. Tiene una agenda apretad\u00edsima y cuesta que se haga un lugar.<\/p>\n\n\n\n<p>Aunque para muchos, Godoy Cruz puede ser un municipio conquistado hace a\u00f1os por Cambia Mendoza, Costarelli no se conf\u00eda y recorre el departamento con la mira puesta en las&nbsp;<a href=\"https:\/\/www.mendozapost.com\/politica\/elecciones-godoy-cruz-mendoza-2023\/\" target=\"_blank\" rel=\"noreferrer noopener\">elecciones del 24 pr\u00f3ximo<\/a>.<\/p>\n\n\n\n<p>Ya compitiendo como candidato a intendente, se da una particularidad en Godoy Cruz, que es que no se ve en el departamento el revuelo pol\u00edtico de la fuert\u00edsima disputa electoral que hay a nivel provincial con La Uni\u00f3n Mendoza.<\/p>\n\n\n\n<p><em>La verdad que en Godoy Cruz est\u00e1 todo muy tranquilo. Es una campa\u00f1a bastante tranquila. Nosotros estamos confiados de lo que hemos hecho, de lo que venimos haciendo y de lo que vamos a hacer para adelante. Creo que eso es lo que nos da un plaf\u00f3n de tranquilidad. Nosotros para enfrentar esta campa\u00f1a y cosas que no nos confiamos nunca estamos si quer\u00e9s estamos yendo a buscar a aquellas personas que no nos fueron a votar en las PASO, lo estamos yendo a buscar escuela por escuela.<\/em><\/p>\n\n\n\n<p><strong>\u00bfC\u00f3mo lo est\u00e1n haciendo?<\/strong><\/p>\n\n\n\n<p>Hemos filtrado los padrones y estamos entregando una carta del intendente Tadeo Garc\u00eda Zalazar en la que me presenta a m\u00ed como candidato de la continuidad.<\/p>\n\n\n\n<p>\u00bfA qu\u00e9 vecino fueron a buscar?<\/p>\n\n\n\n<p>A un grupo etario puntual, una franja etaria, una franja social que no nos eligieron y decidimos ir charlar con ellos. La mayor\u00eda son indecisos, entre ellos, los j\u00f3venes de 18 a 24 a\u00f1os son el principal desaf\u00edo, por eso nosotros tenemos todas estas iniciativas, entonces estamos yendo a buscar a esos j\u00f3venes. Yo pretendo que los j\u00f3venes sean protagonistas.<\/p>\n\n\n\n<p>Hay una gran cantidad de j\u00f3venes que est\u00e1n con Javier Milei<\/p>\n\n\n\n<p>No todos son de Milei. Cuando hablo con ellos me dicen que quieren respuestas r\u00e1pidas respuestas inmediatas, quieren ganar plata con el menor esfuerzo posible, entonces, ah\u00ed es cuando nosotros nos chocamos con la realidad.<\/p>\n\n\n\n<p>Y ah\u00ed es cuando les hago ver que pueden contar con nosotros, que les vamos a ayudar en ese momento tan dif\u00edcil, que es el joven que est\u00e1 terminando el secundario y debe decidir para d\u00f3nde orienta su vida y su futuro, que van a estudiar, que es un tema dif\u00edcil porque los propios paradigmas de la educaci\u00f3n est\u00e1n cambiando.<\/p>\n\n\n\n<p>Hoy tenemos cursos de programaci\u00f3n en La Casa del Futuro, con los que luego los toman en el Parque TIC y terminan programando software que se exportan a China.<\/p>\n\n\n\n<p>Entonces, queremos contarles a esos electores que fuimos a buscar que Godoy Cruz es el departamento n\u00famero uno, en cuanto a los est\u00e1ndares de prestaciones de servicio en Mendoza y que eso es as\u00ed porque nos pudimos adelantar a las distintas demandas que se ven\u00edan.<\/p>\n\n\n\n<p>\u00bfCu\u00e1les?<\/p>\n\n\n\n<p>Me refiero a que a los intendentes ya se les empiezan a exigir cosas que antes no se les exig\u00edan. Antes era solo alumbrado, barrido y limpieza y hoy se les exigen otras demandas. Esas demandas, esas tareas que hoy se les exigen a los intendentes tienen que ver con tareas compartidas con el Gobierno provincial.<\/p>\n\n\n\n<p>Para darte un ejemplo, en materia de educaci\u00f3n, Godoy Cruz tiene 10 jardines maternales que son de primer nivel, de primer\u00edsimo nivel, donde tenemos el m\u00e9todo de&nbsp;<a href=\"https:\/\/www.fundacionmontessori.org\/sobre-montessori\/el-metodo\/\" target=\"_blank\" rel=\"noreferrer noopener\">educaci\u00f3n Montessori<\/a>&nbsp;(un m\u00e9todo educativo con valores y caracter\u00edsticas espec\u00edficas) en la mayor\u00eda de los jardines maternales. El primer docente que va a estar capacitada para trabajar con este m\u00e9todo, capacitada por la Fundaci\u00f3n Montessori, que es una carrera que se hace aparte, es una docente de Godoy Cruz y le estamos financiando el 50% de esa carrera.<\/p>\n\n\n\n<p>Son 10 jardines maternales en los lugares m\u00e1s vulnerables del departamento donde los chiquitos tienen la misma educaci\u00f3n en el nivel inicial, al mismo nivel de los chicos a los que los padres le pueden pagar un jard\u00edn privado y lo estamos haciendo en este caso sin ayuda de la Provincia.<\/p>\n\n\n\n<p>Ese es un programa que Tadeo trajo de Uruguay, un programa que nosotros pretendemos profundizar, que hoy est\u00e1n en cuarto grado, donde Godoy Cruz provee un carrito digital para la educaci\u00f3n digital y el Gobierno de la Provincia capacita a los docentes y esas capacitaciones las hacemos en el Conectar Lab, que es el laboratorio que tenemos en el en el Parque TIC. Es un programa que alcanza al 100% de los alumnos de Godoy Cruz de cuarto grado, y si yo soy intendente, lo vamos a hacer tambi\u00e9n con todos los alumnos de primer a\u00f1o del secundario.<\/p>\n\n\n\n<p>Tambi\u00e9n tenemos Eductec, es programa que Tadeo (Garc\u00eda Zalazar) trajo de Uruguay y que nosotros pretendemos profundizar, un programa para cuarto grado que provee un carrito digital para la educaci\u00f3n digital, el Gobierno de la Provincia capacita a los docentes y esas capacitaciones las hacemos en el Conectar Lab, que es el laboratorio que tenemos en el Parque TIC.<\/p>\n\n\n\n<p>El 100% de los alumnos de Godoy Cruz, de cuarto grado, ya tiene ese carrito digital para pasar a la educaci\u00f3n digital. Nosotros lo vamos a hacer con todos aquellos alumnos de primer a\u00f1o, del secundario.<\/p>\n\n\n\n<p>En materia de educaci\u00f3n, adem\u00e1s, tenemos 1.400 personas que se est\u00e1n capacitando en los distintos centros de formaci\u00f3n que tenemos en Godoy Cruz. Hemos entregado m\u00e1s de 1.500 certificados en esta \u00faltima etapa en distintos oficios, de los m\u00e1s variados que damos en la Casa del Futuro.<\/p>\n\n\n\n<p>Tenemos tambi\u00e9n la Incubadora de Empresas, el Centro de Capacitaci\u00f3n para el Trabajo donde se ense\u00f1a soldadura, textil, tapicer\u00eda, carpinter\u00eda. Tenemos un convenio firmado con la Universidad Tecnol\u00f3gica Nacional, donde aquellos chicos que van y rinden para ingresar a Programaci\u00f3n y Rob\u00f3tica y no ingresan, pueden venir a la Casa del Futuro y se capacitan todo ese a\u00f1o hasta que vuelvan a rendir para ingresar a la UTN.<\/p>\n\n\n\n<p>\u00bfHay mucha demanda en este tema?<\/p>\n\n\n\n<p>M\u00e1s de 1.200 chicos rinden cada a\u00f1o en la UTN e ingresan 200. El resto, si quieren ir a la casa del futuro, tienen un lugar ah\u00ed, tienen programaci\u00f3n y dise\u00f1o con profesores que pone por el municipio, y as\u00ed tenemos una herramienta para los j\u00f3venes que quieren progresar, que quieren capacitarse, e insertarse en el mercado laboral.<\/p>\n\n\n\n<p>Por eso vamos a ampliar esa oferta educativa para llevarla tambi\u00e9n al campo de las finanzas digitales y las criptomonedas.<\/p>\n\n\n\n<p>En materia de vivienda el proyecto Constituyente I y II, en el que entregamos 61 viviendas que son de emprendimientos p\u00fablicos &#8211; privados, financiados por la parte p\u00fablica y por la parte privada. Tienen financiamiento tambi\u00e9n del IPV (Instituto Provincial de la Vivienda), el municipio pone el terreno y un privado construye.<\/p>\n\n\n\n<p>Las personas acceden y el cr\u00e9dito lo obtienen del Banco Naci\u00f3n y el IPB y vamos a hacer dos m\u00e1s, el Constituyentes III y IV. Ya tenemos el terreno, que va a ser m\u00e1s al este de Godoy Cruz.<\/p>\n\n\n\n<p>La seguridad es otro de los temas que estamos encarando.<\/p>\n\n\n\n<p>Claro, ah\u00ed los municipios se van metiendo cada vez m\u00e1s.<\/p>\n\n\n\n<p>Exactamente. Tenemos el sistema de alerta comunitaria, con 400 centrales de alertas, instalada en el departamento con un alcance para 12.000 personas que ya tienen bajada la aplicaci\u00f3n en el celular.<\/p>\n\n\n\n<p>Fuimos el primer departamento de la provincial que trabaj\u00f3 y desarroll\u00f3 este modelo de alarma comunitaria y ahora casi todos los departamentos de Mendoza tienen este sistema.<\/p>\n\n\n\n<p>La novedad de este sistema es que hoy le sumamos un bot\u00f3n m\u00e1s a la app, un bot\u00f3n para los comercios, un bot\u00f3n silencioso donde el comerciante puede activar el sistema de alarma sin que esta dispare el sonido de alerta, pero si reporta de inmediato el pedido de emergencia al Centro de Monitoreo que puede salir inmediatamente rescate porque trabaja en conjunto con la polic\u00eda.<\/p>\n\n\n\n<p>En obra p\u00fablica estamos refuncionalizado las principales arterias del departamento en calle San Mart\u00edn, Col\u00f3n, vamos a hacer \u00c1lvarez Tom\u00e1s, vamos a refuncionalizar la calle calle Chuquisaca, estamos haciendo veredas, cordones, banquinas y cunetas, estamos poniendo un sistema de iluminaci\u00f3n en todas las calles y los comerciantes est\u00e1n agradecidos, porque esa es una obra que contribuye a la seguridad. Si recorr\u00e9s la calle San Mart\u00edn, las veredas est\u00e1n todas iluminadas, tenemos el 100% iluminado.<\/p>\n\n\n\n<p>Tambi\u00e9n estamos con un fuerte plan para trabajar contra los efectos del cambio clim\u00e1tico y los gases de invernadero. Estamos trabajando para hacer un municipio de carbono neutral en 2027.<\/p>\n\n\n\n<p>Esa tambi\u00e9n es otra de mis propuestas, cuando nosotros interconectemos el parque solar de un mega que tenemos en el oeste de Godoy Cruz, en la calle Marciano Cantero para generar energ\u00eda limpia que se va a interconectar al sistema y los principales beneficiarios van a ser los vecinos y los comercios, que te ayudan a pagar la energ\u00eda, tenemos un programa que se llama Godoy Cruz Incentiva, que incentiva a aquellos comercios que se instalan en Godoy Cruz y generan empleo en blanco. A ellos el municipio no les cobra tasas municipales por dos a\u00f1os.<\/p>\n\n\n\n<p>Te han dejado la vara alta.<\/p>\n\n\n\n<p>Soy parte de un proyecto pol\u00edtico y como candidato a intendente por Cambia Mendoza en Godoy Cruz vengo a darle continuidad a este proyecto, que es lo que se viene haciendo hace muchos a\u00f1os, como lo inici\u00f3 C\u00e9sar Biffi y lo continu\u00f3 Alfredo Cornejo siendo mejor que Biffi, como lo hizo Tadeo Garc\u00eda Zalazar siendo mejor que Cornejo y como lo tendr\u00e9 que hacer yo, siendo mejor que Tadeo.<\/p>\n\n\n\n<p>FUENTE: mendozapost.<\/p>\n","protected":false},"excerpt":{"rendered":"<p>Diego Costarelli est\u00e1 con el acelerador a fondo militando todos los d\u00edas por los barrios de Godoy Cruz. Tiene una agenda apretad\u00edsima y cuesta que se haga un lugar. Aunque para muchos, Godoy Cruz puede ser un municipio conquistado hace a\u00f1os por Cambia Mendoza, Costarelli no se conf\u00eda y recorre el departamento con la mira [&hellip;]<\/p>\n","protected":false},"author":2,"featured_media":1546,"comment_status":"open","ping_status":"open","sticky":true,"template":"","format":"standard","meta":[],"categories":[47],"tags":[],"_links":{"self":[{"href":"https:\/\/pasaenmendoza.com\/index.php?rest_route=\/wp\/v2\/posts\/1545"}],"collection":[{"href":"https:\/\/pasaenmendoza.com\/index.php?rest_route=\/wp\/v2\/posts"}],"about":[{"href":"https:\/\/pasaenmendoza.com\/index.php?rest_route=\/wp\/v2\/types\/post"}],"author":[{"embeddable":true,"href":"https:\/\/pasaenmendoza.com\/index.php?rest_route=\/wp\/v2\/users\/2"}],"replies":[{"embeddable":true,"href":"https:\/\/pasaenmendoza.com\/index.php?rest_route=%2Fwp%2Fv2%2Fcomments&post=1545"}],"version-history":[{"count":1,"href":"https:\/\/pasaenmendoza.com\/index.php?rest_route=\/wp\/v2\/posts\/1545\/revisions"}],"predecessor-version":[{"id":1547,"href":"https:\/\/pasaenmendoza.com\/index.php?rest_route=\/wp\/v2\/posts\/1545\/revisions\/1547"}],"wp:featuredmedia":[{"embeddable":true,"href":"https:\/\/pasaenmendoza.com\/index.php?rest_route=\/wp\/v2\/media\/1546"}],"wp:attachment":[{"href":"https:\/\/pasaenmendoza.com\/index.php?rest_route=%2Fwp%2Fv2%2Fmedia&parent=1545"}],"wp:term":[{"taxonomy":"category","embeddable":true,"href":"https:\/\/pasaenmendoza.com\/index.php?rest_route=%2Fwp%2Fv2%2Fcategories&post=1545"},{"taxonomy":"post_tag","embeddable":true,"href":"https:\/\/pasaenmendoza.com\/index.php?rest_route=%2Fwp%2Fv2%2Ftags&post=1545"}],"curies":[{"name":"wp","href":"https:\/\/api.w.org\/{rel}","templated":true}]}}