{"id":15450,"date":"2025-10-28T22:05:33","date_gmt":"2025-10-28T21:05:33","guid":{"rendered":"https:\/\/pasaenmendoza.com\/?p=15450"},"modified":"2025-10-28T22:05:34","modified_gmt":"2025-10-28T21:05:34","slug":"la-economia-pos-electoral-que-se-viene-en-mendoza-mas-estable-y-con-reformas","status":"publish","type":"post","link":"https:\/\/pasaenmendoza.com\/?p=15450","title":{"rendered":"La econom\u00eda pos electoral que se viene en Mendoza: m\u00e1s \u201cestable\u201d y con reformas"},"content":{"rendered":"\n<p>El resultado de las&nbsp;<strong>elecciones de este fin de semana<\/strong>&nbsp;generaron una&nbsp;<strong>reacci\u00f3n positiva en los mercados<\/strong>&nbsp;y despert\u00f3 un&nbsp;<em>\u201c<strong>moderado\u201d&nbsp;<\/strong><\/em><strong>optimismo entre los empresarios de Mendoza<\/strong>. Desde el comercio como la industria destacaron una&nbsp;<strong>recuperaci\u00f3n de la&nbsp;<em>\u201cgobernabilidad y de la confianza\u201d<\/em><\/strong>, aunque advirtieron que el pa\u00eds necesita&nbsp;<strong>reformas estructurales \u201curgentes\u201d<\/strong>&nbsp;para consolidar la estabilidad.<\/p>\n\n\n\n<p><strong>Juan Viciana<\/strong>, titular de la\u00a0<strong>Uni\u00f3n Comercial e Industrial de Mendoza (UCIM)<\/strong>, asegur\u00f3 que\u00a0<em>\u201ctodos los sectores se beneficiar\u00e1n porque, independientemente de la ideolog\u00eda, el Gobierno recupera en forma instant\u00e1nea la gobernabilidad con el cr\u00e9dito que le dieron las elecciones\u201d<\/em>.<\/p>\n\n\n\n<p>El dirigente agreg\u00f3 que ahora&nbsp;<em>\u201cviene el desaf\u00edo de las reformas estructurales que modernicen la institucionalidad\u201d<\/em>&nbsp;y resalt\u00f3 que la baja del&nbsp;<strong>riesgo pa\u00eds<\/strong>&nbsp;y una eventual reducci\u00f3n de las tasas de inter\u00e9s podr\u00edan impulsar el flujo de inversiones y el crecimiento de la actividad econ\u00f3mica.<\/p>\n\n\n\n<p>Tambi\u00e9n se refiri\u00f3 al\u00a0<strong>panorama agr\u00edcola y vitivin\u00edcola<\/strong>, adem\u00e1s de hablar de la importancia del comportamiento del\u00a0<strong>d\u00f3lar<\/strong>\u00a0a la hora de proyectar futuras exportaciones para el sector.\u00a0<\/p>\n\n\n\n<p><em>\u201cEn Mendoza, la vitivinicultura necesita colocar sus excedentes en el mercado externo para poder equilibrar los n\u00fameros. Si el d\u00f3lar se estabiliza, facilitar\u00e1 las exportaciones. Hay motivos suficientes para ser optimistas\u201d<\/em>, aclar\u00f3 en di\u00e1logo con&nbsp;<em>El Sol<\/em>.<\/p>\n\n\n\n<h2 class=\"wp-block-heading\" id=\"h-el-parate-por-los-comicios\">El parate por los comicios<\/h2>\n\n\n\n<p>El presidente de la\u00a0<strong>Uni\u00f3n Industrial de Mendoza<\/strong>,\u00a0<strong>Mauricio Badaloni<\/strong>\u00a0analiz\u00f3 el impacto del proceso electoral en la econom\u00eda y sostuvo que el per\u00edodo previo a las elecciones fue\u00a0<em>\u201cel m\u00e1s negativo\u201d<\/em>, ya que gener\u00f3\u00a0<em>\u201cun parate absoluto\u201d<\/em>\u00a0en la inversi\u00f3n y en la actividad productiva.<\/p>\n\n\n\n<p><em>\u201cMuchas compa\u00f1\u00edas paralizaron sus proyectos, las tasas de inter\u00e9s estaban en las nubes y eso impidi\u00f3 tomar riesgos. El mercado se mov\u00eda con temor a una devaluaci\u00f3n y eso llev\u00f3 a la compra de d\u00f3lares y menor circulaci\u00f3n de pesos\u201d<\/em>, ejemplific\u00f3.<\/p>\n\n\n\n<p>Sin embargo, luego de los comicios y con el resultado confirmado, el escenario comenz\u00f3 a estabilizarse:&nbsp;<em>\u201cCon la ratificaci\u00f3n del rumbo econ\u00f3mico, los mercados reaccionaron con calma. El valor del d\u00f3lar volvi\u00f3 a niveles razonables y eso genera un marco de certidumbre financiera favorable para el desarrollo empresarial\u201d<\/em>.<\/p>\n\n\n\n<p>A su vez,\u00a0<strong>Badaloni<\/strong>\u00a0destac\u00f3 que, dentro de la\u00a0<strong>Uni\u00f3n Industrial<\/strong>, ya se trabaja en la\u00a0<strong><em>\u201cMesa de Mayo\u201d<\/em><\/strong>, un espacio que impulsa dos reformas clave: la\u00a0<strong>reforma laboral<\/strong>\u00a0y la\u00a0<strong>reforma impositiva<\/strong>.<\/p>\n\n\n\n<p><em>\u201cEsperamos que ambas se concreten en diciembre. Son necesarias para lograr mayor competitividad, bajar costos y permitir que la industria argentina compita en igualdad de condiciones frente a los productos importados\u201d<\/em>, afirm\u00f3.<\/p>\n\n\n\n<p>El empresario insisti\u00f3 en la importancia de avanzar con estos cambios para dar inicio a una etapa de&nbsp;<strong>normalizaci\u00f3n econ\u00f3mica y financiera<\/strong>, y recuperar la capacidad de crecimiento del sector productivo.<\/p>\n\n\n\n<p><strong>Santiago Laugero<\/strong>, presidente de la\u00a0<strong>Federaci\u00f3n Econ\u00f3mica de Mendoza<\/strong>\u00a0(FEM), en coincidencia con\u00a0<strong>Badaloni<\/strong>, detall\u00f3 que ahora deber\u00eda venir una etapa donde el presidente busque\u00a0<em>\u201cconsensos\u201d<\/em>\u00a0y, sobre todo, ordenar las variables econ\u00f3micas.<\/p>\n\n\n\n<p><em>\u201cEs fundamental que se avance en reformas estructurales y una pol\u00edtica monetaria acorde para bajar el costo argentino, mejorar la competitividad y as\u00ed aumentar el empleo y la inversi\u00f3n\u201d<\/em>, concluy\u00f3.<\/p>\n\n\n\n<h2 class=\"wp-block-heading\" id=\"h-senales-positivas\">Se\u00f1ales positivas<\/h2>\n\n\n\n<p>Desde el&nbsp;<strong>Consejo Empresario Mendocino (CEM)<\/strong>, su presidente&nbsp;<strong>Mart\u00edn Cl\u00e9ment<\/strong>&nbsp;coincidi\u00f3 en que el resultado electoral fue recibido con optimismo tanto por el empresariado local como por los inversores.<\/p>\n\n\n\n<p><em>\u201cLa repercusi\u00f3n fue inmediata: subi\u00f3 el MERVAL, baj\u00f3 el riesgo pa\u00eds y mejoraron los activos argentinos. Eso demuestra una gran confianza en el futuro del pa\u00eds y en la continuidad del plan econ\u00f3mico\u201d<\/em>, destac\u00f3.<\/p>\n\n\n\n<p><strong>Cl\u00e9ment&nbsp;<\/strong>consider\u00f3 que la Argentina atraviesa ahora&nbsp;<em>\u201cuna segunda etapa\u201d<\/em>&nbsp;del proceso econ\u00f3mico:&nbsp;<em>\u201cLa primera fue estabilizar al paciente, y ahora viene la de las reformas estructurales. Eso permitir\u00e1 m\u00e1s inversi\u00f3n y m\u00e1s trabajo\u201d<\/em>.<\/p>\n\n\n\n<p>Lejos de coincidir,&nbsp;<strong>Fabi\u00e1n Sol\u00eds<\/strong>&nbsp;(<strong>Asociaci\u00f3n de Industriales Metal\u00fargicos de Mendoza)&nbsp;<\/strong>enfatiz\u00f3 que su sector atraviesa&nbsp;<em>\u201cuno de los peores momentos de los \u00faltimos dos a\u00f1os\u201d<\/em>.<\/p>\n\n\n\n<p><em>\u201cLas pymes est\u00e1n en una situaci\u00f3n cr\u00edtica y los sectores que impulsan la metalmec\u00e1nica, como la agroindustria, la vitivinicultura, el petr\u00f3leo y la construcci\u00f3n, tambi\u00e9n est\u00e1n golpeados\u201d<\/em>, inform\u00f3.<\/p>\n\n\n\n<p><strong>Sol\u00eds\u00a0<\/strong>remarc\u00f3 que el incremento de importaciones de bienes de capital y los\u00a0<strong>altos costos argentinos<\/strong>\u00a0impiden competir con igualdad. Por eso,\u00a0<strong>Asinmet\u00a0<\/strong>pidi\u00f3\u00a0<strong>pol\u00edticas concretas que incentiven la producci\u00f3n y el empleo genuino<\/strong>, en busca de un crecimiento real y sostenible para la industria nacional.<\/p>\n\n\n\n<p><strong>Fuente: www.elsol.com.ar<\/strong><\/p>\n","protected":false},"excerpt":{"rendered":"<p>El resultado de las&nbsp;elecciones de este fin de semana&nbsp;generaron una&nbsp;reacci\u00f3n positiva en los mercados&nbsp;y despert\u00f3 un&nbsp;\u201cmoderado\u201d&nbsp;optimismo entre los empresarios de Mendoza. Desde el comercio como la industria destacaron una&nbsp;recuperaci\u00f3n de la&nbsp;\u201cgobernabilidad y de la confianza\u201d, aunque advirtieron que el pa\u00eds necesita&nbsp;reformas estructurales \u201curgentes\u201d&nbsp;para consolidar la estabilidad. Juan Viciana, titular de la\u00a0Uni\u00f3n Comercial e Industrial de [&hellip;]<\/p>\n","protected":false},"author":2,"featured_media":15451,"comment_status":"open","ping_status":"open","sticky":false,"template":"","format":"standard","meta":[],"categories":[75],"tags":[],"_links":{"self":[{"href":"https:\/\/pasaenmendoza.com\/index.php?rest_route=\/wp\/v2\/posts\/15450"}],"collection":[{"href":"https:\/\/pasaenmendoza.com\/index.php?rest_route=\/wp\/v2\/posts"}],"about":[{"href":"https:\/\/pasaenmendoza.com\/index.php?rest_route=\/wp\/v2\/types\/post"}],"author":[{"embeddable":true,"href":"https:\/\/pasaenmendoza.com\/index.php?rest_route=\/wp\/v2\/users\/2"}],"replies":[{"embeddable":true,"href":"https:\/\/pasaenmendoza.com\/index.php?rest_route=%2Fwp%2Fv2%2Fcomments&post=15450"}],"version-history":[{"count":1,"href":"https:\/\/pasaenmendoza.com\/index.php?rest_route=\/wp\/v2\/posts\/15450\/revisions"}],"predecessor-version":[{"id":15452,"href":"https:\/\/pasaenmendoza.com\/index.php?rest_route=\/wp\/v2\/posts\/15450\/revisions\/15452"}],"wp:featuredmedia":[{"embeddable":true,"href":"https:\/\/pasaenmendoza.com\/index.php?rest_route=\/wp\/v2\/media\/15451"}],"wp:attachment":[{"href":"https:\/\/pasaenmendoza.com\/index.php?rest_route=%2Fwp%2Fv2%2Fmedia&parent=15450"}],"wp:term":[{"taxonomy":"category","embeddable":true,"href":"https:\/\/pasaenmendoza.com\/index.php?rest_route=%2Fwp%2Fv2%2Fcategories&post=15450"},{"taxonomy":"post_tag","embeddable":true,"href":"https:\/\/pasaenmendoza.com\/index.php?rest_route=%2Fwp%2Fv2%2Ftags&post=15450"}],"curies":[{"name":"wp","href":"https:\/\/api.w.org\/{rel}","templated":true}]}}