{"id":15454,"date":"2025-10-28T22:09:35","date_gmt":"2025-10-28T21:09:35","guid":{"rendered":"https:\/\/pasaenmendoza.com\/?p=15454"},"modified":"2025-10-28T22:09:43","modified_gmt":"2025-10-28T21:09:43","slug":"los-11-datos-sobre-el-tren-de-cercanias-del-este-que-tendras-que-saber-para-poder-usarlo","status":"publish","type":"post","link":"https:\/\/pasaenmendoza.com\/?p=15454","title":{"rendered":"Los 11 datos sobre el Tren de Cercan\u00edas del Este que tendr\u00e1s que saber para poder usarlo"},"content":{"rendered":"\n<p>El\u00a0<strong>Tren de Cercan\u00edas del Este<\/strong>\u00a0se puso en marcha con la publicaci\u00f3n del llamado a licitaci\u00f3n para la obra que unir\u00e1 los municipios\u00a0<strong>Jun\u00edn, San Mart\u00edn y Maip\u00fa<\/strong>.<\/p>\n\n\n\n<p>Se trata de una obra de 130 millones de d\u00f3lares que se realizar\u00e1 con dinero del\u00a0<strong>Fondo de Resarcimiento<\/strong>\u00a0por la Promoci\u00f3n Industrial.<\/p>\n\n\n\n<p>El anuncio de la apertura de la\u00a0<strong>licitaci\u00f3n\u00a0<\/strong>se hizo junto con el de la adjudicaci\u00f3n del\u00a0segundo tramo de la\u00a0<strong>Doble V\u00eda del Este<\/strong>. Del mismo participaron el gobernador Alfredo Cornejo, el ministro de Gobierno, Infraestructura y Desarrollo Territorial, Natalio Mema, y la subsecretaria de Infraestructura y Desarrollo Territorial, Marit\u00e9 Badui.<\/p>\n\n\n\n<p>El Tramo III \u2014cuyos pliegos provisorios ya est\u00e1n disponibles\u2014 contempla una longitud de 5,8 kil\u00f3metros y una inversi\u00f3n estimada en $28.500 millones, con plazo de 20 meses.<\/p>\n\n\n\n<h2 class=\"wp-block-heading\">Qu\u00e9 se sabe del Tren de Cercan\u00edas del Este: d\u00f3nde, cu\u00e1ndo y c\u00f3mo ser\u00e1 el recorrido<\/h2>\n\n\n\n<p>El llamado a licitaci\u00f3n del&nbsp;<strong>Tren de Cercan\u00edas del Este<\/strong>&nbsp;fue oficializado este martes. Los pliegos ya est\u00e1n publicados y la apertura de sobres tiene fecha para el 26 de noviembre. El proyecto ser\u00e1 ejecutado por la Subsecretar\u00eda de Infraestructura y Desarrollo Territorial.<\/p>\n\n\n\n<h3 class=\"wp-block-heading\">11 datos \u00fatiles del Tren de Cercan\u00edas del Este<\/h3>\n\n\n\n<ol>\n<li>La obra contempla 33 kil\u00f3metros de v\u00edas nuevas<\/li>\n\n\n\n<li>Va de la estaci\u00f3n Libertador San Mart\u00edn, de Jun\u00edn, hasta la estaci\u00f3n General Guti\u00e9rrez, de Maip\u00fa, donde se conecta con el Metrotranv\u00eda<\/li>\n\n\n\n<li>Ser\u00e1n 8&nbsp;<strong>estaciones<\/strong>: Libertador San Mart\u00edn, Palmira, Barcala, Fray Luis Beltr\u00e1n, Rodeo del Medio, General Ortega, Coquimbito y General Guti\u00e9rrez<\/li>\n\n\n\n<li>El recorrido completo dura 60 minutos<\/li>\n\n\n\n<li>El tren va a una velocidad de 90 kil\u00f3metros por hora<\/li>\n\n\n\n<li>Tiene capacidad para 500 pasajeros<\/li>\n\n\n\n<li>Se modernizar\u00e1n 27 pasos a nivel<\/li>\n\n\n\n<li>Soluci\u00f3n de transporte para 350.000 habitantes del Este<\/li>\n\n\n\n<li>Generar\u00e1 150 empleos directos y 300 indirectos<\/li>\n\n\n\n<li>Apertura de sobres: 26 de noviembre de 2025<\/li>\n\n\n\n<li>Plazo de ejecuci\u00f3n: 12 meses<\/li>\n<\/ol>\n\n\n\n<h2 class=\"wp-block-heading\">Las 8 estaciones del Tren de Cercan\u00edas del Este<\/h2>\n\n\n\n<ul>\n<li>Libertador San Mart\u00edn: en Jun\u00edn<\/li>\n\n\n\n<li>Palmira<\/li>\n\n\n\n<li>Barcala<\/li>\n\n\n\n<li>Fray Luis Beltr\u00e1n<\/li>\n\n\n\n<li>Rodeo del Medio<\/li>\n\n\n\n<li>General Ortega<\/li>\n\n\n\n<li>Coquimbito<\/li>\n\n\n\n<li>General Guti\u00e9rrez: conexi\u00f3n con el Metrotranv\u00eda en Maip\u00fa<img decoding=\"async\" loading=\"lazy\" src=\"https:\/\/media.diariouno.com.ar\/p\/093e48ca8f3872d04291eeff9a19fe10\/adjuntos\/298\/imagenes\/009\/648\/0009648489\/1200x0\/smart\/estaciones-tren-cercanias-del-este.jpeg\" alt=\"\" width=\"1200\" height=\"749\"><\/li>\n<\/ul>\n\n\n\n<p>La obra del\u00a0<strong>Tren de Cercan\u00edas del Este<\/strong>\u00a0que une Jun\u00edn, San Mart\u00edn y Maip\u00fa comenzar\u00e1 una vez que culmine el proceso de licitaci\u00f3n. A partir de entonces, y la firma del contrato con quien resulte adjudicatario, comienzan a correr los 12 meses de plazo para su inauguraci\u00f3n.<\/p>\n\n\n\n<p><strong>Fuente: www.diariouno.com.ar<\/strong><\/p>\n","protected":false},"excerpt":{"rendered":"<p>El\u00a0Tren de Cercan\u00edas del Este\u00a0se puso en marcha con la publicaci\u00f3n del llamado a licitaci\u00f3n para la obra que unir\u00e1 los municipios\u00a0Jun\u00edn, San Mart\u00edn y Maip\u00fa. Se trata de una obra de 130 millones de d\u00f3lares que se realizar\u00e1 con dinero del\u00a0Fondo de Resarcimiento\u00a0por la Promoci\u00f3n Industrial. El anuncio de la apertura de la\u00a0licitaci\u00f3n\u00a0se hizo [&hellip;]<\/p>\n","protected":false},"author":2,"featured_media":15455,"comment_status":"open","ping_status":"open","sticky":false,"template":"","format":"standard","meta":[],"categories":[47],"tags":[],"_links":{"self":[{"href":"https:\/\/pasaenmendoza.com\/index.php?rest_route=\/wp\/v2\/posts\/15454"}],"collection":[{"href":"https:\/\/pasaenmendoza.com\/index.php?rest_route=\/wp\/v2\/posts"}],"about":[{"href":"https:\/\/pasaenmendoza.com\/index.php?rest_route=\/wp\/v2\/types\/post"}],"author":[{"embeddable":true,"href":"https:\/\/pasaenmendoza.com\/index.php?rest_route=\/wp\/v2\/users\/2"}],"replies":[{"embeddable":true,"href":"https:\/\/pasaenmendoza.com\/index.php?rest_route=%2Fwp%2Fv2%2Fcomments&post=15454"}],"version-history":[{"count":1,"href":"https:\/\/pasaenmendoza.com\/index.php?rest_route=\/wp\/v2\/posts\/15454\/revisions"}],"predecessor-version":[{"id":15458,"href":"https:\/\/pasaenmendoza.com\/index.php?rest_route=\/wp\/v2\/posts\/15454\/revisions\/15458"}],"wp:featuredmedia":[{"embeddable":true,"href":"https:\/\/pasaenmendoza.com\/index.php?rest_route=\/wp\/v2\/media\/15455"}],"wp:attachment":[{"href":"https:\/\/pasaenmendoza.com\/index.php?rest_route=%2Fwp%2Fv2%2Fmedia&parent=15454"}],"wp:term":[{"taxonomy":"category","embeddable":true,"href":"https:\/\/pasaenmendoza.com\/index.php?rest_route=%2Fwp%2Fv2%2Fcategories&post=15454"},{"taxonomy":"post_tag","embeddable":true,"href":"https:\/\/pasaenmendoza.com\/index.php?rest_route=%2Fwp%2Fv2%2Ftags&post=15454"}],"curies":[{"name":"wp","href":"https:\/\/api.w.org\/{rel}","templated":true}]}}