{"id":15462,"date":"2025-10-28T22:14:19","date_gmt":"2025-10-28T21:14:19","guid":{"rendered":"https:\/\/pasaenmendoza.com\/?p=15462"},"modified":"2025-10-28T22:14:20","modified_gmt":"2025-10-28T21:14:20","slug":"el-gobierno-impulsa-una-amplia-reforma-laboral-con-cambios-en-indemnizaciones-contratos-y-licencias","status":"publish","type":"post","link":"https:\/\/pasaenmendoza.com\/?p=15462","title":{"rendered":"El Gobierno impulsa una amplia reforma laboral, con cambios en indemnizaciones, contratos y licencias"},"content":{"rendered":"\n<p>El\u00a0<strong>Gobierno nacional<\/strong>\u00a0present\u00f3 un\u00a0<strong>nuevo proyecto de\u00a0reforma laboral<\/strong>\u00a0que apunta a\u00a0<strong>flexibilizar contratos<\/strong>, modificar el sistema de\u00a0<strong>indemnizaciones<\/strong>\u00a0y otorgar\u00a0<strong>incentivos fiscales<\/strong>\u00a0a las empresas que generen empleo formal. La iniciativa, elaborada por la diputada\u00a0<strong>Romina Diez<\/strong>, lleva el nombre de\u00a0<em>Ley de Promoci\u00f3n de Inversiones y Empleo<\/em>.<\/p>\n\n\n\n<p>El texto propone\u00a0<strong>modernizar la Ley de Contrato de Trabajo<\/strong>, permitiendo mayor margen al empleador para adaptar las modalidades de empleo y redefiniendo beneficios sociales como\u00a0<strong>no remunerativos<\/strong>. Adem\u00e1s, prev\u00e9 que las\u00a0<strong>micro, peque\u00f1as y medianas empresas<\/strong>\u00a0puedan pagar indemnizaciones en\u00a0<strong>hasta 12 cuotas<\/strong>.<\/p>\n\n\n\n<p>Entre los principales puntos, se destacan la&nbsp;<strong>ampliaci\u00f3n de la jornada laboral<\/strong>, la&nbsp;<strong>fragmentaci\u00f3n de las vacaciones<\/strong>, la regulaci\u00f3n de&nbsp;<strong>licencias m\u00e9dicas<\/strong>&nbsp;y un&nbsp;<strong>nuevo esquema de intereses<\/strong>&nbsp;en juicios laborales. Tambi\u00e9n se crea un sistema de&nbsp;<strong>bonos de cr\u00e9dito fiscal<\/strong>&nbsp;para empresas que contraten nuevos trabajadores, con beneficios que var\u00edan seg\u00fan su tama\u00f1o.<\/p>\n\n\n\n<p>El proyecto retoma ideas de la\u00a0<strong>Ley Bases<\/strong>\u00a0y busca servir como base para \u201c<strong>actualizar las condiciones que regulan la relaci\u00f3n entre empleador y empleado<\/strong>\u201d. Con apoyo de distintos bloques aliados, el oficialismo conf\u00eda en que el debate se reactive en el Congreso antes de fin de a\u00f1o.<\/p>\n\n\n\n<p><strong>Fuente: www.diariomendoza.com.ar<\/strong><\/p>\n","protected":false},"excerpt":{"rendered":"<p>El\u00a0Gobierno nacional\u00a0present\u00f3 un\u00a0nuevo proyecto de\u00a0reforma laboral\u00a0que apunta a\u00a0flexibilizar contratos, modificar el sistema de\u00a0indemnizaciones\u00a0y otorgar\u00a0incentivos fiscales\u00a0a las empresas que generen empleo formal. La iniciativa, elaborada por la diputada\u00a0Romina Diez, lleva el nombre de\u00a0Ley de Promoci\u00f3n de Inversiones y Empleo. El texto propone\u00a0modernizar la Ley de Contrato de Trabajo, permitiendo mayor margen al empleador para adaptar las [&hellip;]<\/p>\n","protected":false},"author":2,"featured_media":15464,"comment_status":"open","ping_status":"open","sticky":false,"template":"","format":"standard","meta":[],"categories":[50],"tags":[],"_links":{"self":[{"href":"https:\/\/pasaenmendoza.com\/index.php?rest_route=\/wp\/v2\/posts\/15462"}],"collection":[{"href":"https:\/\/pasaenmendoza.com\/index.php?rest_route=\/wp\/v2\/posts"}],"about":[{"href":"https:\/\/pasaenmendoza.com\/index.php?rest_route=\/wp\/v2\/types\/post"}],"author":[{"embeddable":true,"href":"https:\/\/pasaenmendoza.com\/index.php?rest_route=\/wp\/v2\/users\/2"}],"replies":[{"embeddable":true,"href":"https:\/\/pasaenmendoza.com\/index.php?rest_route=%2Fwp%2Fv2%2Fcomments&post=15462"}],"version-history":[{"count":1,"href":"https:\/\/pasaenmendoza.com\/index.php?rest_route=\/wp\/v2\/posts\/15462\/revisions"}],"predecessor-version":[{"id":15467,"href":"https:\/\/pasaenmendoza.com\/index.php?rest_route=\/wp\/v2\/posts\/15462\/revisions\/15467"}],"wp:featuredmedia":[{"embeddable":true,"href":"https:\/\/pasaenmendoza.com\/index.php?rest_route=\/wp\/v2\/media\/15464"}],"wp:attachment":[{"href":"https:\/\/pasaenmendoza.com\/index.php?rest_route=%2Fwp%2Fv2%2Fmedia&parent=15462"}],"wp:term":[{"taxonomy":"category","embeddable":true,"href":"https:\/\/pasaenmendoza.com\/index.php?rest_route=%2Fwp%2Fv2%2Fcategories&post=15462"},{"taxonomy":"post_tag","embeddable":true,"href":"https:\/\/pasaenmendoza.com\/index.php?rest_route=%2Fwp%2Fv2%2Ftags&post=15462"}],"curies":[{"name":"wp","href":"https:\/\/api.w.org\/{rel}","templated":true}]}}