{"id":15468,"date":"2025-10-28T22:18:51","date_gmt":"2025-10-28T21:18:51","guid":{"rendered":"https:\/\/pasaenmendoza.com\/?p=15468"},"modified":"2025-10-28T22:18:52","modified_gmt":"2025-10-28T21:18:52","slug":"mendoza-puso-en-marcha-el-sistema-de-reconocimiento-facial-y-ya-logro-su-primera-detencion","status":"publish","type":"post","link":"https:\/\/pasaenmendoza.com\/?p=15468","title":{"rendered":"Mendoza puso en marcha el sistema de reconocimiento facial y ya logr\u00f3 su primera detenci\u00f3n"},"content":{"rendered":"\n<p>El\u00a0<strong>Ministerio de Seguridad y Justicia de Mendoza<\/strong>\u00a0avanza en la incorporaci\u00f3n de\u00a0<strong>tecnolog\u00eda\u00a0de inteligencia artificial<\/strong>\u00a0al\u00a0<strong>Sistema Integral de Videovigilancia<\/strong>\u00a0de la provincia. En este marco, se puso en marcha la\u00a0<strong>etapa inicial de pruebas<\/strong>\u00a0del\u00a0<strong>sistema de reconocimiento facial<\/strong>, que ya permiti\u00f3\u00a0<strong>detectar<\/strong>\u00a0y\u00a0<strong>detener<\/strong>\u00a0a una persona con\u00a0<strong>pedido de citaci\u00f3n y comparendo vigente<\/strong>.<\/p>\n\n\n\n<p>La\u00a0<strong>ministra\u00a0Mercedes Rus<\/strong>\u00a0se\u00f1al\u00f3 que se trata de una fase de prueba que busca evaluar el funcionamiento y la precisi\u00f3n del sistema. \u201cEn esta etapa inicial, la tecnolog\u00eda ya permiti\u00f3 generar una alerta que deriv\u00f3 en la detenci\u00f3n de una persona con pedido de citaci\u00f3n y comparendo vigente\u201d, indic\u00f3 a trav\u00e9s de la red\u00a0<strong>X<\/strong>.<\/p>\n\n\n\n<p>El proyecto forma parte del&nbsp;<strong>Plan de Actualizaci\u00f3n del Sistema Integral de Videovigilancia<\/strong>, que tiene como objetivo&nbsp;<strong>modernizar las herramientas de monitoreo<\/strong>&nbsp;y&nbsp;<strong>mejorar el trabajo policial<\/strong>. Las&nbsp;<strong>c\u00e1maras con inteligencia artificial<\/strong>&nbsp;permiten&nbsp;<strong>identificar rostros en tiempo real<\/strong>&nbsp;y&nbsp;<strong>emitir alertas autom\u00e1ticas<\/strong>&nbsp;al&nbsp;<strong>Centro Estrat\u00e9gico de Operaciones (CEO)<\/strong>, desde donde se coordina la&nbsp;<strong>respuesta de los equipos de campo<\/strong>.<\/p>\n\n\n\n<p>El sistema utiliza\u00a0<strong>bases de datos judiciales y policiales actualizadas<\/strong>\u00a0y realiza la\u00a0<strong>comparaci\u00f3n de rostros sin intervenci\u00f3n humana<\/strong>, lo que permite\u00a0<strong>reducir m\u00e1rgenes de error<\/strong>\u00a0y\u00a0<strong>optimizar recursos operativos<\/strong>. Adem\u00e1s, se integra con los\u00a0<strong>cierres digitales departamentales<\/strong>\u00a0y los\u00a0<strong>lectores de patentes<\/strong>, ampliando su capacidad de control y seguimiento.<\/p>\n\n\n\n<h3 class=\"wp-block-heading\"><strong>Marco legal y aplicaci\u00f3n<\/strong><\/h3>\n\n\n\n<p>El uso de esta tecnolog\u00eda se enmarca en la&nbsp;<strong>Ley Provincial 9562<\/strong>, impulsada por el&nbsp;<strong>Ministerio de Seguridad y Justicia<\/strong>&nbsp;y aprobada en&nbsp;<strong>2024<\/strong>, que autoriza la&nbsp;<strong>incorporaci\u00f3n de inteligencia artificial<\/strong>&nbsp;en los sistemas de videovigilancia. La norma establece un&nbsp;<strong>marco legal transparente<\/strong>&nbsp;para el&nbsp;<strong>tratamiento de la informaci\u00f3n<\/strong>, garantizando su&nbsp;<strong>uso exclusivo con fines judiciales<\/strong>.<\/p>\n\n\n\n<p>Con esta legislaci\u00f3n,&nbsp;<strong>Mendoza<\/strong>&nbsp;se convierte en la&nbsp;<strong>primera provincia del pa\u00eds<\/strong>&nbsp;en contar con un&nbsp;<strong>sistema de reconocimiento facial regulado por ley<\/strong>.<\/p>\n\n\n\n<p>Actualmente, la tecnolog\u00eda tambi\u00e9n se utiliza de manera\u00a0<strong>focalizada<\/strong>\u00a0en\u00a0<strong>encuentros deportivos<\/strong>\u00a0y\u00a0<strong>operativos especiales<\/strong>, a trav\u00e9s del programa\u00a0<strong>Tribuna Segura<\/strong>, y se encuentra en proceso de\u00a0<strong>implementaci\u00f3n en el Servicio Penitenciario<\/strong>, donde se aplica para\u00a0<strong>controlar el sistema \u00fanico de ingreso<\/strong>.<\/p>\n\n\n\n<p><strong>Fuente: www.diariomendoza.com.ar<\/strong><\/p>\n","protected":false},"excerpt":{"rendered":"<p>El\u00a0Ministerio de Seguridad y Justicia de Mendoza\u00a0avanza en la incorporaci\u00f3n de\u00a0tecnolog\u00eda\u00a0de inteligencia artificial\u00a0al\u00a0Sistema Integral de Videovigilancia\u00a0de la provincia. En este marco, se puso en marcha la\u00a0etapa inicial de pruebas\u00a0del\u00a0sistema de reconocimiento facial, que ya permiti\u00f3\u00a0detectar\u00a0y\u00a0detener\u00a0a una persona con\u00a0pedido de citaci\u00f3n y comparendo vigente. La\u00a0ministra\u00a0Mercedes Rus\u00a0se\u00f1al\u00f3 que se trata de una fase de prueba que busca [&hellip;]<\/p>\n","protected":false},"author":2,"featured_media":15469,"comment_status":"open","ping_status":"open","sticky":false,"template":"","format":"standard","meta":[],"categories":[96],"tags":[],"_links":{"self":[{"href":"https:\/\/pasaenmendoza.com\/index.php?rest_route=\/wp\/v2\/posts\/15468"}],"collection":[{"href":"https:\/\/pasaenmendoza.com\/index.php?rest_route=\/wp\/v2\/posts"}],"about":[{"href":"https:\/\/pasaenmendoza.com\/index.php?rest_route=\/wp\/v2\/types\/post"}],"author":[{"embeddable":true,"href":"https:\/\/pasaenmendoza.com\/index.php?rest_route=\/wp\/v2\/users\/2"}],"replies":[{"embeddable":true,"href":"https:\/\/pasaenmendoza.com\/index.php?rest_route=%2Fwp%2Fv2%2Fcomments&post=15468"}],"version-history":[{"count":1,"href":"https:\/\/pasaenmendoza.com\/index.php?rest_route=\/wp\/v2\/posts\/15468\/revisions"}],"predecessor-version":[{"id":15470,"href":"https:\/\/pasaenmendoza.com\/index.php?rest_route=\/wp\/v2\/posts\/15468\/revisions\/15470"}],"wp:featuredmedia":[{"embeddable":true,"href":"https:\/\/pasaenmendoza.com\/index.php?rest_route=\/wp\/v2\/media\/15469"}],"wp:attachment":[{"href":"https:\/\/pasaenmendoza.com\/index.php?rest_route=%2Fwp%2Fv2%2Fmedia&parent=15468"}],"wp:term":[{"taxonomy":"category","embeddable":true,"href":"https:\/\/pasaenmendoza.com\/index.php?rest_route=%2Fwp%2Fv2%2Fcategories&post=15468"},{"taxonomy":"post_tag","embeddable":true,"href":"https:\/\/pasaenmendoza.com\/index.php?rest_route=%2Fwp%2Fv2%2Ftags&post=15468"}],"curies":[{"name":"wp","href":"https:\/\/api.w.org\/{rel}","templated":true}]}}