{"id":15480,"date":"2025-10-29T19:44:15","date_gmt":"2025-10-29T18:44:15","guid":{"rendered":"https:\/\/pasaenmendoza.com\/?p=15480"},"modified":"2025-10-29T19:44:16","modified_gmt":"2025-10-29T18:44:16","slug":"el-gobierno-activo-un-aumento-para-los-prestadores-de-discapacidad-cuanto-y-como-se-pagara","status":"publish","type":"post","link":"https:\/\/pasaenmendoza.com\/?p=15480","title":{"rendered":"El Gobierno activ\u00f3 un aumento para los prestadores de discapacidad: cu\u00e1nto y c\u00f3mo se pagar\u00e1"},"content":{"rendered":"\n<p>El Gobierno nacional, a trav\u00e9s de la Agencia Nacional de Discapacidad (ANDIS), organismo que depende de la \u00f3rbita de&nbsp;<strong>Sandra Pettovello<\/strong>, activ\u00f3 un&nbsp;<strong>fuerte aumento de entre 29% y 35%<\/strong>&nbsp;en los valores del&nbsp;<strong>nomenclador para prestadores de discapacidad<\/strong>.<\/p>\n\n\n\n<p>La mejora se aplicar\u00e1 en\u00a0<strong>tres tramos sucesivos entre los meses de octubre y diciembre de 2025<\/strong>.<\/p>\n\n\n\n<p>La suba se materializ\u00f3 gracias a una \u201cdecisi\u00f3n administrativa del Jefe de Gabinete de la Naci\u00f3n\u201d y, seg\u00fan ANDIS, \u201cbusca fortalecer el sistema de atenci\u00f3n, garantizando que las prestaciones est\u00e9n&nbsp;<strong>por encima de la inflaci\u00f3n proyectada<\/strong>&nbsp;para 2025\u2033.<\/p>\n\n\n\n<p>Con este aumento, se ver\u00e1n beneficiados los profesionales y prestadores que brindan servicios esenciales como\u00a0<strong>internaciones, transporte, apoyo educativo y laboral, y atenci\u00f3n m\u00e9dica y de rehabilitaci\u00f3n<\/strong>.<\/p>\n\n\n\n<p>Desde el organismo destacaron que la medida \u201cno solo otorga previsibilidad al sistema, sino que tambi\u00e9n reconoce el trabajo y el compromiso de los profesionales que acompa\u00f1an a las personas con discapacidad todos los d\u00edas\u201d.<\/p>\n\n\n\n<p><strong>Fuente: www.elsol.com.ar<\/strong><\/p>\n","protected":false},"excerpt":{"rendered":"<p>El Gobierno nacional, a trav\u00e9s de la Agencia Nacional de Discapacidad (ANDIS), organismo que depende de la \u00f3rbita de&nbsp;Sandra Pettovello, activ\u00f3 un&nbsp;fuerte aumento de entre 29% y 35%&nbsp;en los valores del&nbsp;nomenclador para prestadores de discapacidad. La mejora se aplicar\u00e1 en\u00a0tres tramos sucesivos entre los meses de octubre y diciembre de 2025. La suba se materializ\u00f3 [&hellip;]<\/p>\n","protected":false},"author":2,"featured_media":15481,"comment_status":"open","ping_status":"open","sticky":false,"template":"","format":"standard","meta":[],"categories":[47],"tags":[],"_links":{"self":[{"href":"https:\/\/pasaenmendoza.com\/index.php?rest_route=\/wp\/v2\/posts\/15480"}],"collection":[{"href":"https:\/\/pasaenmendoza.com\/index.php?rest_route=\/wp\/v2\/posts"}],"about":[{"href":"https:\/\/pasaenmendoza.com\/index.php?rest_route=\/wp\/v2\/types\/post"}],"author":[{"embeddable":true,"href":"https:\/\/pasaenmendoza.com\/index.php?rest_route=\/wp\/v2\/users\/2"}],"replies":[{"embeddable":true,"href":"https:\/\/pasaenmendoza.com\/index.php?rest_route=%2Fwp%2Fv2%2Fcomments&post=15480"}],"version-history":[{"count":1,"href":"https:\/\/pasaenmendoza.com\/index.php?rest_route=\/wp\/v2\/posts\/15480\/revisions"}],"predecessor-version":[{"id":15482,"href":"https:\/\/pasaenmendoza.com\/index.php?rest_route=\/wp\/v2\/posts\/15480\/revisions\/15482"}],"wp:featuredmedia":[{"embeddable":true,"href":"https:\/\/pasaenmendoza.com\/index.php?rest_route=\/wp\/v2\/media\/15481"}],"wp:attachment":[{"href":"https:\/\/pasaenmendoza.com\/index.php?rest_route=%2Fwp%2Fv2%2Fmedia&parent=15480"}],"wp:term":[{"taxonomy":"category","embeddable":true,"href":"https:\/\/pasaenmendoza.com\/index.php?rest_route=%2Fwp%2Fv2%2Fcategories&post=15480"},{"taxonomy":"post_tag","embeddable":true,"href":"https:\/\/pasaenmendoza.com\/index.php?rest_route=%2Fwp%2Fv2%2Ftags&post=15480"}],"curies":[{"name":"wp","href":"https:\/\/api.w.org\/{rel}","templated":true}]}}