{"id":15489,"date":"2025-10-29T19:56:11","date_gmt":"2025-10-29T18:56:11","guid":{"rendered":"https:\/\/pasaenmendoza.com\/?p=15489"},"modified":"2025-10-29T19:56:12","modified_gmt":"2025-10-29T18:56:12","slug":"mensaje-para-la-clase-politica-el-voto-en-blanco-supero-el-10-en-mendoza","status":"publish","type":"post","link":"https:\/\/pasaenmendoza.com\/?p=15489","title":{"rendered":"Mensaje para la clase pol\u00edtica: el voto en blanco super\u00f3 el 10% en Mendoza"},"content":{"rendered":"\n<p>Las elecciones legislativas 2025\u00a0en Mendoza dejaron al descubierto un fen\u00f3meno que se consolida en cada elecci\u00f3n: el aumento del llamado \u201cvoto bronca\u201d. A la baja participaci\u00f3n \u2014que alcanz\u00f3 solo el 71,5% del padr\u00f3n\u2014 se sum\u00f3 un incremento significativo de votos en blanco y nulos, especialmente en las categor\u00edas legislativas locales.<\/p>\n\n\n\n<p>En los comicios dominados por la amplia victoria de la alianza\u00a0<strong>La Libertad Avanza + Cambia Mendoza<\/strong>, que obtuvo el\u00a0<strong>53,63% de los votos<\/strong>\u00a0frente al\u00a0<strong>25,20% de Fuerza Justicialista Mendoza<\/strong>, los resultados provisorios muestran que en la categor\u00eda de\u00a0<strong>diputados nacionales<\/strong>\u00a0hubo\u00a0<strong>26.019 votos en blanco (2,45%)<\/strong>\u00a0y\u00a0<strong>30.145 votos nulos (2,83%)<\/strong>.<\/p>\n\n\n\n<p>A medida que se descendi\u00f3 en el orden de las categor\u00edas, el desinter\u00e9s ciudadano creci\u00f3. En las elecciones de\u00a0<strong>senadores y diputados provinciales<\/strong>, el voto en blanco super\u00f3 en varios distritos el\u00a0<strong>10%<\/strong>\u00a0de los sufragios emitidos.<\/p>\n\n\n\n<h3 class=\"wp-block-heading\">Diputados provinciales<\/h3>\n\n\n\n<p>El incremento fue notorio en toda la provincia. En la&nbsp;<strong>Primera Secci\u00f3n electoral<\/strong>&nbsp;\u2014Capital, Guaymall\u00e9n, Las Heras y Lavalle\u2014 el&nbsp;<strong>10,6%<\/strong>&nbsp;de los votos fueron en blanco. En la&nbsp;<strong>Segunda Secci\u00f3n<\/strong>, que incluye Maip\u00fa, San Mart\u00edn, Jun\u00edn, Rivadavia, Santa Rosa y La Paz, la cifra subi\u00f3 al&nbsp;<strong>12,08%<\/strong>. En la&nbsp;<strong>Tercera<\/strong>&nbsp;(Godoy Cruz, Luj\u00e1n, Tupungato, Tunuy\u00e1n y San Carlos) alcanz\u00f3 el&nbsp;<strong>12,75%<\/strong>, y en la&nbsp;<strong>Cuarta Secci\u00f3n<\/strong>&nbsp;(San Rafael, Malarg\u00fce y General Alvear) lleg\u00f3 al&nbsp;<strong>13,24%<\/strong>, el valor m\u00e1s alto de toda la provincia.<\/p>\n\n\n\n<p>En todas las circunscripciones, la alianza oficialista se impuso con porcentajes superiores al 50%, mientras que\u00a0<strong>Fuerza Justicialista Mendoza<\/strong>\u00a0qued\u00f3 segunda, con valores\u00a0que oscilaron entre el 19% y el 31%.<\/p>\n\n\n\n<h3 class=\"wp-block-heading\">El voto en blanco en los Concejos<\/h3>\n\n\n\n<p>El fen\u00f3meno se profundiz\u00f3 en la categor\u00eda de&nbsp;<strong>concejales<\/strong>, elegidos en 12 departamentos que unificaron sus elecciones municipales con las provinciales. En ese nivel, el voto en blanco escal\u00f3 a cifras de entre el&nbsp;<strong>8% y el 15%<\/strong>, duplicando o triplicando los porcentajes de categor\u00edas nacionales.<\/p>\n\n\n\n<p><strong>Lavalle<\/strong>&nbsp;fue el departamento con mayor proporci\u00f3n de sufragios en blanco (<strong>15,93%<\/strong>), seguido por&nbsp;<strong>Malarg\u00fce (13,80%)<\/strong>,&nbsp;<strong>Tupungato (13,37%)<\/strong>&nbsp;y&nbsp;<strong>General Alvear (13,17%)<\/strong>. M\u00e1s atr\u00e1s se ubicaron&nbsp;<strong>Tunuy\u00e1n (12,99%)<\/strong>,&nbsp;<strong>Jun\u00edn (12,82%)<\/strong>,&nbsp;<strong>San Carlos (12,73%)<\/strong>&nbsp;y&nbsp;<strong>San Mart\u00edn (12,52%)<\/strong>.<\/p>\n\n\n\n<p>En el Gran Mendoza, las cifras fueron algo menores, aunque igualmente significativas:&nbsp;<strong>Las Heras (11,90%)<\/strong>,&nbsp;<strong>Guaymall\u00e9n (10,88%)<\/strong>,&nbsp;<strong>Godoy Cruz (9,99%)<\/strong>&nbsp;y la&nbsp;<strong>Ciudad de Mendoza (8,60%)<\/strong>.<\/p>\n\n\n\n<h3 class=\"wp-block-heading\">Un mensaje silencioso<\/h3>\n\n\n\n<p>Los datos reflejan que, adem\u00e1s del alto nivel de abstenci\u00f3n, una porci\u00f3n considerable del electorado eligi\u00f3 expresar su descontento o desinter\u00e9s mediante el voto en blanco o nulo, sobre todo en las categor\u00edas legislativas locales. Para los analistas, este comportamiento confirma un \u201cdistanciamiento creciente\u201d entre la ciudadan\u00eda y la pol\u00edtica tradicional.<\/p>\n\n\n\n<p><strong>Fuente: www.diariomendoza.com.ar<\/strong><\/p>\n","protected":false},"excerpt":{"rendered":"<p>Las elecciones legislativas 2025\u00a0en Mendoza dejaron al descubierto un fen\u00f3meno que se consolida en cada elecci\u00f3n: el aumento del llamado \u201cvoto bronca\u201d. A la baja participaci\u00f3n \u2014que alcanz\u00f3 solo el 71,5% del padr\u00f3n\u2014 se sum\u00f3 un incremento significativo de votos en blanco y nulos, especialmente en las categor\u00edas legislativas locales. En los comicios dominados por [&hellip;]<\/p>\n","protected":false},"author":2,"featured_media":15490,"comment_status":"open","ping_status":"open","sticky":false,"template":"","format":"standard","meta":[],"categories":[47],"tags":[],"_links":{"self":[{"href":"https:\/\/pasaenmendoza.com\/index.php?rest_route=\/wp\/v2\/posts\/15489"}],"collection":[{"href":"https:\/\/pasaenmendoza.com\/index.php?rest_route=\/wp\/v2\/posts"}],"about":[{"href":"https:\/\/pasaenmendoza.com\/index.php?rest_route=\/wp\/v2\/types\/post"}],"author":[{"embeddable":true,"href":"https:\/\/pasaenmendoza.com\/index.php?rest_route=\/wp\/v2\/users\/2"}],"replies":[{"embeddable":true,"href":"https:\/\/pasaenmendoza.com\/index.php?rest_route=%2Fwp%2Fv2%2Fcomments&post=15489"}],"version-history":[{"count":1,"href":"https:\/\/pasaenmendoza.com\/index.php?rest_route=\/wp\/v2\/posts\/15489\/revisions"}],"predecessor-version":[{"id":15491,"href":"https:\/\/pasaenmendoza.com\/index.php?rest_route=\/wp\/v2\/posts\/15489\/revisions\/15491"}],"wp:featuredmedia":[{"embeddable":true,"href":"https:\/\/pasaenmendoza.com\/index.php?rest_route=\/wp\/v2\/media\/15490"}],"wp:attachment":[{"href":"https:\/\/pasaenmendoza.com\/index.php?rest_route=%2Fwp%2Fv2%2Fmedia&parent=15489"}],"wp:term":[{"taxonomy":"category","embeddable":true,"href":"https:\/\/pasaenmendoza.com\/index.php?rest_route=%2Fwp%2Fv2%2Fcategories&post=15489"},{"taxonomy":"post_tag","embeddable":true,"href":"https:\/\/pasaenmendoza.com\/index.php?rest_route=%2Fwp%2Fv2%2Ftags&post=15489"}],"curies":[{"name":"wp","href":"https:\/\/api.w.org\/{rel}","templated":true}]}}