{"id":1549,"date":"2023-09-19T14:42:17","date_gmt":"2023-09-19T12:42:17","guid":{"rendered":"https:\/\/pasaenmendoza.com\/?p=1549"},"modified":"2023-09-19T14:42:18","modified_gmt":"2023-09-19T12:42:18","slug":"alumnos-de-sexto-grado-y-docentes-son-evaluados-este-martes-con-las-pruebas-aprender-de-la-nacion","status":"publish","type":"post","link":"https:\/\/pasaenmendoza.com\/?p=1549","title":{"rendered":"Alumnos de sexto grado y docentes son evaluados este martes con las pruebas Aprender de la Naci\u00f3n"},"content":{"rendered":"\n<p>Unos 750.000 alumnos de sexto grado de todo el pa\u00eds ser\u00e1n evaluados este martes con las<strong>\u00a0pruebas Aprender<\/strong>, inform\u00f3 el Ministerio de Educaci\u00f3n de la Naci\u00f3n. La novedad del 2023 es que tambi\u00e9n\u00a0<strong>habr\u00e1 un cuestionario para docentes<\/strong>.<\/p>\n\n\n\n<p><strong>Mendoza participa con sus escuelas entre las 20.000 primarias<\/strong>&nbsp;que realizar\u00e1n las pruebas. Seg\u00fan indicaron desde Naci\u00f3n en un comunicado de prensa, el objetivo es conocer el nivel que tienen los&nbsp;<strong>estudiantes de 6to grado en Lengua y Matem\u00e1tica<\/strong>.<\/p>\n\n\n\n<p>Las Pruebas Aprender 2023 &#8220;contribuyen al diagn\u00f3stico del sistema educativo, promueve procesos de reflexi\u00f3n al interior de las escuelas, genera evidencia para la toma de decisiones y enriquece el debate p\u00fablico de todos los actores involucrados al quehacer escolar&#8221;, explicaron desde el ministerio a trav\u00e9s de un comunicado de prensa.<\/p>\n\n\n\n<h2 class=\"wp-block-heading\">Pruebas Aprender para directivos y docentes<\/h2>\n\n\n\n<p>En el operativo Aprender de este martes se aplicar\u00e1n tambi\u00e9n cuestionarios complementarios a directivos y estudiantes sobre las condiciones de ense\u00f1anza y aprendizaje en la educaci\u00f3n primaria y otros aspectos como el uso de los materiales did\u00e1cticos aportados por el programa Libros Para Aprender.<\/p>\n\n\n\n<p>El dato destacado de este a\u00f1o es que se incluye un cuestionario para docentes.<\/p>\n\n\n\n<p>Adem\u00e1s de los \u00edtems de respuesta m\u00faltiples que caracterizan a la prueba, se incluir\u00e1n preguntas abiertas o de construcci\u00f3n en Lengua y Matem\u00e1tica para que las y los estudiantes elaboren y desarrollen sus respuestas sobre los contenidos adquiridos en el aula.<\/p>\n\n\n\n<p>Desde el Ministerio informaron en un parte de prensa que los resultados de las pruebas Aprender 2023 se conocer\u00e1n mediante una s\u00edntesis &#8220;en el transcurso del a\u00f1o&#8221;.<\/p>\n\n\n\n<p>En la misma &#8220;se considerar\u00e1n aspectos como la cobertura y la participaci\u00f3n de los estudiantes y los desempe\u00f1os en las asignaturas desagregados por las principales variables de an\u00e1lisis como g\u00e9nero, \u00e1mbito y sector de gesti\u00f3n de las escuelas a las que asisten las alumnas y los alumnos, y el nivel socioecon\u00f3mico de sus hogares&#8221;, se\u00f1alaron.<\/p>\n\n\n\n<p><strong>Fuente: www.diariouno.com.ar<\/strong><\/p>\n","protected":false},"excerpt":{"rendered":"<p>Unos 750.000 alumnos de sexto grado de todo el pa\u00eds ser\u00e1n evaluados este martes con las\u00a0pruebas Aprender, inform\u00f3 el Ministerio de Educaci\u00f3n de la Naci\u00f3n. La novedad del 2023 es que tambi\u00e9n\u00a0habr\u00e1 un cuestionario para docentes. Mendoza participa con sus escuelas entre las 20.000 primarias&nbsp;que realizar\u00e1n las pruebas. Seg\u00fan indicaron desde Naci\u00f3n en un comunicado [&hellip;]<\/p>\n","protected":false},"author":2,"featured_media":1550,"comment_status":"open","ping_status":"open","sticky":false,"template":"","format":"standard","meta":[],"categories":[56],"tags":[],"_links":{"self":[{"href":"https:\/\/pasaenmendoza.com\/index.php?rest_route=\/wp\/v2\/posts\/1549"}],"collection":[{"href":"https:\/\/pasaenmendoza.com\/index.php?rest_route=\/wp\/v2\/posts"}],"about":[{"href":"https:\/\/pasaenmendoza.com\/index.php?rest_route=\/wp\/v2\/types\/post"}],"author":[{"embeddable":true,"href":"https:\/\/pasaenmendoza.com\/index.php?rest_route=\/wp\/v2\/users\/2"}],"replies":[{"embeddable":true,"href":"https:\/\/pasaenmendoza.com\/index.php?rest_route=%2Fwp%2Fv2%2Fcomments&post=1549"}],"version-history":[{"count":1,"href":"https:\/\/pasaenmendoza.com\/index.php?rest_route=\/wp\/v2\/posts\/1549\/revisions"}],"predecessor-version":[{"id":1551,"href":"https:\/\/pasaenmendoza.com\/index.php?rest_route=\/wp\/v2\/posts\/1549\/revisions\/1551"}],"wp:featuredmedia":[{"embeddable":true,"href":"https:\/\/pasaenmendoza.com\/index.php?rest_route=\/wp\/v2\/media\/1550"}],"wp:attachment":[{"href":"https:\/\/pasaenmendoza.com\/index.php?rest_route=%2Fwp%2Fv2%2Fmedia&parent=1549"}],"wp:term":[{"taxonomy":"category","embeddable":true,"href":"https:\/\/pasaenmendoza.com\/index.php?rest_route=%2Fwp%2Fv2%2Fcategories&post=1549"},{"taxonomy":"post_tag","embeddable":true,"href":"https:\/\/pasaenmendoza.com\/index.php?rest_route=%2Fwp%2Fv2%2Ftags&post=1549"}],"curies":[{"name":"wp","href":"https:\/\/api.w.org\/{rel}","templated":true}]}}