{"id":15493,"date":"2025-10-30T13:59:57","date_gmt":"2025-10-30T12:59:57","guid":{"rendered":"https:\/\/pasaenmendoza.com\/?p=15493"},"modified":"2025-10-30T13:59:58","modified_gmt":"2025-10-30T12:59:58","slug":"el-tiempo-en-mendoza-para-este-jueves-vuelve-la-primavera","status":"publish","type":"post","link":"https:\/\/pasaenmendoza.com\/?p=15493","title":{"rendered":"El tiempo en Mendoza para este jueves: vuelve la primavera"},"content":{"rendered":"\n<p>La temperatura m\u00e1xima para este jueves ser\u00e1 de 27 grados cent\u00edgrados, mientras que la m\u00ednima descender\u00e1 a los 7 grados cent\u00edgrados.<\/p>\n\n\n\n<p>Habr\u00e1 \u201cpoca nubosidad con ascenso de la temperatura, vientos leves del sudeste\u201d.<\/p>\n\n\n\n<p>Heladas parciales en Valle de Uco:-1 a 3\u00b0C.<\/p>\n\n\n\n<p>El tiempo en alta monta\u00f1a: \u201cPoco nuboso en cordillera\u201d.<\/p>\n\n\n\n<p><strong>Fuente: www.elsol.com.ar<\/strong><\/p>\n","protected":false},"excerpt":{"rendered":"<p>La temperatura m\u00e1xima para este jueves ser\u00e1 de 27 grados cent\u00edgrados, mientras que la m\u00ednima descender\u00e1 a los 7 grados cent\u00edgrados. Habr\u00e1 \u201cpoca nubosidad con ascenso de la temperatura, vientos leves del sudeste\u201d. Heladas parciales en Valle de Uco:-1 a 3\u00b0C. El tiempo en alta monta\u00f1a: \u201cPoco nuboso en cordillera\u201d. Fuente: www.elsol.com.ar<\/p>\n","protected":false},"author":2,"featured_media":15494,"comment_status":"open","ping_status":"open","sticky":false,"template":"","format":"standard","meta":[],"categories":[52],"tags":[],"_links":{"self":[{"href":"https:\/\/pasaenmendoza.com\/index.php?rest_route=\/wp\/v2\/posts\/15493"}],"collection":[{"href":"https:\/\/pasaenmendoza.com\/index.php?rest_route=\/wp\/v2\/posts"}],"about":[{"href":"https:\/\/pasaenmendoza.com\/index.php?rest_route=\/wp\/v2\/types\/post"}],"author":[{"embeddable":true,"href":"https:\/\/pasaenmendoza.com\/index.php?rest_route=\/wp\/v2\/users\/2"}],"replies":[{"embeddable":true,"href":"https:\/\/pasaenmendoza.com\/index.php?rest_route=%2Fwp%2Fv2%2Fcomments&post=15493"}],"version-history":[{"count":1,"href":"https:\/\/pasaenmendoza.com\/index.php?rest_route=\/wp\/v2\/posts\/15493\/revisions"}],"predecessor-version":[{"id":15495,"href":"https:\/\/pasaenmendoza.com\/index.php?rest_route=\/wp\/v2\/posts\/15493\/revisions\/15495"}],"wp:featuredmedia":[{"embeddable":true,"href":"https:\/\/pasaenmendoza.com\/index.php?rest_route=\/wp\/v2\/media\/15494"}],"wp:attachment":[{"href":"https:\/\/pasaenmendoza.com\/index.php?rest_route=%2Fwp%2Fv2%2Fmedia&parent=15493"}],"wp:term":[{"taxonomy":"category","embeddable":true,"href":"https:\/\/pasaenmendoza.com\/index.php?rest_route=%2Fwp%2Fv2%2Fcategories&post=15493"},{"taxonomy":"post_tag","embeddable":true,"href":"https:\/\/pasaenmendoza.com\/index.php?rest_route=%2Fwp%2Fv2%2Ftags&post=15493"}],"curies":[{"name":"wp","href":"https:\/\/api.w.org\/{rel}","templated":true}]}}