{"id":15499,"date":"2025-10-30T14:19:33","date_gmt":"2025-10-30T13:19:33","guid":{"rendered":"https:\/\/pasaenmendoza.com\/?p=15499"},"modified":"2025-10-30T14:19:34","modified_gmt":"2025-10-30T13:19:34","slug":"un-vea-en-guaymallen-cerro-y-hay-incertidumbre-por-la-empresa","status":"publish","type":"post","link":"https:\/\/pasaenmendoza.com\/?p=15499","title":{"rendered":"Un Vea en Guaymall\u00e9n cerr\u00f3 y hay incertidumbre por la empresa"},"content":{"rendered":"\n<p>Un nuevo cierre sacudi\u00f3 al sector del comercio en Mendoza.\u00a0<strong>El local 181 de la cadena Vea cerr\u00f3 esta semana<\/strong>. Se trata de la sucursal 14, ubicada en calle Godoy Cruz entre Garay y Marcelo T. de Alvear.<\/p>\n\n\n\n<p>Desde el Centro de Empleados de Comercio, gremio que nuclea a los trabajadores de la empresa, emitieron un comunicado para expresar su preocupaci\u00f3n ante el hecho y&nbsp;<strong>calificaron el cierre como &#8220;inesperado&#8221;<\/strong>.<\/p>\n\n\n\n<p>En ese marco, la entidad sindical solicit\u00f3 la reubicaci\u00f3n del total de los trabajadores que se desempe\u00f1an en dicho local ante las autoridades de la Subsecretar\u00eda de Trabajo y Empleo del Ministerio de Gobierno, Infraestructura y Desarrollo Territorial de Mendoza.<\/p>\n\n\n\n<p>Sin embargo, algunos de los trabajadores, de acuerdo a lo expresado por el gremio, habr\u00edan solicitado &#8220;no continuar con la relaci\u00f3n laboral, siempre que se respeten sus derechos indemnizatorios correspondientes&#8221;.<\/p>\n\n\n\n<p>Seg\u00fan pudo saber el Post,&nbsp;<strong>un total de 14 empleados qued\u00f3 en una situaci\u00f3n incierta<\/strong>. Si bien desde el gremio se pidi\u00f3 la reubicaci\u00f3n de ellos, desde la empresa a\u00fan no se han expresado al respecto.<\/p>\n\n\n\n<p>Incertidumbre en Cencosud<\/p>\n\n\n\n<p>Este cierre de una sucursal se suma a una\u00a0ola de cierres\u00a0que tuvo lugar apenas d\u00edas atr\u00e1s. La misma cadena\u00a0<strong>Vea -que pertenece al grupo<\/strong>\u00a0<strong>Cencosud-\u00a0<\/strong>baj\u00f3 las persianas en al menos otras\u00a0<strong>cuatro sucursales<\/strong>\u00a0del pa\u00eds, ubicadas en\u00a0<strong>San Juan, Catamarca<\/strong>\u00a0y la\u00a0<strong>provincia de Buenos Aires\u00a0<\/strong>dejando a m\u00e1s de\u00a0<strong>un centenar de empleados<\/strong>\u00a0en una situaci\u00f3n incierta.<\/p>\n\n\n\n<p>El escenario de incertidumbre se basa en distintos pilares: el\u00a0<strong>consumo en retroceso<\/strong>, el\u00a0<strong>aumento de los costos fijos<\/strong>\u00a0y una\u00a0<strong>competencia\u00a0<\/strong>que\u00a0est\u00e1 reconfigurando el mapa del retail.\u00a0<\/p>\n\n\n\n<p>En silencio, Cencosud avanza con una&nbsp;<strong>reestructuraci\u00f3n interna<\/strong>&nbsp;para mejorar su rentabilidad, en medio de un movimiento estrat\u00e9gico mayor. Meses atr\u00e1s se especulaba con la&nbsp;<strong>posible compra de Carrefour Argentina<\/strong>, operaci\u00f3n que podr\u00eda cambiar por completo el tablero supermercadista local. Sin embargo, el pasado viernes y de forma repentina, el grupo chileno anunci\u00f3 que&nbsp;<strong>se bajaba de la puja por los supermercados.<\/strong><\/p>\n\n\n\n<p>En ese contexto, se dieron en distintas localidades cierres &#8220;sorpresivos&#8221; como el que tuvo lugar esta semana en Guaymall\u00e9n. El primero de ellos se dio a comienzos de octubre en\u00a0<strong>Villa Krause (Rawson, San Juan)<\/strong>. All\u00ed, 17 trabajadores fueron notificados con pocos d\u00edas de anticipaci\u00f3n.\u00a0<\/p>\n\n\n\n<p>D\u00edas despu\u00e9s, se confirm\u00f3 el cierre del&nbsp;<strong>Vea de la Terminal de \u00d3mnibus de San Fernando del Valle de Catamarca.<\/strong>&nbsp;En ese caso, la empresa prometi\u00f3&nbsp;<strong>reubicaciones<\/strong>&nbsp;en otras sucursales del Valle Central, aunque los empleados reclaman definiciones concretas.<\/p>\n\n\n\n<p>En el&nbsp;<strong>Conurbano bonaerense<\/strong>, las sucursales de&nbsp;<strong>Castelar y Moreno<\/strong>&nbsp;tambi\u00e9n cerraron sus puertas. En total, se estima que&nbsp;<strong>unas 80 personas<\/strong>&nbsp;quedaron sin funciones, aunque la compa\u00f1\u00eda no inform\u00f3 cifras oficiales.<\/p>\n\n\n\n<p>De acuerdo a un informe publicado por el Post semanas atr\u00e1s,\u00a0&#8220;solo uno de cada diez supermercados considera que la situaci\u00f3n es &#8216;buena'&#8221;. En cuanto a la\u00a0<strong>situaci\u00f3n comercial actual<\/strong>, el informe detall\u00f3 que el\u00a0<strong>31,6%<\/strong>\u00a0de los encuestados consider\u00f3 que atraviesa un\u00a0<strong>mal momento<\/strong>, mientras que el\u00a0<strong>57,9%<\/strong>\u00a0la calific\u00f3 como\u00a0<strong>normal<\/strong>\u00a0y solo el\u00a0<strong>10,5%<\/strong>\u00a0la defini\u00f3 como\u00a0<strong>buena<\/strong>. Esto da un\u00a0<strong>balance negativo de -21,1%<\/strong>, seg\u00fan los datos del Indec.<\/p>\n\n\n\n<p>Pese a este escenario, el grupo Cencosud contin\u00faa moviendo fichas. Este a\u00f1o complet\u00f3 la\u00a0<strong>adquisici\u00f3n de Makro y Basualdo<\/strong>, reforzando su presencia en el canal mayorista.\u00a0 Y lo que parec\u00eda ser su\u00a0<strong>gran jugada<\/strong>: avanzar en la compra de\u00a0<strong>Carrefour Argentina<\/strong>, qued\u00f3 trunca en los \u00faltimos d\u00edas, en medio de los cierres de estas sucursales.<\/p>\n\n\n\n<p>Por el momento, y pensando en los trabajadores de la empresa,\u00a0<strong>la escena es de incertidumbre<\/strong>\u00a0con relaci\u00f3n a lo que pueda pasar con ellos. Catorce familias siguen atentamente las novedades para saber qu\u00e9 pasar\u00e1 con sus fuentes de trabajo.<\/p>\n\n\n\n<p><strong>Fuente: www.mendozapost.com<\/strong><\/p>\n","protected":false},"excerpt":{"rendered":"<p>Un nuevo cierre sacudi\u00f3 al sector del comercio en Mendoza.\u00a0El local 181 de la cadena Vea cerr\u00f3 esta semana. Se trata de la sucursal 14, ubicada en calle Godoy Cruz entre Garay y Marcelo T. de Alvear. Desde el Centro de Empleados de Comercio, gremio que nuclea a los trabajadores de la empresa, emitieron un [&hellip;]<\/p>\n","protected":false},"author":2,"featured_media":15500,"comment_status":"open","ping_status":"open","sticky":false,"template":"","format":"standard","meta":[],"categories":[75],"tags":[],"_links":{"self":[{"href":"https:\/\/pasaenmendoza.com\/index.php?rest_route=\/wp\/v2\/posts\/15499"}],"collection":[{"href":"https:\/\/pasaenmendoza.com\/index.php?rest_route=\/wp\/v2\/posts"}],"about":[{"href":"https:\/\/pasaenmendoza.com\/index.php?rest_route=\/wp\/v2\/types\/post"}],"author":[{"embeddable":true,"href":"https:\/\/pasaenmendoza.com\/index.php?rest_route=\/wp\/v2\/users\/2"}],"replies":[{"embeddable":true,"href":"https:\/\/pasaenmendoza.com\/index.php?rest_route=%2Fwp%2Fv2%2Fcomments&post=15499"}],"version-history":[{"count":1,"href":"https:\/\/pasaenmendoza.com\/index.php?rest_route=\/wp\/v2\/posts\/15499\/revisions"}],"predecessor-version":[{"id":15501,"href":"https:\/\/pasaenmendoza.com\/index.php?rest_route=\/wp\/v2\/posts\/15499\/revisions\/15501"}],"wp:featuredmedia":[{"embeddable":true,"href":"https:\/\/pasaenmendoza.com\/index.php?rest_route=\/wp\/v2\/media\/15500"}],"wp:attachment":[{"href":"https:\/\/pasaenmendoza.com\/index.php?rest_route=%2Fwp%2Fv2%2Fmedia&parent=15499"}],"wp:term":[{"taxonomy":"category","embeddable":true,"href":"https:\/\/pasaenmendoza.com\/index.php?rest_route=%2Fwp%2Fv2%2Fcategories&post=15499"},{"taxonomy":"post_tag","embeddable":true,"href":"https:\/\/pasaenmendoza.com\/index.php?rest_route=%2Fwp%2Fv2%2Ftags&post=15499"}],"curies":[{"name":"wp","href":"https:\/\/api.w.org\/{rel}","templated":true}]}}