{"id":15502,"date":"2025-10-30T14:23:23","date_gmt":"2025-10-30T13:23:23","guid":{"rendered":"https:\/\/pasaenmendoza.com\/?p=15502"},"modified":"2025-10-30T14:23:24","modified_gmt":"2025-10-30T13:23:24","slug":"tiroteo-sobre-los-techos-de-un-barrio-de-las-heras-un-detenido","status":"publish","type":"post","link":"https:\/\/pasaenmendoza.com\/?p=15502","title":{"rendered":"Tiroteo sobre los techos de un barrio de Las Heras: un detenido"},"content":{"rendered":"\n<p>Durante la tarde del mi\u00e9rcoles, un&nbsp;<strong>joven de 18 a\u00f1os&nbsp;<\/strong>fue detenido tras&nbsp;<strong>haber efectuado disparos junto a otros individuos&nbsp;<\/strong>sobre los techos de del&nbsp;<strong>barrio 8 de Abril,<\/strong>&nbsp;en el departamento de&nbsp;<strong>Las Heras<\/strong>.<\/p>\n\n\n\n<p>Seg\u00fan informaron fuentes policiales, el hecho tuvo lugar a las\u00a0<strong>16:30 horas en la calle Los Horcones.\u00a0<\/strong>Todo ocurri\u00f3 cuando varios vecinos llamaron a la\u00a0<strong>l\u00ednea de emergencias<\/strong>\u00a0<em>911<\/em>, quienes alertaron aterrorizados sobre la presencia de un\u00a0<strong>grupo de personas\u00a0<\/strong>que estaban disparando all\u00ed.<\/p>\n\n\n\n<p>Ante esta situaci\u00f3n, miembros de la&nbsp;<strong>Unidad Especial de Patrullaje (UEP)<\/strong>&nbsp;se dirigieron al lugar y observaron a&nbsp;<strong>tres hombres que estaban ubicados sobre los techos de los domicilios<\/strong>.&nbsp;<\/p>\n\n\n\n<p>Tras una breve persecuci\u00f3n, lograron detener a uno de los involucrados quien ten\u00eda en su poder un&nbsp;<strong>arma de fuego marca Hi-Power calibre 9 mil\u00edmetros<\/strong>.<\/p>\n\n\n\n<p>Por su parte, personal de la&nbsp;<strong>Unidad de Veh\u00edculos A\u00e9reos No Tripulados (VANT)<\/strong>&nbsp;sobrevol\u00f3 la zona para colaborar con el operativo policial.<\/p>\n\n\n\n<p>El caso fue radicado en la\u00a0<strong>Comisar\u00eda 43\u00b0 Las Heras<\/strong>\u00a0e intervino la\u00a0<strong>Oficina Fiscal de Jurisdicci\u00f3n<\/strong>. Por estos momentos, se aboca por encontrar a los otros dos autores de los disparos.<\/p>\n\n\n\n<p><strong>Fuente: www.mendozapost.com<\/strong><\/p>\n","protected":false},"excerpt":{"rendered":"<p>Durante la tarde del mi\u00e9rcoles, un&nbsp;joven de 18 a\u00f1os&nbsp;fue detenido tras&nbsp;haber efectuado disparos junto a otros individuos&nbsp;sobre los techos de del&nbsp;barrio 8 de Abril,&nbsp;en el departamento de&nbsp;Las Heras. Seg\u00fan informaron fuentes policiales, el hecho tuvo lugar a las\u00a016:30 horas en la calle Los Horcones.\u00a0Todo ocurri\u00f3 cuando varios vecinos llamaron a la\u00a0l\u00ednea de emergencias\u00a0911, quienes alertaron [&hellip;]<\/p>\n","protected":false},"author":2,"featured_media":15503,"comment_status":"open","ping_status":"open","sticky":false,"template":"","format":"standard","meta":[],"categories":[48],"tags":[],"_links":{"self":[{"href":"https:\/\/pasaenmendoza.com\/index.php?rest_route=\/wp\/v2\/posts\/15502"}],"collection":[{"href":"https:\/\/pasaenmendoza.com\/index.php?rest_route=\/wp\/v2\/posts"}],"about":[{"href":"https:\/\/pasaenmendoza.com\/index.php?rest_route=\/wp\/v2\/types\/post"}],"author":[{"embeddable":true,"href":"https:\/\/pasaenmendoza.com\/index.php?rest_route=\/wp\/v2\/users\/2"}],"replies":[{"embeddable":true,"href":"https:\/\/pasaenmendoza.com\/index.php?rest_route=%2Fwp%2Fv2%2Fcomments&post=15502"}],"version-history":[{"count":1,"href":"https:\/\/pasaenmendoza.com\/index.php?rest_route=\/wp\/v2\/posts\/15502\/revisions"}],"predecessor-version":[{"id":15504,"href":"https:\/\/pasaenmendoza.com\/index.php?rest_route=\/wp\/v2\/posts\/15502\/revisions\/15504"}],"wp:featuredmedia":[{"embeddable":true,"href":"https:\/\/pasaenmendoza.com\/index.php?rest_route=\/wp\/v2\/media\/15503"}],"wp:attachment":[{"href":"https:\/\/pasaenmendoza.com\/index.php?rest_route=%2Fwp%2Fv2%2Fmedia&parent=15502"}],"wp:term":[{"taxonomy":"category","embeddable":true,"href":"https:\/\/pasaenmendoza.com\/index.php?rest_route=%2Fwp%2Fv2%2Fcategories&post=15502"},{"taxonomy":"post_tag","embeddable":true,"href":"https:\/\/pasaenmendoza.com\/index.php?rest_route=%2Fwp%2Fv2%2Ftags&post=15502"}],"curies":[{"name":"wp","href":"https:\/\/api.w.org\/{rel}","templated":true}]}}