{"id":15509,"date":"2025-10-30T23:05:41","date_gmt":"2025-10-30T22:05:41","guid":{"rendered":"https:\/\/pasaenmendoza.com\/?p=15509"},"modified":"2025-10-30T23:10:14","modified_gmt":"2025-10-30T22:10:14","slug":"un-nuevo-barrio-nacera-en-godoy-cruz-asi-sera-el-desarrollo-en-la-exbodega-campana","status":"publish","type":"post","link":"https:\/\/pasaenmendoza.com\/?p=15509","title":{"rendered":"Un nuevo barrio nacer\u00e1 en Godoy Cruz: as\u00ed ser\u00e1 el desarrollo en la exBodega Campana"},"content":{"rendered":"\n<p><strong>La<\/strong>&nbsp;<strong>Municipalidad de Godoy Cruz<\/strong>&nbsp;avanza a paso firme con la&nbsp;<strong>recuperaci\u00f3n del predio de la exBodega Campana<\/strong>, un espacio que permaneci\u00f3 en&nbsp;<strong>abandono por m\u00e1s de 60 a\u00f1os<\/strong>&nbsp;y que ahora comienza a transformarse en una&nbsp;<strong>zona activa, segura y planificada<\/strong>.<\/p>\n\n\n\n<p>Con una&nbsp;<strong>superficie total de 37.000 m\u00b2<\/strong>, el desarrollo fue posible gracias a un&nbsp;<strong>convenio p\u00fablico-privado<\/strong>&nbsp;que permitir\u00e1 destinar&nbsp;<strong>3.000 m\u00b2 a&nbsp;viviendas&nbsp;sociales<\/strong>&nbsp;y&nbsp;<strong>4.000 m\u00b2 a la apertura de calles y conectividad urbana<\/strong>. Seg\u00fan explicaron desde el municipio, estas&nbsp;<strong>inversiones<\/strong>&nbsp;consolidar\u00e1n un&nbsp;<strong>crecimiento urbano ordenado<\/strong>&nbsp;en un sector clave del departamento.<\/p>\n\n\n\n<p>Durante una&nbsp;<strong>recorrida por el predio<\/strong>, el&nbsp;<strong>intendente Diego Costarelli<\/strong>&nbsp;anunci\u00f3 la construcci\u00f3n del&nbsp;<strong>complejo habitacional Constituyentes III<\/strong>, que ofrecer\u00e1&nbsp;<strong>soluciones habitacionales reales<\/strong>&nbsp;para familias de la zona.<\/p>\n\n\n\n<blockquote class=\"wp-block-quote\">\n<p>\u201cEstamos avanzando con proyectos que generan m\u00e1s oportunidades para las familias de Godoy Cruz.&nbsp;<strong>Constituyentes III<\/strong>&nbsp;va a ofrecer&nbsp;<strong>soluciones habitacionales reales<\/strong>&nbsp;en un lugar que durante d\u00e9cadas estuvo olvidado\u201d, destac\u00f3 el jefe comunal.<\/p>\n<\/blockquote>\n\n\n\n<p>El nuevo&nbsp;<strong>desarrollo urbano<\/strong>&nbsp;permitir\u00e1 que m\u00e1s&nbsp;<strong>vecinos accedan al derecho a la vivienda<\/strong>, integrando plenamente este espacio a la&nbsp;<strong>trama urbana<\/strong>&nbsp;de&nbsp;<strong>Godoy Cruz<\/strong>.<\/p>\n\n\n\n<h3 class=\"wp-block-heading\"><strong>Obras que mejoran la conectividad<\/strong><\/h3>\n\n\n\n<p>Las&nbsp;<strong>obras municipales<\/strong>&nbsp;ya ejecutadas y en marcha contemplan la&nbsp;<strong>apertura de las calles Azul y Matheu<\/strong>, la instalaci\u00f3n de&nbsp;<strong>nueva iluminaci\u00f3n LED<\/strong>,&nbsp;<strong>red el\u00e9ctrica<\/strong>,&nbsp;<strong>cloacas<\/strong>,&nbsp;<strong>acequias<\/strong>,&nbsp;<strong>banquinas<\/strong>,&nbsp;<strong>veredas<\/strong>&nbsp;y&nbsp;<strong>carpeta asf\u00e1ltica<\/strong>.<\/p>\n\n\n\n<p>Estas intervenciones posibilitar\u00e1n una&nbsp;<strong>mayor vinculaci\u00f3n<\/strong>&nbsp;entre los barrios&nbsp;<strong>Plan Agua y Energ\u00eda IV<\/strong>,&nbsp;<strong>Corredor Urbano I<\/strong>,&nbsp;<strong>Soeva&nbsp;Maip\u00fa<\/strong>,&nbsp;<strong>La Perla<\/strong>&nbsp;y&nbsp;<strong>Covimet I, II y III<\/strong>. Adem\u00e1s, contribuir\u00e1n a&nbsp;<strong>descomprimir el tr\u00e1nsito del carril Sarmiento<\/strong>, al generar un&nbsp;<strong>acceso alternativo hacia Valle Grande<\/strong>.<\/p>\n\n\n\n<h3 class=\"wp-block-heading\"><strong>Un desarrollo integral con proyecci\u00f3n comercial y comunitaria<\/strong><\/h3>\n\n\n\n<p>El proyecto incluye la&nbsp;<strong>construcci\u00f3n de \u00e1reas comerciales y de servicios<\/strong>, adem\u00e1s de&nbsp;<strong>espacios verdes y recreativos<\/strong>&nbsp;y una&nbsp;<strong>nueva urbanizaci\u00f3n con equipamiento comunitario<\/strong>.<\/p>\n\n\n\n<blockquote class=\"wp-block-quote\">\n<p>\u201cEste tipo de iniciativas muestra los beneficios de trabajar juntos: el Estado garantizando el ordenamiento y los servicios, y el sector privado generando desarrollo y empleo\u201d, afirm\u00f3 Costarelli.<\/p>\n<\/blockquote>\n\n\n\n<p><strong>Fuente: www.diariomendoza.com.ar<\/strong><\/p>\n","protected":false},"excerpt":{"rendered":"<p>La&nbsp;Municipalidad de Godoy Cruz&nbsp;avanza a paso firme con la&nbsp;recuperaci\u00f3n del predio de la exBodega Campana, un espacio que permaneci\u00f3 en&nbsp;abandono por m\u00e1s de 60 a\u00f1os&nbsp;y que ahora comienza a transformarse en una&nbsp;zona activa, segura y planificada. Con una&nbsp;superficie total de 37.000 m\u00b2, el desarrollo fue posible gracias a un&nbsp;convenio p\u00fablico-privado&nbsp;que permitir\u00e1 destinar&nbsp;3.000 m\u00b2 a&nbsp;viviendas&nbsp;sociales&nbsp;y&nbsp;4.000 m\u00b2 [&hellip;]<\/p>\n","protected":false},"author":2,"featured_media":15511,"comment_status":"open","ping_status":"open","sticky":false,"template":"","format":"standard","meta":[],"categories":[69],"tags":[],"_links":{"self":[{"href":"https:\/\/pasaenmendoza.com\/index.php?rest_route=\/wp\/v2\/posts\/15509"}],"collection":[{"href":"https:\/\/pasaenmendoza.com\/index.php?rest_route=\/wp\/v2\/posts"}],"about":[{"href":"https:\/\/pasaenmendoza.com\/index.php?rest_route=\/wp\/v2\/types\/post"}],"author":[{"embeddable":true,"href":"https:\/\/pasaenmendoza.com\/index.php?rest_route=\/wp\/v2\/users\/2"}],"replies":[{"embeddable":true,"href":"https:\/\/pasaenmendoza.com\/index.php?rest_route=%2Fwp%2Fv2%2Fcomments&post=15509"}],"version-history":[{"count":2,"href":"https:\/\/pasaenmendoza.com\/index.php?rest_route=\/wp\/v2\/posts\/15509\/revisions"}],"predecessor-version":[{"id":15512,"href":"https:\/\/pasaenmendoza.com\/index.php?rest_route=\/wp\/v2\/posts\/15509\/revisions\/15512"}],"wp:featuredmedia":[{"embeddable":true,"href":"https:\/\/pasaenmendoza.com\/index.php?rest_route=\/wp\/v2\/media\/15511"}],"wp:attachment":[{"href":"https:\/\/pasaenmendoza.com\/index.php?rest_route=%2Fwp%2Fv2%2Fmedia&parent=15509"}],"wp:term":[{"taxonomy":"category","embeddable":true,"href":"https:\/\/pasaenmendoza.com\/index.php?rest_route=%2Fwp%2Fv2%2Fcategories&post=15509"},{"taxonomy":"post_tag","embeddable":true,"href":"https:\/\/pasaenmendoza.com\/index.php?rest_route=%2Fwp%2Fv2%2Ftags&post=15509"}],"curies":[{"name":"wp","href":"https:\/\/api.w.org\/{rel}","templated":true}]}}