{"id":15516,"date":"2025-10-30T23:16:45","date_gmt":"2025-10-30T22:16:45","guid":{"rendered":"https:\/\/pasaenmendoza.com\/?p=15516"},"modified":"2025-10-30T23:16:46","modified_gmt":"2025-10-30T22:16:46","slug":"el-lado-b-de-las-elecciones-el-peronismo-se-impuso-por-amplio-margen-entre-los-presos-mendocinos","status":"publish","type":"post","link":"https:\/\/pasaenmendoza.com\/?p=15516","title":{"rendered":"El lado B de las elecciones: el peronismo se impuso por amplio margen entre los presos mendocinos"},"content":{"rendered":"\n<p>Los\u00a0<strong>resultados<\/strong>\u00a0de las\u00a0<strong>elecciones<\/strong>\u00a0legislativas del domingo pasado entre las personas privadas de libertad de Mendoza dejaron una clara tendencia: el\u00a0<strong>peronismo<\/strong>\u00a0fue la fuerza m\u00e1s votada por amplio margen. Seg\u00fan los datos oficiales de la C\u00e1mara Nacional Electoral, el espacio obtuvo\u00a0<strong>543 votos\u00a0<\/strong>(m\u00e1s del 40%), una diferencia amplia frente al resto de las agrupaciones pol\u00edticas.<\/p>\n\n\n\n<p>En las\u00a0<strong>c\u00e1rceles<\/strong>\u00a0de la provincia, los internos tuvieron la oportunidad de participar activamente en el proceso electoral del 26 de octubre. La jornada se desarroll\u00f3 bajo estrictas medidas de control, garantizando el derecho al sufragio en un contexto particular. En este escenario, las urnas reflejaron un mapa pol\u00edtico diferente al observado en el electorado general mendocino.<\/p>\n\n\n\n<p>El&nbsp;<strong>Frente de Izquierda y de los Trabajadores<\/strong>&nbsp;se posicion\u00f3 como la segunda fuerza m\u00e1s votada entre los presos con&nbsp;<strong>172 votos&nbsp;<\/strong>(12%), mostrando un crecimiento sostenido dentro de los establecimientos penitenciarios. Muy cerca, la&nbsp;<strong>Alianza La Libertad Avanza<\/strong>&nbsp;obtuvo&nbsp;<strong>169 votos&nbsp;<\/strong>(12%), confirmando que tambi\u00e9n logr\u00f3 captar parte del electorado carcelario.<\/p>\n\n\n\n<figure class=\"wp-block-image\" id=\"1839490-Libre-18083925_wrap\"><img decoding=\"async\" src=\"https:\/\/media.mdzol.com\/p\/47389613a4d6a9292db0e6f7af0c236f\/adjuntos\/373\/imagenes\/001\/834\/0001834055\/760x0\/smart\/whatsapp-image-2025-10-30-at-40356-pm.jpeg\" alt=\"El peronismo se impuso entre los presos mendocinos\" title=\"El peronismo se impuso entre los presos mendocinos\"\/><figcaption class=\"wp-element-caption\">El peronismo se impuso entre los presos mendocinos<\/figcaption><\/figure>\n\n\n\n<p>Otras agrupaciones tambi\u00e9n marcaron presencia en estas&nbsp;<strong>elecciones<\/strong>. El&nbsp;<strong>Frente Verde<\/strong>&nbsp;consigui\u00f3&nbsp;<strong>158 votos<\/strong>, seguido del&nbsp;<strong>Frente Libertario Dem\u00f3crata<\/strong>, que alcanz\u00f3&nbsp;<strong>89 sufragios<\/strong>. M\u00e1s atr\u00e1s quedaron la&nbsp;<strong>Alianza Defendamos Mendoza \u2013 Provincias Unidas<\/strong>&nbsp;con&nbsp;<strong>72 votos<\/strong>, el partido&nbsp;<strong>Protectora<\/strong>&nbsp;con&nbsp;<strong>30<\/strong>&nbsp;y el&nbsp;<strong>Movimiento al Socialismo<\/strong>, que sum\u00f3&nbsp;<strong>18<\/strong>.<\/p>\n\n\n\n<p><strong>Fuente: www.mdzol.com<\/strong><\/p>\n","protected":false},"excerpt":{"rendered":"<p>Los\u00a0resultados\u00a0de las\u00a0elecciones\u00a0legislativas del domingo pasado entre las personas privadas de libertad de Mendoza dejaron una clara tendencia: el\u00a0peronismo\u00a0fue la fuerza m\u00e1s votada por amplio margen. Seg\u00fan los datos oficiales de la C\u00e1mara Nacional Electoral, el espacio obtuvo\u00a0543 votos\u00a0(m\u00e1s del 40%), una diferencia amplia frente al resto de las agrupaciones pol\u00edticas. En las\u00a0c\u00e1rceles\u00a0de la provincia, los [&hellip;]<\/p>\n","protected":false},"author":2,"featured_media":15517,"comment_status":"open","ping_status":"open","sticky":false,"template":"","format":"standard","meta":[],"categories":[47],"tags":[],"_links":{"self":[{"href":"https:\/\/pasaenmendoza.com\/index.php?rest_route=\/wp\/v2\/posts\/15516"}],"collection":[{"href":"https:\/\/pasaenmendoza.com\/index.php?rest_route=\/wp\/v2\/posts"}],"about":[{"href":"https:\/\/pasaenmendoza.com\/index.php?rest_route=\/wp\/v2\/types\/post"}],"author":[{"embeddable":true,"href":"https:\/\/pasaenmendoza.com\/index.php?rest_route=\/wp\/v2\/users\/2"}],"replies":[{"embeddable":true,"href":"https:\/\/pasaenmendoza.com\/index.php?rest_route=%2Fwp%2Fv2%2Fcomments&post=15516"}],"version-history":[{"count":1,"href":"https:\/\/pasaenmendoza.com\/index.php?rest_route=\/wp\/v2\/posts\/15516\/revisions"}],"predecessor-version":[{"id":15518,"href":"https:\/\/pasaenmendoza.com\/index.php?rest_route=\/wp\/v2\/posts\/15516\/revisions\/15518"}],"wp:featuredmedia":[{"embeddable":true,"href":"https:\/\/pasaenmendoza.com\/index.php?rest_route=\/wp\/v2\/media\/15517"}],"wp:attachment":[{"href":"https:\/\/pasaenmendoza.com\/index.php?rest_route=%2Fwp%2Fv2%2Fmedia&parent=15516"}],"wp:term":[{"taxonomy":"category","embeddable":true,"href":"https:\/\/pasaenmendoza.com\/index.php?rest_route=%2Fwp%2Fv2%2Fcategories&post=15516"},{"taxonomy":"post_tag","embeddable":true,"href":"https:\/\/pasaenmendoza.com\/index.php?rest_route=%2Fwp%2Fv2%2Ftags&post=15516"}],"curies":[{"name":"wp","href":"https:\/\/api.w.org\/{rel}","templated":true}]}}