{"id":15519,"date":"2025-10-31T23:36:52","date_gmt":"2025-10-31T22:36:52","guid":{"rendered":"https:\/\/pasaenmendoza.com\/?p=15519"},"modified":"2025-10-31T23:36:53","modified_gmt":"2025-10-31T22:36:53","slug":"tras-el-triunfo-en-las-urnas-cornejo-emprendio-una-gira-para-posicionar-vinos-y-el-petroleo-de-mendoza","status":"publish","type":"post","link":"https:\/\/pasaenmendoza.com\/?p=15519","title":{"rendered":"Tras el triunfo en las urnas, Cornejo emprendi\u00f3 una gira para posicionar vinos y el petr\u00f3leo de Mendoza"},"content":{"rendered":"\n<p>El gobernador<strong><a rel=\"noreferrer noopener\" href=\"https:\/\/www.diariouno.com.ar\/tags\/alfredo-cornejo\" target=\"_blank\">\u00a0<\/a>Alfredo Cornejo\u00a0<\/strong>emprendi\u00f3 una gira internacional a Europa y a\u00a0<strong>Emiratos \u00c1rabes<\/strong>, en donde asistir\u00e1 a eventos para posicionar el vino mendocino, el petr\u00f3leo y el gas. Desde su gobierno, lo acompa\u00f1a parte del equipo del Emetur y la ministra de Energ\u00eda y Ambiente, Jimena Latorre.<\/p>\n\n\n\n<p><strong>Cornejo<\/strong>\u00a0viene de una semana agitada: el triunfo electoral del domingo y luego, la presentaci\u00f3n de la\u00a0<strong>Declaraci\u00f3n de Impacto Ambiental\u00a0<\/strong>de PSJ Cobre Mendocino -que ya ingres\u00f3 a la Legislatura- y una serie de\u00a0iniciativas mineras\u00a0que apuntan a entrar en una etapa m\u00e1s madura para el sector en la provincia.<\/p>\n\n\n\n<p>Y ahora el\u00a0<strong>viaje<\/strong>. La vicegobernadora<strong>\u00a0Hebe Casado<\/strong>\u00a0confi\u00f3 los detalles de este viaje del gobernador en una misi\u00f3n que busca abrir mercados para dos de las actividades m\u00e1s importantes de la econom\u00eda: el vino y la energ\u00eda.<\/p>\n\n\n\n<h2 class=\"wp-block-heading\">Conferencia Anual de la Red Global de Grandes Capitales del Vino, en Burdeos<\/h2>\n\n\n\n<p>El gobernador Cornejo ya se encuentra en Francia en la Conferencia Anual de la&nbsp;<strong>Red Global de Grandes Capitales del Vino,<\/strong>&nbsp;en&nbsp;<strong>Burdeos<\/strong>, junto a la directora de Promoci\u00f3n Tur\u00edstica del Ente, Cristina Mengarelli.<\/p>\n\n\n\n<p>El evento se desarrollar\u00e1 del el 2 y el 6 de noviembre y celebrar\u00e1 el 25\u00b0 aniversario de la red internacional que nuclea a doce ciudades referentes del&nbsp;<strong>vino<\/strong>&nbsp;y el<strong>&nbsp;turismo<\/strong>.<\/p>\n\n\n\n<p>Para potenciar y dar a conocer los productos de la industria madre de&nbsp;<strong>Mendoza<\/strong>, la provincia participar\u00e1 con un stand, el que tambi\u00e9n estar\u00e1 integrado por ProMendoza.<\/p>\n\n\n\n<h2 class=\"wp-block-heading\">Emiratos \u00c1rabes y la Exposici\u00f3n y Conferencia Internacional de Petr\u00f3leo<\/h2>\n\n\n\n<p>La hoja de ruta contin\u00faa en&nbsp;<strong>Abu Dabi,<\/strong>&nbsp;en donde el mandatario provincial asistir\u00e1 a la&nbsp;<strong>Exposici\u00f3n y Conferencia Internacional de Petr\u00f3leo (Adipec)<\/strong>&nbsp;junto con Latorre.<\/p>\n\n\n\n<p>Emiratos \u00c1rabes es la meca del\u00a0<strong>petr\u00f3leo<\/strong>\u00a0y cada a\u00f1o asisten miles de asistentes y las empresas l\u00edderes del sector, como es el caso de YPF, en una reciente alianza con ENI.<\/p>\n\n\n\n<p>All\u00ed se exhibir\u00e1n los proyectos vinculados al Gas Natural Licuado (GNL) y al petr\u00f3leo no convencional en&nbsp;<strong>Vaca Muerta<\/strong>.<\/p>\n\n\n\n<p>En esa direcci\u00f3n, Mendoza busca consolidar su\u00a0<strong>perfil petrolero<\/strong>\u00a0y mostrar las oportunidades de exploraci\u00f3n y explotaci\u00f3n con estrategias definidas para la atracci\u00f3n de inversiones.<\/p>\n\n\n\n<p><strong>Fuente: www.diariouno.com.ar<\/strong><\/p>\n","protected":false},"excerpt":{"rendered":"<p>El gobernador\u00a0Alfredo Cornejo\u00a0emprendi\u00f3 una gira internacional a Europa y a\u00a0Emiratos \u00c1rabes, en donde asistir\u00e1 a eventos para posicionar el vino mendocino, el petr\u00f3leo y el gas. Desde su gobierno, lo acompa\u00f1a parte del equipo del Emetur y la ministra de Energ\u00eda y Ambiente, Jimena Latorre. Cornejo\u00a0viene de una semana agitada: el triunfo electoral del domingo [&hellip;]<\/p>\n","protected":false},"author":2,"featured_media":15520,"comment_status":"open","ping_status":"open","sticky":false,"template":"","format":"standard","meta":[],"categories":[47],"tags":[],"_links":{"self":[{"href":"https:\/\/pasaenmendoza.com\/index.php?rest_route=\/wp\/v2\/posts\/15519"}],"collection":[{"href":"https:\/\/pasaenmendoza.com\/index.php?rest_route=\/wp\/v2\/posts"}],"about":[{"href":"https:\/\/pasaenmendoza.com\/index.php?rest_route=\/wp\/v2\/types\/post"}],"author":[{"embeddable":true,"href":"https:\/\/pasaenmendoza.com\/index.php?rest_route=\/wp\/v2\/users\/2"}],"replies":[{"embeddable":true,"href":"https:\/\/pasaenmendoza.com\/index.php?rest_route=%2Fwp%2Fv2%2Fcomments&post=15519"}],"version-history":[{"count":1,"href":"https:\/\/pasaenmendoza.com\/index.php?rest_route=\/wp\/v2\/posts\/15519\/revisions"}],"predecessor-version":[{"id":15521,"href":"https:\/\/pasaenmendoza.com\/index.php?rest_route=\/wp\/v2\/posts\/15519\/revisions\/15521"}],"wp:featuredmedia":[{"embeddable":true,"href":"https:\/\/pasaenmendoza.com\/index.php?rest_route=\/wp\/v2\/media\/15520"}],"wp:attachment":[{"href":"https:\/\/pasaenmendoza.com\/index.php?rest_route=%2Fwp%2Fv2%2Fmedia&parent=15519"}],"wp:term":[{"taxonomy":"category","embeddable":true,"href":"https:\/\/pasaenmendoza.com\/index.php?rest_route=%2Fwp%2Fv2%2Fcategories&post=15519"},{"taxonomy":"post_tag","embeddable":true,"href":"https:\/\/pasaenmendoza.com\/index.php?rest_route=%2Fwp%2Fv2%2Ftags&post=15519"}],"curies":[{"name":"wp","href":"https:\/\/api.w.org\/{rel}","templated":true}]}}