{"id":15528,"date":"2025-10-31T23:52:12","date_gmt":"2025-10-31T22:52:12","guid":{"rendered":"https:\/\/pasaenmendoza.com\/?p=15528"},"modified":"2025-10-31T23:52:13","modified_gmt":"2025-10-31T22:52:13","slug":"la-dge-anuncio-el-cronograma-de-inscripcion-para-escuelas-de-educacion-especial","status":"publish","type":"post","link":"https:\/\/pasaenmendoza.com\/?p=15528","title":{"rendered":"La DGE anunci\u00f3 el cronograma de inscripci\u00f3n para escuelas de educaci\u00f3n especial"},"content":{"rendered":"\n<p>La\u00a0<strong>DGE<\/strong>\u00a0difundi\u00f3 los\u00a0<strong>lineamientos oficiales<\/strong>\u00a0sobre la\u00a0<strong>documentaci\u00f3n requerida<\/strong>\u00a0y las\u00a0<strong>instancias de inscripci\u00f3n<\/strong>\u00a0para las familias interesadas en matricular a sus hijos en estas modalidades.<\/p>\n\n\n\n<p>Entre los\u00a0<strong>requisitos<\/strong>\u00a0se solicita la presentaci\u00f3n del\u00a0<strong>DNI original y copia<\/strong>, la\u00a0<strong>partida de nacimiento<\/strong>, el\u00a0<strong>Certificado \u00danico de\u00a0Discapacidad\u00a0(CUD)<\/strong>, y el\u00a0<strong>DNI del progenitor o adulto responsable<\/strong>. Adem\u00e1s, se deber\u00e1 acreditar la\u00a0<strong>cercan\u00eda del domicilio<\/strong>\u00a0a la instituci\u00f3n educativa mediante\u00a0<strong>DNI, contrato de alquiler, certificado laboral o facturas de servicio<\/strong>.<\/p>\n\n\n\n<p>Las&nbsp;<strong>inscripciones presenciales<\/strong>&nbsp;se realizar\u00e1n seg\u00fan el siguiente&nbsp;<strong>cronograma<\/strong>:<\/p>\n\n\n\n<ul>\n<li><strong>Nuevos postulantes a escuelas primarias modalidad Especial:<\/strong>&nbsp;del&nbsp;<strong>10 al 14 de noviembre<\/strong>, de&nbsp;<strong>9 a 13 horas<\/strong>, directamente en la instituci\u00f3n.<\/li>\n\n\n\n<li><strong>Nuevos postulantes a escuelas de\u00a0Educaci\u00f3n\u00a0Integral:<\/strong>\u00a0del\u00a0<strong>10 al 14 de noviembre<\/strong>, en el horario que disponga cada escuela.<\/li>\n<\/ul>\n\n\n\n<p><strong>Estudiantes que ya cursan en la instituci\u00f3n:<\/strong>\u00a0las\u00a0<strong>actualizaciones de inscripci\u00f3n<\/strong>\u00a0se llevar\u00e1n a cabo del\u00a0<strong>26 al 28 de noviembre<\/strong>, tanto en\u00a0<strong>escuelas de Educaci\u00f3n Especial<\/strong>\u00a0como en\u00a0<strong>Educaci\u00f3n Integral<\/strong>.<\/p>\n\n\n\n<p><strong>Fuente: www.diariomendoza.com.ar<\/strong><\/p>\n","protected":false},"excerpt":{"rendered":"<p>La\u00a0DGE\u00a0difundi\u00f3 los\u00a0lineamientos oficiales\u00a0sobre la\u00a0documentaci\u00f3n requerida\u00a0y las\u00a0instancias de inscripci\u00f3n\u00a0para las familias interesadas en matricular a sus hijos en estas modalidades. Entre los\u00a0requisitos\u00a0se solicita la presentaci\u00f3n del\u00a0DNI original y copia, la\u00a0partida de nacimiento, el\u00a0Certificado \u00danico de\u00a0Discapacidad\u00a0(CUD), y el\u00a0DNI del progenitor o adulto responsable. Adem\u00e1s, se deber\u00e1 acreditar la\u00a0cercan\u00eda del domicilio\u00a0a la instituci\u00f3n educativa mediante\u00a0DNI, contrato de alquiler, [&hellip;]<\/p>\n","protected":false},"author":2,"featured_media":15529,"comment_status":"open","ping_status":"open","sticky":false,"template":"","format":"standard","meta":[],"categories":[121],"tags":[],"_links":{"self":[{"href":"https:\/\/pasaenmendoza.com\/index.php?rest_route=\/wp\/v2\/posts\/15528"}],"collection":[{"href":"https:\/\/pasaenmendoza.com\/index.php?rest_route=\/wp\/v2\/posts"}],"about":[{"href":"https:\/\/pasaenmendoza.com\/index.php?rest_route=\/wp\/v2\/types\/post"}],"author":[{"embeddable":true,"href":"https:\/\/pasaenmendoza.com\/index.php?rest_route=\/wp\/v2\/users\/2"}],"replies":[{"embeddable":true,"href":"https:\/\/pasaenmendoza.com\/index.php?rest_route=%2Fwp%2Fv2%2Fcomments&post=15528"}],"version-history":[{"count":1,"href":"https:\/\/pasaenmendoza.com\/index.php?rest_route=\/wp\/v2\/posts\/15528\/revisions"}],"predecessor-version":[{"id":15530,"href":"https:\/\/pasaenmendoza.com\/index.php?rest_route=\/wp\/v2\/posts\/15528\/revisions\/15530"}],"wp:featuredmedia":[{"embeddable":true,"href":"https:\/\/pasaenmendoza.com\/index.php?rest_route=\/wp\/v2\/media\/15529"}],"wp:attachment":[{"href":"https:\/\/pasaenmendoza.com\/index.php?rest_route=%2Fwp%2Fv2%2Fmedia&parent=15528"}],"wp:term":[{"taxonomy":"category","embeddable":true,"href":"https:\/\/pasaenmendoza.com\/index.php?rest_route=%2Fwp%2Fv2%2Fcategories&post=15528"},{"taxonomy":"post_tag","embeddable":true,"href":"https:\/\/pasaenmendoza.com\/index.php?rest_route=%2Fwp%2Fv2%2Ftags&post=15528"}],"curies":[{"name":"wp","href":"https:\/\/api.w.org\/{rel}","templated":true}]}}