{"id":15531,"date":"2025-11-03T21:05:47","date_gmt":"2025-11-03T20:05:47","guid":{"rendered":"https:\/\/pasaenmendoza.com\/?p=15531"},"modified":"2025-11-03T21:05:58","modified_gmt":"2025-11-03T20:05:58","slug":"por-que-el-cobre-se-dispara-y-se-posiciona-como-el-mineral-estrella-de-mendoza","status":"publish","type":"post","link":"https:\/\/pasaenmendoza.com\/?p=15531","title":{"rendered":"Por qu\u00e9 el cobre se dispara y se posiciona como el &#8220;mineral estrella&#8221; de Mendoza"},"content":{"rendered":"\n<p>En medio de la Argentina Mining que, despu\u00e9s de 17 a\u00f1os, se celebraba nuevamente en Mendoza, el\u00a0<strong>precio del\u00a0cobre<\/strong>\u00a0alcanzaba un valor hist\u00f3rico de 11.200 d\u00f3lares por tonelada m\u00e9trica en la Bolsa de Metales de Londres \u2013 la London Metal Exchange-.<\/p>\n\n\n\n<p>Esta suba, sostenida en el \u00faltimo tiempo, no hizo m\u00e1s que ratificar que el&nbsp;<strong>cobre<\/strong>&nbsp;se posiciona como el&nbsp;<strong>\u201cmineral estrella\u201d<\/strong>&nbsp;de los pr\u00f3ximos a\u00f1os. Y, con ello, a enfocar las miradas globales en Argentina, el pa\u00eds de la regi\u00f3n con mayor potencial de exportaci\u00f3n de cobre; dado que, actualmente, apenas exporta unos 3 millones de d\u00f3lares anuales, pero cuenta con 18 proyectos avanzados.<\/p>\n\n\n\n<p>El m\u00e1s pr\u00f3ximo a explotar es\u00a0<strong>PSJ Cobre Mendocino<\/strong>, proyecto minero ubicado en Uspallata, Mendoza, que ya obtuvo Declaraci\u00f3n de Impacto Ambiental y espera por la ratificaci\u00f3n legislativa de la misma para avanzar en la factibilidad.<\/p>\n\n\n\n<h2 class=\"wp-block-heading\">Por qu\u00e9 sube el precio del cobre<\/h2>\n\n\n\n<p>Por una combinaci\u00f3n de factores estructurales y coyunturales. Globalmente, el&nbsp;<strong>cobre<\/strong>&nbsp;no es el \u00fanico metal cuyo precio est\u00e1 en alza.<\/p>\n\n\n\n<p>Seg\u00fan explic\u00f3 el CFO de\u00a0<strong>Impulsa Mendoza<\/strong>, Sebasti\u00e1n Pi\u00f1a, las tasas de inter\u00e9s en Estados Unidos est\u00e1n a la baja, lo que tiende a debilitar el d\u00f3lar y los bonos y a fortalecer el precio de los metales. Los inversores miran a los commodities como un refugio de valor y eso empuja el\u00a0<strong>precio del oro<\/strong>, del uranio, de la plata y, tambi\u00e9n, del\u00a0<strong>cobre<\/strong>.<\/p>\n\n\n\n<p>\u201cAdem\u00e1s, Bancos Centrales -como el de China, el de Polonia o el de Turqu\u00eda- han a\u00f1adido oro a sus reservas de forma sostenida, en los \u00faltimos a\u00f1os, y eso genera un&nbsp;<strong>efecto contagio<\/strong>\u201d, se\u00f1al\u00f3 el director financiero de la empresa p\u00fablica encargada de atraer&nbsp;<strong>inversiones mineras<\/strong>&nbsp;en Mendoza.<\/p>\n\n\n\n<p>Ahora bien, particularmente en el caso del cobre, hay una<strong><\/strong><strong>&nbsp;brecha creciente entre la oferta disponible y la demanda proyectada<\/strong>, impulsada sobre todo por la<strong>&nbsp;transici\u00f3n energ\u00e9tica.<\/strong><\/p>\n\n\n\n<p>El\u00a0<strong>cobre<\/strong>\u00a0es el metal necesario para la electrificaci\u00f3n. Lo vemos en las bater\u00edas, en los parques solares, en los parques e\u00f3licos, en la expansi\u00f3n de las redes el\u00e9ctricas y en los autos el\u00e9ctricos. \u201cEse tipo de veh\u00edculos no solo tienen m\u00e1s cobre en su producci\u00f3n, sino que, para funcionar, necesitan de la transportaci\u00f3n de energ\u00eda limpia. Por lo tanto, hay mayor demanda global de\u00a0<strong>generaci\u00f3n de energ\u00eda<\/strong>\u201d.<\/p>\n\n\n\n<p>Una transici\u00f3n energ\u00e9tica que, adem\u00e1s, \u201ces incentivada por acuerdos internacionales que te llevan al uso de energ\u00edas limpias\u201d, lo que hace que la&nbsp;<strong>demanda de cobre<\/strong>&nbsp;aumente en escala superior a la capacidad actual de producci\u00f3n y refinaci\u00f3n del metal.<\/p>\n\n\n\n<p>De hecho, la situaci\u00f3n en China \u2014principal polo refinador\u2014 es un term\u00f3metro del desequilibrio. Seg\u00fan detalla&nbsp;<strong>Sebasti\u00e1n Pi\u00f1a<\/strong>, la necesidad de&nbsp;<strong>cobre<\/strong>&nbsp;de las refinadoras es tan cr\u00edtica que ya no cobran a las exportadoras por el servicio de refinar el metal, sino que llegan a pagar una prima para &#8220;apurar&#8221; la producci\u00f3n y poder cumplir con los pedidos de sus clientes.<\/p>\n\n\n\n<p>La&nbsp;<strong>oferta de cobre<\/strong>&nbsp;escasea a nivel mundial por varios motivos. Incluso, hay gigantes como las automotrices \u2013fuertes demandantes del metal- que se est\u00e1n asociando a proyectos mineros para asegurarse la producci\u00f3n.<\/p>\n\n\n\n<p>\u201cNo es f\u00e1cil tener m\u00e1s&nbsp;<strong>cobre<\/strong>&nbsp;de la noche a la ma\u00f1ana cuando de la exploraci\u00f3n a la explotaci\u00f3n pasan al menos 12 a\u00f1os\u201d, grafica el CFO de Impulsa.<\/p>\n\n\n\n<p>Y a esa variable tiempo se a\u00f1ade el creciente costo de la b\u00fasqueda de nuevas reservas. Si &#8220;hay mucho cobre descubierto&#8221; en superficie, las nuevas exploraciones deben ser m\u00e1s exhaustivas, lo que inevitablemente se traduce en una inversi\u00f3n mucho mayor para las&nbsp;<strong>compa\u00f1\u00edas mineras<\/strong>.<\/p>\n\n\n\n<p>Actualmente, los principales exportadores de&nbsp;<strong>cobre<\/strong>&nbsp;se encuentran en Chile, Per\u00fa, \u00c1frica y, en menor medida, en M\u00e9xico. Y son pocos los nuevos&nbsp;<strong>proyectos de cobre<\/strong>&nbsp;en el mundo que est\u00e9n en condiciones de entrar en producci\u00f3n en el corto plazo.<\/p>\n\n\n\n<p>En ese escenario, los proyectos que est\u00e1n avanzando en Argentina ganan relevancia estrat\u00e9gica porque podr\u00edan aportar parte de ese&nbsp;<strong>cobre<\/strong>&nbsp;que el mundo va a necesitar.<\/p>\n\n\n\n<p>La mayor expectativa hoy est\u00e1 puesta en Los Azules en San Juan. Y en menor medida, pero m\u00e1s que nada por la proximidad de la explotaci\u00f3n, en&nbsp;<strong>PSJ Cobre Mendocino<\/strong>.<\/p>\n\n\n\n<p>Es que el&nbsp;<strong>proyecto minero de San Jorge<\/strong>&nbsp;podr\u00eda ser el primero del pa\u00eds en entrar en producci\u00f3n. Sin embargo, se trata de un proyecto moderado, que proyecta una producci\u00f3n promedio de unas 40.000 toneladas por a\u00f1o.<\/p>\n\n\n\n<p>Para dar cuenta del tama\u00f1o medio del mismo, la producci\u00f3n que proyecta&nbsp;<strong>Los Azules<\/strong>&nbsp;de la empresa McEwen Copper es de casi 200.000 toneladas por a\u00f1o en los primeros 5.<\/p>\n\n\n\n<p>Este proyecto se encuentra en etapa de factibilidad. Una vez completada esa fase y asegurado el financiamiento, entrar\u00e1 en construcci\u00f3n y, reci\u00e9n despu\u00e9s de ello, en&nbsp;<strong>operaci\u00f3n minera<\/strong>.<\/p>\n\n\n\n<p>Si se cumplen los plazos previstos,&nbsp;<strong>PSJ Cobre Mendocino<\/strong>&nbsp;entrar\u00eda en factibilidad en 2026 y, al tener una escala menor, tras un a\u00f1o y medio de construcci\u00f3n ya podr\u00eda empezar a producir.<\/p>\n\n\n\n<h2 class=\"wp-block-heading\">El cobre, una oportunidad hist\u00f3rica para Mendoza<\/h2>\n\n\n\n<p>La actual crisis de oferta y la cr\u00edtica demanda global del\u00a0<strong>cobre<\/strong>\u00a0configuran una &#8220;oportunidad hist\u00f3rica&#8221; para la regi\u00f3n, seg\u00fan coinciden empresarios y funcionarios. Tanto Mendoza como San Juan poseen reservas de clase mundial de un insumo que se ha vuelto cr\u00edtico, tal como lo demuestra su creciente\u00a0cotizaci\u00f3n en los mercados internacionales.<\/p>\n\n\n\n<p>Para Mendoza, que hoy exporta cerca de $1.600 millones de d\u00f3lares anuales, el desarrollo minero del&nbsp;<strong>cobre<\/strong>&nbsp;podr\u00eda significar un salto del 30% en sus exportaciones.<\/p>\n\n\n\n<p>Sin embargo, para el director de&nbsp;<strong>Impulsa Mendoza<\/strong>, Sebasti\u00e1n Pi\u00f1a, el mayor atractivo de estas inversiones no son solo las divisas, sino el valor agregado local: la generaci\u00f3n de empleo genuino, el crecimiento de toda la cadena de valor proveedora y el consecuente aumento en el pago de contribuciones e Ingresos Brutos.<\/p>\n\n\n\n<p>Pi\u00f1a es enf\u00e1tico al se\u00f1alar la relevancia de la etapa inicial a la que Mendoza pretende llegar lo antes posible, con la puesta en marcha de PSJ Cobre Mendocino: &#8220;La regal\u00eda no se compara con la &#8216;ganancia&#8217; que se genera en la etapa de construcci\u00f3n de la\u00a0<strong>mina<\/strong>, que es el momento en el que las empresas mineras invierten mucho dinero de golpe&#8221;.<\/p>\n\n\n\n<p><strong>Fuente: www.diariouno.com.ar<\/strong><\/p>\n","protected":false},"excerpt":{"rendered":"<p>En medio de la Argentina Mining que, despu\u00e9s de 17 a\u00f1os, se celebraba nuevamente en Mendoza, el\u00a0precio del\u00a0cobre\u00a0alcanzaba un valor hist\u00f3rico de 11.200 d\u00f3lares por tonelada m\u00e9trica en la Bolsa de Metales de Londres \u2013 la London Metal Exchange-. Esta suba, sostenida en el \u00faltimo tiempo, no hizo m\u00e1s que ratificar que el&nbsp;cobre&nbsp;se posiciona como [&hellip;]<\/p>\n","protected":false},"author":2,"featured_media":15532,"comment_status":"open","ping_status":"open","sticky":false,"template":"","format":"standard","meta":[],"categories":[116],"tags":[],"_links":{"self":[{"href":"https:\/\/pasaenmendoza.com\/index.php?rest_route=\/wp\/v2\/posts\/15531"}],"collection":[{"href":"https:\/\/pasaenmendoza.com\/index.php?rest_route=\/wp\/v2\/posts"}],"about":[{"href":"https:\/\/pasaenmendoza.com\/index.php?rest_route=\/wp\/v2\/types\/post"}],"author":[{"embeddable":true,"href":"https:\/\/pasaenmendoza.com\/index.php?rest_route=\/wp\/v2\/users\/2"}],"replies":[{"embeddable":true,"href":"https:\/\/pasaenmendoza.com\/index.php?rest_route=%2Fwp%2Fv2%2Fcomments&post=15531"}],"version-history":[{"count":1,"href":"https:\/\/pasaenmendoza.com\/index.php?rest_route=\/wp\/v2\/posts\/15531\/revisions"}],"predecessor-version":[{"id":15533,"href":"https:\/\/pasaenmendoza.com\/index.php?rest_route=\/wp\/v2\/posts\/15531\/revisions\/15533"}],"wp:featuredmedia":[{"embeddable":true,"href":"https:\/\/pasaenmendoza.com\/index.php?rest_route=\/wp\/v2\/media\/15532"}],"wp:attachment":[{"href":"https:\/\/pasaenmendoza.com\/index.php?rest_route=%2Fwp%2Fv2%2Fmedia&parent=15531"}],"wp:term":[{"taxonomy":"category","embeddable":true,"href":"https:\/\/pasaenmendoza.com\/index.php?rest_route=%2Fwp%2Fv2%2Fcategories&post=15531"},{"taxonomy":"post_tag","embeddable":true,"href":"https:\/\/pasaenmendoza.com\/index.php?rest_route=%2Fwp%2Fv2%2Ftags&post=15531"}],"curies":[{"name":"wp","href":"https:\/\/api.w.org\/{rel}","templated":true}]}}