{"id":15534,"date":"2025-11-03T21:10:11","date_gmt":"2025-11-03T20:10:11","guid":{"rendered":"https:\/\/pasaenmendoza.com\/?p=15534"},"modified":"2025-11-03T21:10:13","modified_gmt":"2025-11-03T20:10:13","slug":"tren-de-cercanias-un-decreto-de-cornejo-avalo-el-avance-de-la-licitacion","status":"publish","type":"post","link":"https:\/\/pasaenmendoza.com\/?p=15534","title":{"rendered":"Tren de Cercan\u00edas: un decreto de Cornejo aval\u00f3 el avance de la licitaci\u00f3n"},"content":{"rendered":"\n<p>El\u00a0<strong>Tren de Cercan\u00edas<\/strong>, el nuevo medio de transporte que vendr\u00e1 a unir\u00a0<strong>San Mart\u00edn y Jun\u00edn con Maip\u00fa<\/strong>, dio un paso clave hacia su construcci\u00f3n. El gobernador\u00a0<strong>Alfredo Cornejo<\/strong>\u00a0firm\u00f3 el decreto que aprob\u00f3 la documentaci\u00f3n legal y t\u00e9cnica para que avance la licitaci\u00f3n.<\/p>\n\n\n\n<p>Ese&nbsp;<strong>tren de pasajeros<\/strong>&nbsp;tiene un presupuesto de&nbsp;$ 257.241.097.763,60&nbsp;y ser\u00e1 financiado con los fondos del<strong>&nbsp;Resarcimiento por la Promoci\u00f3n Industrial<\/strong>, previendo gastos repartidos entre los ejercicios financieros de este a\u00f1o, y del 2026 y el 2027.<\/p>\n\n\n\n<p>El decreto 2307 establece que la\u00a0<strong>construcci\u00f3n de la infraestructura<\/strong>\u00a0que exige tiene un plazo de ejecuci\u00f3n de un a\u00f1o y estar\u00e1 a cargo de la subsecretar\u00eda de Infraestructura que lidera Marit\u00e9 Badui.<\/p>\n\n\n\n<p>Hay que recordar que el proyecto que encabez\u00f3 el ministro de Gobierno Natalio Mema supone renovar 30 kil\u00f3metros de v\u00edas f\u00e9rreas para que ese tren logre ir desde la estaci\u00f3n de Libertador San Mart\u00edn, de la comuna hom\u00f3nima hasta la estaci\u00f3n General Guti\u00e9rrez, de Maip\u00fa, donde se conecta con el Metrotranv\u00eda.<\/p>\n\n\n\n<p>Adem\u00e1s incluye varias obras de&nbsp;<strong class=\"\">infraestructuras conexas&nbsp;<\/strong>y contempla la&nbsp;<strong class=\"\">adquisici\u00f3n del mismo tren<\/strong>&nbsp;dentro del periodo de ejecuci\u00f3n de la obra, lo cual requiri\u00f3 una modificaci\u00f3n en la proyecci\u00f3n presupuestaria.<\/p>\n\n\n\n<p>Est\u00e1 previsto que una 8&nbsp;<strong>estaciones<\/strong>: Libertador San Mart\u00edn, Palmira, Barcala, Fray Luis Beltr\u00e1n, Rodeo del Medio, General Ortega, Coquimbito y General Guti\u00e9rrez.<\/p>\n\n\n\n<figure class=\"wp-block-image\" id=\"1718402-Libre-1119659752_wrap\"><img decoding=\"async\" src=\"https:\/\/media.diariouno.com.ar\/p\/093e48ca8f3872d04291eeff9a19fe10\/adjuntos\/298\/imagenes\/009\/648\/0009648489\/1200x0\/smart\/estaciones-tren-cercanias-del-este.jpeg\" alt=\"\" title=\"\"\/><\/figure>\n\n\n\n<p>El llamado a licitaci\u00f3n del&nbsp;<strong>Tren de Cercan\u00edas del Este<\/strong>&nbsp;fue oficializado el pasado martes 28 de octubre. Los pliegos ya est\u00e1n publicados y la apertura de sobres tiene fecha para el 26 de noviembre.<\/p>\n\n\n\n<h2 class=\"wp-block-heading\">C\u00f3mo se prev\u00e9 costear la obra del Tren de Cercan\u00edas<\/h2>\n\n\n\n<p>Seg\u00fan el decreto que se public\u00f3 en el Bolet\u00edn Oficial este lunes, el gasto que supone la obra completa del&nbsp;<strong>Tren de Cercan\u00edas<\/strong>&nbsp;se dividi\u00f3 en tres ejercicios financieros:<\/p>\n\n\n\n<ul>\n<li><strong class=\"\">2025&nbsp;<\/strong>$10.000.000,00 Gastos Generales de Obra<\/li>\n\n\n\n<li><strong class=\"\">2026&nbsp;<\/strong>$ 233.630.024.047,20 Obra B\u00e1sica y Variaciones de Precios<\/li>\n\n\n\n<li><strong class=\"\">2027<\/strong>$ 23.601.073.716,40Obra B\u00e1sica y Variaciones de Precios<\/li>\n\n\n\n<li><strong class=\"\">Total 2025\/2027$ 257.241.097.763,60<\/strong><\/li>\n<\/ul>\n\n\n\n<p><strong>Fuente: www.diariouno.com.ar<\/strong><\/p>\n","protected":false},"excerpt":{"rendered":"<p>El\u00a0Tren de Cercan\u00edas, el nuevo medio de transporte que vendr\u00e1 a unir\u00a0San Mart\u00edn y Jun\u00edn con Maip\u00fa, dio un paso clave hacia su construcci\u00f3n. El gobernador\u00a0Alfredo Cornejo\u00a0firm\u00f3 el decreto que aprob\u00f3 la documentaci\u00f3n legal y t\u00e9cnica para que avance la licitaci\u00f3n. Ese&nbsp;tren de pasajeros&nbsp;tiene un presupuesto de&nbsp;$ 257.241.097.763,60&nbsp;y ser\u00e1 financiado con los fondos del&nbsp;Resarcimiento por [&hellip;]<\/p>\n","protected":false},"author":2,"featured_media":15535,"comment_status":"open","ping_status":"open","sticky":false,"template":"","format":"standard","meta":[],"categories":[47],"tags":[],"_links":{"self":[{"href":"https:\/\/pasaenmendoza.com\/index.php?rest_route=\/wp\/v2\/posts\/15534"}],"collection":[{"href":"https:\/\/pasaenmendoza.com\/index.php?rest_route=\/wp\/v2\/posts"}],"about":[{"href":"https:\/\/pasaenmendoza.com\/index.php?rest_route=\/wp\/v2\/types\/post"}],"author":[{"embeddable":true,"href":"https:\/\/pasaenmendoza.com\/index.php?rest_route=\/wp\/v2\/users\/2"}],"replies":[{"embeddable":true,"href":"https:\/\/pasaenmendoza.com\/index.php?rest_route=%2Fwp%2Fv2%2Fcomments&post=15534"}],"version-history":[{"count":1,"href":"https:\/\/pasaenmendoza.com\/index.php?rest_route=\/wp\/v2\/posts\/15534\/revisions"}],"predecessor-version":[{"id":15537,"href":"https:\/\/pasaenmendoza.com\/index.php?rest_route=\/wp\/v2\/posts\/15534\/revisions\/15537"}],"wp:featuredmedia":[{"embeddable":true,"href":"https:\/\/pasaenmendoza.com\/index.php?rest_route=\/wp\/v2\/media\/15535"}],"wp:attachment":[{"href":"https:\/\/pasaenmendoza.com\/index.php?rest_route=%2Fwp%2Fv2%2Fmedia&parent=15534"}],"wp:term":[{"taxonomy":"category","embeddable":true,"href":"https:\/\/pasaenmendoza.com\/index.php?rest_route=%2Fwp%2Fv2%2Fcategories&post=15534"},{"taxonomy":"post_tag","embeddable":true,"href":"https:\/\/pasaenmendoza.com\/index.php?rest_route=%2Fwp%2Fv2%2Ftags&post=15534"}],"curies":[{"name":"wp","href":"https:\/\/api.w.org\/{rel}","templated":true}]}}