{"id":15536,"date":"2025-11-03T21:13:24","date_gmt":"2025-11-03T20:13:24","guid":{"rendered":"https:\/\/pasaenmendoza.com\/?p=15536"},"modified":"2025-11-03T21:13:25","modified_gmt":"2025-11-03T20:13:25","slug":"quienes-son-los-dos-condenados-por-el-crimen-de-la-mujer-que-quedo-en-medio-de-un-tiroteo-narco","status":"publish","type":"post","link":"https:\/\/pasaenmendoza.com\/?p=15536","title":{"rendered":"Qui\u00e9nes son los dos condenados por el crimen de la mujer que qued\u00f3 en medio de un tiroteo narco"},"content":{"rendered":"\n<p>V\u00edctor Daniel Castro Serrano y Mariano Valdivia fueron condenados este lunes durante la ma\u00f1ana por el homicidio de\u00a0<strong>Isabel Morales<\/strong>, la mujer de 63 a\u00f1os que\u00a0muri\u00f3 en marzo del a\u00f1o pasado tras recibir un disparo en la cabeza en el barrio Covitedyc\u00a0de Godoy Cruz, mientras dos bandas se enfrentaban a tiros en plena madrugada.\u00a0<strong>Ambos reconocieron su responsabilidad y aceptaron las penas en un juicio abreviado.<\/strong><\/p>\n\n\n\n<p>La jueza Mariana Gardey homolog\u00f3 el acuerdo alcanzado entre la defensa y la fiscal de Homicidios Florencia D\u00edaz Peralta.\u00a0<strong>Castro Serrano y Valdivia<\/strong>\u00a0recibieron una condena de tres a\u00f1os y medio de prisi\u00f3n por homicidio en ri\u00f1a, aunque este \u00faltimo termin\u00f3 con una pena unificada de cinco a\u00f1os por causas anteriores (ten\u00eda otra de dos a\u00f1os y medio).<\/p>\n\n\n\n<p>El crimen ocurri\u00f3 la madrugada del 2 de marzo,&nbsp;<strong>cuando Morales sali\u00f3 de su casa para hacer una compra y qued\u00f3 en medio de un tiroteo entre grupos vinculados a la guerra narco que por aquellos d\u00edas sacud\u00eda al oeste de Godoy Cruz<\/strong>. La mujer fue alcanzada por un proyectil calibre 9 mil\u00edmetros y muri\u00f3 en el acto, tal como revel\u00f3<em><strong>&nbsp;El Sol<\/strong><\/em>&nbsp;por aquellos d\u00edas.<\/p>\n\n\n\n<p>De acuerdo con la investigaci\u00f3n, Castro Serrano abri\u00f3 fuego desde una motocicleta conducida por Valdivia, en el marco de un enfrentamiento entre las facciones lideradas por Miguel \u00c1ngel \u201c<em><strong>Pollo<\/strong><\/em>\u201d Valdivia y Alan \u201c<em><strong>Farolito<\/strong><\/em>\u201d Campos Forquera, ambos se\u00f1alados como jefes delictivos en el asentamiento Campo Papa.\u00a0<strong>El propio \u201cPollo\u201d Valdivia fue asesinado a balazos apenas cuatro d\u00edas despu\u00e9s del crimen de Morales<\/strong>.<\/p>\n\n\n\n<p>Las pericias bal\u00edsticas determinaron que el arma usada en el homicidio era la misma que hab\u00eda sido empleada meses antes en otro tiroteo dentro del mismo barrio, lo que permiti\u00f3 reforzar la acusaci\u00f3n contra Castro Serrano.&nbsp;<strong>Testigos y un familiar tambi\u00e9n lo ubicaron en la escena del crimen.<\/strong><\/p>\n\n\n\n<p>Tras la detenci\u00f3n de ambos sospechosos, el caso fue elevado a juicio y los dos reconocieron su participaci\u00f3n en el tiroteo que termin\u00f3 con la vida de la mujer inocente.<\/p>\n\n\n\n<p><strong>Fuente: www.elsol.com.ar<\/strong><\/p>\n","protected":false},"excerpt":{"rendered":"<p>V\u00edctor Daniel Castro Serrano y Mariano Valdivia fueron condenados este lunes durante la ma\u00f1ana por el homicidio de\u00a0Isabel Morales, la mujer de 63 a\u00f1os que\u00a0muri\u00f3 en marzo del a\u00f1o pasado tras recibir un disparo en la cabeza en el barrio Covitedyc\u00a0de Godoy Cruz, mientras dos bandas se enfrentaban a tiros en plena madrugada.\u00a0Ambos reconocieron su [&hellip;]<\/p>\n","protected":false},"author":2,"featured_media":15540,"comment_status":"open","ping_status":"open","sticky":false,"template":"","format":"standard","meta":[],"categories":[48],"tags":[],"_links":{"self":[{"href":"https:\/\/pasaenmendoza.com\/index.php?rest_route=\/wp\/v2\/posts\/15536"}],"collection":[{"href":"https:\/\/pasaenmendoza.com\/index.php?rest_route=\/wp\/v2\/posts"}],"about":[{"href":"https:\/\/pasaenmendoza.com\/index.php?rest_route=\/wp\/v2\/types\/post"}],"author":[{"embeddable":true,"href":"https:\/\/pasaenmendoza.com\/index.php?rest_route=\/wp\/v2\/users\/2"}],"replies":[{"embeddable":true,"href":"https:\/\/pasaenmendoza.com\/index.php?rest_route=%2Fwp%2Fv2%2Fcomments&post=15536"}],"version-history":[{"count":1,"href":"https:\/\/pasaenmendoza.com\/index.php?rest_route=\/wp\/v2\/posts\/15536\/revisions"}],"predecessor-version":[{"id":15541,"href":"https:\/\/pasaenmendoza.com\/index.php?rest_route=\/wp\/v2\/posts\/15536\/revisions\/15541"}],"wp:featuredmedia":[{"embeddable":true,"href":"https:\/\/pasaenmendoza.com\/index.php?rest_route=\/wp\/v2\/media\/15540"}],"wp:attachment":[{"href":"https:\/\/pasaenmendoza.com\/index.php?rest_route=%2Fwp%2Fv2%2Fmedia&parent=15536"}],"wp:term":[{"taxonomy":"category","embeddable":true,"href":"https:\/\/pasaenmendoza.com\/index.php?rest_route=%2Fwp%2Fv2%2Fcategories&post=15536"},{"taxonomy":"post_tag","embeddable":true,"href":"https:\/\/pasaenmendoza.com\/index.php?rest_route=%2Fwp%2Fv2%2Ftags&post=15536"}],"curies":[{"name":"wp","href":"https:\/\/api.w.org\/{rel}","templated":true}]}}