{"id":15538,"date":"2025-11-03T21:14:20","date_gmt":"2025-11-03T20:14:20","guid":{"rendered":"https:\/\/pasaenmendoza.com\/?p=15538"},"modified":"2025-11-03T21:14:21","modified_gmt":"2025-11-03T20:14:21","slug":"imputaron-a-la-mujer-de-82-anos-por-el-accidente-donde-murio-un-chico-y-quedo-con-arresto-domiciliario","status":"publish","type":"post","link":"https:\/\/pasaenmendoza.com\/?p=15538","title":{"rendered":"Imputaron a la mujer de 82 a\u00f1os por el accidente donde muri\u00f3 un chico y qued\u00f3 con arresto domiciliario"},"content":{"rendered":"\n<p>La investigaci\u00f3n penal por el\u00a0<strong>accidente<\/strong>\u00a0vial donde muri\u00f3 un adolescente de 13 a\u00f1os en las inmediaciones del\u00a0<strong>Parque<\/strong>\u00a0<strong>General San Mart\u00edn<\/strong>\u00a0tuvo su primer paso importante. La Fiscal\u00eda decidi\u00f3 imputar a la mujer de 82 a\u00f1os que conduc\u00eda el veh\u00edculo con el cual atropell\u00f3 a\u00a0<strong>Fausto Morcos<\/strong>\u00a0y a un amigo suyo, quien todav\u00eda est\u00e1 internado en delicado estado de salud. La acusada continuar\u00e1 con arresto domiciliario.<\/p>\n\n\n\n<p>El fiscal de Tr\u00e1nsito, Fernando Giunta, notific\u00f3 a Mar\u00eda Amelia Albina sobre la acusaci\u00f3n que ahora pesa en su contra. La conductora del&nbsp;<strong>accidente<\/strong>&nbsp;fue imputada por homicidio culposo agravado por cruzar un sem\u00e1foro en rojo y lesiones graves culposas. De esta forma, arriesga una potencial condena de entre&nbsp;<strong>3 y 6 a\u00f1os de prisi\u00f3n<\/strong>.<\/p>\n\n\n\n<p>Tal como ven\u00eda ocurriendo desde que ocurri\u00f3 el\u00a0<strong>accidente<\/strong>\u00a0en la\u00a0<strong>Quinta Secci\u00f3n,<\/strong>\u00a0la mujer continuar\u00e1 arrestada pero en su domicilio, debido a su edad y condiciones de salud, seg\u00fan confirmaron fuentes judiciales.<\/p>\n\n\n\n<p>Los investigadores est\u00e1n esperando el informe de Polic\u00eda Cient\u00edfica para determinar puntos importantes sobre la mec\u00e1nica del&nbsp;<strong>accidente,<\/strong>&nbsp;sobre todo respecto a la velocidad a la que iba circulando la mujer.<\/p>\n\n\n\n<p>Mientras tanto, el otro adolescente que fue atropellado en el&nbsp;<strong>accidente<\/strong>&nbsp;contin\u00faa internado en el Hospital Notti en una sala de terapia intensiva, conectado a un respirador artificial, por lo que su estado de salud es delicado.<\/p>\n\n\n\n<h2 class=\"wp-block-heading\">El accidente en la Quinta Secci\u00f3n<\/h2>\n\n\n\n<p>El tr\u00e1gico&nbsp;<strong>accidente<\/strong>&nbsp;ocurri\u00f3 en horas del mediod\u00eda del s\u00e1bado pasado en las inmediaciones del&nbsp;<strong>parque San Mart\u00edn<\/strong>. Seg\u00fan la primera reconstrucci\u00f3n del hecho, dos j\u00f3venes de 13 a\u00f1os se encontraban cruzando la calle Boulogne Sur Mer, a la altura del cruce con Clark. Lo hac\u00edan por la senda peatonal y en direcci\u00f3n al oeste, aprovechando que el sem\u00e1foro estaba en rojo y les daba el paso.<\/p>\n\n\n\n<p>Por motivos que hasta ahora no est\u00e1n claros, fueron impactados por un auto VW Up color blanco que pr\u00e1cticamente no fren\u00f3. La violencia del\u00a0<strong>accidente<\/strong>\u00a0fue tal que\u00a0<strong>Fausto Morcos,<\/strong>\u00a0jugador de futsal y estudiante del CUC, perdi\u00f3 la vida en el lugar del hecho por graves lesiones que sufri\u00f3 en su cabeza.<\/p>\n\n\n\n<p><strong>Fuente: www.diariouno.com.ar<\/strong><\/p>\n","protected":false},"excerpt":{"rendered":"<p>La investigaci\u00f3n penal por el\u00a0accidente\u00a0vial donde muri\u00f3 un adolescente de 13 a\u00f1os en las inmediaciones del\u00a0Parque\u00a0General San Mart\u00edn\u00a0tuvo su primer paso importante. La Fiscal\u00eda decidi\u00f3 imputar a la mujer de 82 a\u00f1os que conduc\u00eda el veh\u00edculo con el cual atropell\u00f3 a\u00a0Fausto Morcos\u00a0y a un amigo suyo, quien todav\u00eda est\u00e1 internado en delicado estado de salud. [&hellip;]<\/p>\n","protected":false},"author":2,"featured_media":15539,"comment_status":"open","ping_status":"open","sticky":false,"template":"","format":"standard","meta":[],"categories":[60],"tags":[],"_links":{"self":[{"href":"https:\/\/pasaenmendoza.com\/index.php?rest_route=\/wp\/v2\/posts\/15538"}],"collection":[{"href":"https:\/\/pasaenmendoza.com\/index.php?rest_route=\/wp\/v2\/posts"}],"about":[{"href":"https:\/\/pasaenmendoza.com\/index.php?rest_route=\/wp\/v2\/types\/post"}],"author":[{"embeddable":true,"href":"https:\/\/pasaenmendoza.com\/index.php?rest_route=\/wp\/v2\/users\/2"}],"replies":[{"embeddable":true,"href":"https:\/\/pasaenmendoza.com\/index.php?rest_route=%2Fwp%2Fv2%2Fcomments&post=15538"}],"version-history":[{"count":1,"href":"https:\/\/pasaenmendoza.com\/index.php?rest_route=\/wp\/v2\/posts\/15538\/revisions"}],"predecessor-version":[{"id":15542,"href":"https:\/\/pasaenmendoza.com\/index.php?rest_route=\/wp\/v2\/posts\/15538\/revisions\/15542"}],"wp:featuredmedia":[{"embeddable":true,"href":"https:\/\/pasaenmendoza.com\/index.php?rest_route=\/wp\/v2\/media\/15539"}],"wp:attachment":[{"href":"https:\/\/pasaenmendoza.com\/index.php?rest_route=%2Fwp%2Fv2%2Fmedia&parent=15538"}],"wp:term":[{"taxonomy":"category","embeddable":true,"href":"https:\/\/pasaenmendoza.com\/index.php?rest_route=%2Fwp%2Fv2%2Fcategories&post=15538"},{"taxonomy":"post_tag","embeddable":true,"href":"https:\/\/pasaenmendoza.com\/index.php?rest_route=%2Fwp%2Fv2%2Ftags&post=15538"}],"curies":[{"name":"wp","href":"https:\/\/api.w.org\/{rel}","templated":true}]}}