{"id":15543,"date":"2025-11-03T21:21:39","date_gmt":"2025-11-03T20:21:39","guid":{"rendered":"https:\/\/pasaenmendoza.com\/?p=15543"},"modified":"2025-11-03T21:21:40","modified_gmt":"2025-11-03T20:21:40","slug":"la-dge-ajusta-el-reglamento-y-suma-todo-el-recorrido-escolar-para-elegir-abanderados-de-primaria","status":"publish","type":"post","link":"https:\/\/pasaenmendoza.com\/?p=15543","title":{"rendered":"La DGE ajusta el reglamento y suma todo el recorrido escolar para elegir abanderados de Primaria"},"content":{"rendered":"\n<p>La Direcci\u00f3n General de Escuelas (<strong>DGE<\/strong>) aprob\u00f3 el reglamento para la elecci\u00f3n de alumnos que ser\u00e1n abanderados y escoltas de las banderas nacional y provincial de Primaria durante el ciclo lectivo 2026. Las condiciones contemplan a los estudiantes de escuelas de gesti\u00f3n estatal y privada.<\/p>\n\n\n\n<p>El reglamento actual contiene un cambio trascendental respecto del que rigi\u00f3 para la elecci\u00f3n de abanderados de este a\u00f1o: para el puntaje total, ahora se incorpora la&nbsp;<strong>Unidad Pedag\u00f3gica<\/strong>&nbsp;1\u00b0 y 2\u00b0 grado, que hab\u00eda sido excluida para los&nbsp;<strong>abanderados<\/strong>&nbsp;2025.<\/p>\n\n\n\n<p>Los\u00a0<strong>requisitos de elegibilidad<\/strong>\u00a0para los estudiantes de\u00a0<strong>sexto grado<\/strong>\u00a0incluyen criterios acad\u00e9micos y de convivencia. Con el cambio aplicable desde este a\u00f1o, el proceso de tabulaci\u00f3n de puntajes considera las calificaciones desde la Unidad Pedag\u00f3gica (1\u00ba y 2\u00ba grado) hasta sexto grado, y la conducta, con requisitos m\u00ednimos estrictos para la participaci\u00f3n.<\/p>\n\n\n\n<p><strong>Para la designaci\u00f3n<\/strong>&nbsp;de los portadores de ambas&nbsp;<strong>banderas<\/strong>&nbsp;se establece un orden de m\u00e9rito. El reglamento tambi\u00e9n prev\u00e9 que, en caso de empate, se definir\u00e1 mediante sorteo.<\/p>\n\n\n\n<h2 class=\"wp-block-heading\">Para el promedio de los abanderados 2026, se contar\u00e1n notas desde primer grado<\/h2>\n\n\n\n<p>El cambio en los grados considerados para el puntaje total de cada uno de los alumnos, es el m\u00e1s significativo que hay entre el reglamento del a\u00f1o pasado y el que se conoci\u00f3 este lunes.<\/p>\n\n\n\n<p>En el 2024, cuando la&nbsp;<strong>DGE<\/strong>&nbsp;estableci\u00f3 las normas para la elecci\u00f3n de abanderados de este a\u00f1o, no se tuvo en cuenta para la tabulaci\u00f3n la Unidad Pedag\u00f3gica (1\u00b0 y 2\u00b0 grado), ya que esta correspond\u00eda al a\u00f1o 2020 y estaba exceptuada debido a la pandemia de&nbsp;<strong>Covid-19<\/strong>. La tabulaci\u00f3n comenzaba oficialmente en tercer grado.<\/p>\n\n\n\n<p>Ahora, espec\u00edficamente, se establece que ya s\u00ed se tendr\u00e1n en cuenta primer y segundo grado, aunque a\u00fan como&nbsp;<strong>Unidad Pedag\u00f3gica<\/strong>&nbsp;correspondiente al 2021.<\/p>\n\n\n\n<h2 class=\"wp-block-heading\">Cu\u00e1les son los requisitos para ser abanderado, seg\u00fan la DGE<\/h2>\n\n\n\n<p>Los requisitos que la&nbsp;<strong>DGE<\/strong>&nbsp;dispone para la elecci\u00f3n de abanderados y escoltas son acad\u00e9micos y de conducta.<\/p>\n\n\n\n<p>No podr\u00e1n participar&nbsp;<strong>estudiantes<\/strong>&nbsp;que hubieran permanecido o repetido alg\u00fan a\u00f1o del Nivel Primario.<\/p>\n\n\n\n<p>Y se exige haber obtenido una&nbsp;<strong>calificaci\u00f3n<\/strong>&nbsp;m\u00ednima de 7<strong><\/strong>&nbsp;en cada espacio curricular a considerar en el \u00faltimo a\u00f1o a tabular.<\/p>\n\n\n\n<p>Respecto de la conducta, para ser postulante a la bandera, los&nbsp;<strong>alumnos<\/strong>&nbsp;deben haber obtenido \u201cbueno\u201d, como m\u00ednimo, en cada uno de los tres informes respecto a&nbsp;<strong>Normas de Convivencia<\/strong>, en el \u00faltimo a\u00f1o a tabular.<\/p>\n\n\n\n<h2 class=\"wp-block-heading\">Puntuaci\u00f3n M\u00ednima y M\u00e1xima por grado<\/h2>\n\n\n\n<p>La&nbsp;<strong>DGE<\/strong>&nbsp;tambi\u00e9n dej\u00f3 establecido que se determinar\u00e1 el rendimiento escolar de cada alumno por la suma de las valoraciones de los a\u00f1os considerados. Y detalla la puntuaci\u00f3n m\u00e1xima y m\u00ednima requerida en los espacios curriculares para cada grado a tabular:<\/p>\n\n\n\n<p><strong>Segundo Grado<\/strong>: espacios curriculares: seis (6); m\u00e1ximo: sesenta (60) puntos, m\u00ednimo: cuarenta y dos (42) puntos.<\/p>\n\n\n\n<p><strong>Tercer grado<\/strong>: espacios curriculares: seis (6); m\u00e1ximo: sesenta (60) puntos, m\u00ednimo: cuarenta y dos (42) puntos.<\/p>\n\n\n\n<p><strong>Cuarto, Quinto y Sexto grado<\/strong>:<\/p>\n\n\n\n<ul>\n<li>4\u00b0 y 5\u00ba espacios curriculares: siete (7): m\u00e1ximo: setenta (70) puntos; m\u00ednimo cuarenta y nueve (49) puntos.<\/li>\n\n\n\n<li>6\u00ba espacios curriculares: ocho (8): m\u00e1ximo: ochenta (80) puntos; m\u00ednimo cincuenta y seis (56) puntos<\/li>\n<\/ul>\n\n\n\n<p>En la suma de los promedios se tendr\u00e1n en cuenta los cent\u00e9simos, si los hubiera.<\/p>\n\n\n\n<p>En la nota sobre&nbsp;<strong>Educaci\u00f3n Art\u00edstica<\/strong>, corresponder\u00e1 considerar dos (2) espacios curriculares en tercero, cuarto, quinto y sexto grado.<\/p>\n\n\n\n<h2 class=\"wp-block-heading\">Valoraci\u00f3n de Normas de Convivencia en el reglamento de la DGE<\/h2>\n\n\n\n<p>El respeto a las Normas de Convivencia se valora considerando las calificaciones obtenidas en los tres informes de sexto grado o del \u00faltimo grado tabulado en escuelas de organizaci\u00f3n incompleta.<\/p>\n\n\n\n<ul>\n<li><strong>Calificaci\u00f3n m\u00ednima requerida:<\/strong>&nbsp;\u201cbueno\u201d en cada uno de los tres informes.<\/li>\n\n\n\n<li><strong>Escala de puntuaci\u00f3n:<\/strong><\/li>\n<\/ul>\n\n\n\n<p><strong>MUY BUENO (MB):<\/strong>&nbsp;tres (3) puntos.<\/p>\n\n\n\n<p><strong>BUENO (B):<\/strong>&nbsp;un (1) punto.<\/p>\n\n\n\n<ul>\n<li><strong>Puntaje m\u00e1ximo y m\u00ednimo:<\/strong>&nbsp;se otorga un puntaje m\u00e1ximo de nueve (9) puntos y un m\u00ednimo de tres (3) puntos.<\/li>\n<\/ul>\n\n\n\n<h2 class=\"wp-block-heading\">Por qu\u00e9 un abanderado podr\u00eda perder la bandera, seg\u00fan el reglamento de la DGE<\/h2>\n\n\n\n<p>La portaci\u00f3n de los atributos nacionales y provinciales es un honor que debe respetarse con la presencia de los estudiantes distinguidos en cada oportunidad que les sea requerida, debiendo justificar en tiempo y forma el motivo que impida la asistencia, establece el reglamento 2025 de la&nbsp;<strong>DGE<\/strong>.<\/p>\n\n\n\n<p>Ese honor de haber resultado distinguido como&nbsp;<strong>abanderado<\/strong>&nbsp;y\/o escolta puede perderse. Pero seg\u00fan la norma publicada este lunes, eso solo suceder\u00e1 cuando existiere un \u201cinforme\u201d referido a un&nbsp;<strong>desempe\u00f1o acad\u00e9mico negativo<\/strong>&nbsp;y\/o inobservancia de las normas de&nbsp;<strong>convivencia escolar<\/strong>, con previa intervenci\u00f3n del Equipo de la Direcci\u00f3n de Acompa\u00f1amiento Escolar (DAE).<\/p>\n\n\n\n<p>\u201cEl informe resultar\u00e1 de una valoraci\u00f3n acordada entre todos los docentes a cargo de los estudiantes en el\u00a0<strong>ciclo lectivo 2026<\/strong>, con intervenci\u00f3n del equipo directivo e inspecci\u00f3n\u201d, estableci\u00f3 la\u00a0<strong>DGE<\/strong>.<\/p>\n\n\n\n<p><strong>Fuente: www.diariouno.com.ar<\/strong><\/p>\n","protected":false},"excerpt":{"rendered":"<p>La Direcci\u00f3n General de Escuelas (DGE) aprob\u00f3 el reglamento para la elecci\u00f3n de alumnos que ser\u00e1n abanderados y escoltas de las banderas nacional y provincial de Primaria durante el ciclo lectivo 2026. Las condiciones contemplan a los estudiantes de escuelas de gesti\u00f3n estatal y privada. El reglamento actual contiene un cambio trascendental respecto del que [&hellip;]<\/p>\n","protected":false},"author":2,"featured_media":15544,"comment_status":"open","ping_status":"open","sticky":false,"template":"","format":"standard","meta":[],"categories":[121],"tags":[],"_links":{"self":[{"href":"https:\/\/pasaenmendoza.com\/index.php?rest_route=\/wp\/v2\/posts\/15543"}],"collection":[{"href":"https:\/\/pasaenmendoza.com\/index.php?rest_route=\/wp\/v2\/posts"}],"about":[{"href":"https:\/\/pasaenmendoza.com\/index.php?rest_route=\/wp\/v2\/types\/post"}],"author":[{"embeddable":true,"href":"https:\/\/pasaenmendoza.com\/index.php?rest_route=\/wp\/v2\/users\/2"}],"replies":[{"embeddable":true,"href":"https:\/\/pasaenmendoza.com\/index.php?rest_route=%2Fwp%2Fv2%2Fcomments&post=15543"}],"version-history":[{"count":1,"href":"https:\/\/pasaenmendoza.com\/index.php?rest_route=\/wp\/v2\/posts\/15543\/revisions"}],"predecessor-version":[{"id":15545,"href":"https:\/\/pasaenmendoza.com\/index.php?rest_route=\/wp\/v2\/posts\/15543\/revisions\/15545"}],"wp:featuredmedia":[{"embeddable":true,"href":"https:\/\/pasaenmendoza.com\/index.php?rest_route=\/wp\/v2\/media\/15544"}],"wp:attachment":[{"href":"https:\/\/pasaenmendoza.com\/index.php?rest_route=%2Fwp%2Fv2%2Fmedia&parent=15543"}],"wp:term":[{"taxonomy":"category","embeddable":true,"href":"https:\/\/pasaenmendoza.com\/index.php?rest_route=%2Fwp%2Fv2%2Fcategories&post=15543"},{"taxonomy":"post_tag","embeddable":true,"href":"https:\/\/pasaenmendoza.com\/index.php?rest_route=%2Fwp%2Fv2%2Ftags&post=15543"}],"curies":[{"name":"wp","href":"https:\/\/api.w.org\/{rel}","templated":true}]}}